{"id":2229,"date":"2020-01-06T15:45:08","date_gmt":"2020-01-06T17:45:08","guid":{"rendered":"http:\/\/www.colorado.com.br\/nosdacolorado\/?p=2229"},"modified":"2020-01-07T10:30:16","modified_gmt":"2020-01-07T12:30:16","slug":"credcol-aplicativo-coopmobile-sera-desativado-a-partir-do-primeiro-dia-de-2020","status":"publish","type":"post","link":"https:\/\/www.colorado.com.br\/nosdacolorado\/credcol-aplicativo-coopmobile-sera-desativado-a-partir-do-primeiro-dia-de-2020\/","title":{"rendered":"CREDCOL &#8211; Aplicativo Coopmobile ser\u00e1 desativado a partir  do primeiro dia de 2020"},"content":{"rendered":"<p>A Credcol informa que a partir do dia 01\/01\/2020 o aplicativo Coopmobile ser\u00e1 desativado. Um novo aplicativo ser\u00e1 oferecido gratuitamente aos associados para consultas eletr\u00f4nicas de saldos, atualiza\u00e7\u00e3o cadastral, simula\u00e7\u00f5es e contra\u00e7\u00e3o de empr\u00e9stimos.<br \/>\nA descontinuidade do uso do aplicativo Coopmobile foi uma determina\u00e7\u00e3o da Central das Cooperativas do Estado de S\u00e3o Paulo &#8211; Sicoob Cecresp que disponibilizar\u00e1 acesso a um novo aplicativo padr\u00e3o a todas as cooperativas da marca Sicoob<br \/>\n\u201cEm breve informaremos aos associados o novo aplicativo Mobile. Pedimos desculpas pelo transtorno e contamos com a compreens\u00e3o de todos\u201d, afirma Jos\u00e9 Eduardo Paterra.<\/p>\n","protected":false},"excerpt":{"rendered":"<p>A Credcol informa que a partir do dia 01\/01\/2020 o aplicativo Coopmobile ser\u00e1 desativado. Um novo aplicativo ser\u00e1 oferecido gratuitamente aos associados para consultas eletr\u00f4nicas de saldos, atualiza\u00e7\u00e3o cadastral, simula\u00e7\u00f5es&#8230;<\/p>\n","protected":false},"author":2,"featured_media":2230,"comment_status":"open","ping_status":"open","sticky":false,"template":"","format":"standard","meta":{"footnotes":""},"categories":[10],"tags":[],"class_list":{"0":"post-2229","1":"post","2":"type-post","3":"status-publish","4":"format-standard","5":"has-post-thumbnail","7":"category-credcol"},"_links":{"self":[{"href":"https:\/\/www.colorado.com.br\/nosdacolorado\/wp-json\/wp\/v2\/posts\/2229","targetHints":{"allow":["GET"]}}],"collection":[{"href":"https:\/\/www.colorado.com.br\/nosdacolorado\/wp-json\/wp\/v2\/posts"}],"about":[{"href":"https:\/\/www.colorado.com.br\/nosdacolorado\/wp-json\/wp\/v2\/types\/post"}],"author":[{"embeddable":true,"href":"https:\/\/www.colorado.com.br\/nosdacolorado\/wp-json\/wp\/v2\/users\/2"}],"replies":[{"embeddable":true,"href":"https:\/\/www.colorado.com.br\/nosdacolorado\/wp-json\/wp\/v2\/comments?post=2229"}],"version-history":[{"count":1,"href":"https:\/\/www.colorado.com.br\/nosdacolorado\/wp-json\/wp\/v2\/posts\/2229\/revisions"}],"predecessor-version":[{"id":2231,"href":"https:\/\/www.colorado.com.br\/nosdacolorado\/wp-json\/wp\/v2\/posts\/2229\/revisions\/2231"}],"wp:featuredmedia":[{"embeddable":true,"href":"https:\/\/www.colorado.com.br\/nosdacolorado\/wp-json\/wp\/v2\/media\/2230"}],"wp:attachment":[{"href":"https:\/\/www.colorado.com.br\/nosdacolorado\/wp-json\/wp\/v2\/media?parent=2229"}],"wp:term":[{"taxonomy":"category","embeddable":true,"href":"https:\/\/www.colorado.com.br\/nosdacolorado\/wp-json\/wp\/v2\/categories?post=2229"},{"taxonomy":"post_tag","embeddable":true,"href":"https:\/\/www.colorado.com.br\/nosdacolorado\/wp-json\/wp\/v2\/tags?post=2229"}],"curies":[{"name":"wp","href":"https:\/\/api.w.org\/{rel}","templated":true}]}}