{"id":22454,"date":"2024-02-28T11:12:55","date_gmt":"2024-02-28T14:12:55","guid":{"rendered":"https:\/\/www.colorado.com.br\/nosdacolorado\/?p=22454"},"modified":"2024-02-28T11:13:39","modified_gmt":"2024-02-28T14:13:39","slug":"quanto-tempo-dura-um-canal-no-dente-dentista-esclarece","status":"publish","type":"post","link":"https:\/\/www.colorado.com.br\/nosdacolorado\/quanto-tempo-dura-um-canal-no-dente-dentista-esclarece\/","title":{"rendered":"Quanto tempo dura um canal no dente? Dentista esclarece"},"content":{"rendered":"<p style=\"text-align: center;\"><img loading=\"lazy\" decoding=\"async\" class=\"aligncenter size-full wp-image-22455\" src=\"https:\/\/www.colorado.com.br\/nosdacolorado\/wp-content\/uploads\/2024\/02\/dente.jpg\" alt=\"\" width=\"600\" height=\"370\" srcset=\"https:\/\/www.colorado.com.br\/nosdacolorado\/wp-content\/uploads\/2024\/02\/dente.jpg 600w, https:\/\/www.colorado.com.br\/nosdacolorado\/wp-content\/uploads\/2024\/02\/dente-300x185.jpg 300w\" sizes=\"auto, (max-width: 600px) 100vw, 600px\" \/>Dor, mau h\u00e1lito e sensibilidade com alimentos gelados s\u00e3o alguns dos sinais de desgaste do canal no dente<\/p>\n<p>O canal no dente envolve a remo\u00e7\u00e3o da polpa \u2014 tecido que fica dentro do dente e se estende at\u00e9 a raiz, seguido de limpeza e selagem do local. Isso \u00e9 feito quando a polpa est\u00e1 comprometida por infec\u00e7\u00e3o, exposi\u00e7\u00e3o ou trauma. Apesar deste ser um procedimento eficaz e seguro, quem faz pode ficar com a d\u00favida: quanto tempo dura um canal no dente?<\/p>\n<p>A dentista Giovanna Zanini Rodrigues explica que existem alguns fatores que podem influenciar diretamente na dura\u00e7\u00e3o do tratamento endod\u00f4ntico.<\/p>\n<p>\u201cA dura\u00e7\u00e3o depende muito do diagn\u00f3stico. Quando a polpa est\u00e1 em um quadro de pulpite irrevers\u00edvel ou necrose pulpar, que \u00e9 quando a polpa est\u00e1 necrosada e a inflama\u00e7\u00e3o j\u00e1 gerou les\u00e3o no osso, por exemplo, o canal no dente pode precisar de mais revis\u00f5es\u201d<\/p>\n<p><strong>Quando \u00e9 necess\u00e1rio fazer um canal no dente?<br \/>\n<\/strong>Existe uma s\u00e9rie de motivos que podem levar algu\u00e9m a precisar realizar um canal no dente. Dentre os mais comuns, est\u00e3o:<\/p>\n<ul>\n<li>C\u00e1ries profundas, que entram em contato com a polpa dent\u00e1ria<\/li>\n<li>Traumas dentais, como quedas e impactos fortes<\/li>\n<li>Fraturas que deixam a polpa exposta ao meio bucal<\/li>\n<li>Infec\u00e7\u00f5es recorrentes na raiz do dente<\/li>\n<li>Desgaste excessivo devido a h\u00e1bitos como bruxismo<\/li>\n<\/ul>\n<p>\u201cH\u00e1 tamb\u00e9m o canal com finalidade prot\u00e9tica, quando, por algum motivo, o dente necessita realizar um procedimento de canal para que o tratamento restaurador seja conclu\u00eddo. Isto ocorre em dentes que v\u00e3o receber blocos muito pr\u00f3ximos \u00e0 polpa e \u00e9 feito de forma opcional\u201d, complementa Giovanna.<\/p>\n<p><strong>Quando o canal no dente precisa de manuten\u00e7\u00e3o?<\/strong><br \/>\nPara evitar poss\u00edveis complica\u00e7\u00f5es com o tratamento endod\u00f4ntico, \u00e9 fundamental dar aten\u00e7\u00e3o aos sinais e sintomas de desgaste do canal. Os principais s\u00e3o:<\/p>\n<ul>\n<li>Inc\u00f4modo ao se alimentar<\/li>\n<li>Dor persistente<\/li>\n<li>Sensibilidade ao consumir alimentos gelados ou quentes<\/li>\n<li>Presen\u00e7a de abscesso dent\u00e1rio<\/li>\n<li>Mudan\u00e7a de cor na coroa do dente<\/li>\n<li>Cheiro ou gosto ruim na boca<\/li>\n<\/ul>\n<p>Zanini salienta que \u00e9 de extrema import\u00e2ncia manter as consultas com um dentista regularmente, de prefer\u00eancia a cada seis meses, mesmo sem a presen\u00e7a dos sintomas.<\/p>\n<p>Isso pode garantir que a sa\u00fade bucal fique em dia e minimizar as chances do desenvolvimento de condi\u00e7\u00f5es mais graves.<\/p>\n<p><strong>Quanto dura um canal no dente?<\/strong><br \/>\nA dura\u00e7\u00e3o de um canal no dente pode variar de pessoa para pessoa. Os h\u00e1bitos de vida do paciente, como o dente est\u00e1 inserido no osso e in\u00fameras outras condi\u00e7\u00f5es podem influenciar na conserva\u00e7\u00e3o do tratamento. Giovanna Zanini explica que, em condi\u00e7\u00f5es ideais, o esperado \u00e9 que o tratamento de canal dificilmente tenha problema e dure pelo resto da vida.<\/p>\n<p>\u201cUma forma de preservar a vida \u00fatil do canal no dente \u00e9 sempre consultar o dentista, n\u00e3o postergar tratamentos de c\u00e1ries pequenas \u2014 pois podem crescer e gerar um quadro pass\u00edvel de canal, manter uma boa higiene bucal e sempre manter a aten\u00e7\u00e3o aos sinais que o dente d\u00e1\u201d, finaliza a dentista.<\/p>\n<p><em>Fonte: https:\/\/www.minhavida.com.br\/<\/em><\/p>\n","protected":false},"excerpt":{"rendered":"<p>Dor, mau h\u00e1lito e sensibilidade com alimentos gelados s\u00e3o alguns dos sinais de desgaste do canal no dente O canal no dente envolve a remo\u00e7\u00e3o da polpa \u2014 tecido que&#8230;<\/p>\n","protected":false},"author":1,"featured_media":22455,"comment_status":"closed","ping_status":"open","sticky":false,"template":"","format":"standard","meta":{"footnotes":""},"categories":[9],"tags":[],"class_list":{"0":"post-22454","1":"post","2":"type-post","3":"status-publish","4":"format-standard","5":"has-post-thumbnail","7":"category-saude-e-seguranca"},"_links":{"self":[{"href":"https:\/\/www.colorado.com.br\/nosdacolorado\/wp-json\/wp\/v2\/posts\/22454","targetHints":{"allow":["GET"]}}],"collection":[{"href":"https:\/\/www.colorado.com.br\/nosdacolorado\/wp-json\/wp\/v2\/posts"}],"about":[{"href":"https:\/\/www.colorado.com.br\/nosdacolorado\/wp-json\/wp\/v2\/types\/post"}],"author":[{"embeddable":true,"href":"https:\/\/www.colorado.com.br\/nosdacolorado\/wp-json\/wp\/v2\/users\/1"}],"replies":[{"embeddable":true,"href":"https:\/\/www.colorado.com.br\/nosdacolorado\/wp-json\/wp\/v2\/comments?post=22454"}],"version-history":[{"count":2,"href":"https:\/\/www.colorado.com.br\/nosdacolorado\/wp-json\/wp\/v2\/posts\/22454\/revisions"}],"predecessor-version":[{"id":22457,"href":"https:\/\/www.colorado.com.br\/nosdacolorado\/wp-json\/wp\/v2\/posts\/22454\/revisions\/22457"}],"wp:featuredmedia":[{"embeddable":true,"href":"https:\/\/www.colorado.com.br\/nosdacolorado\/wp-json\/wp\/v2\/media\/22455"}],"wp:attachment":[{"href":"https:\/\/www.colorado.com.br\/nosdacolorado\/wp-json\/wp\/v2\/media?parent=22454"}],"wp:term":[{"taxonomy":"category","embeddable":true,"href":"https:\/\/www.colorado.com.br\/nosdacolorado\/wp-json\/wp\/v2\/categories?post=22454"},{"taxonomy":"post_tag","embeddable":true,"href":"https:\/\/www.colorado.com.br\/nosdacolorado\/wp-json\/wp\/v2\/tags?post=22454"}],"curies":[{"name":"wp","href":"https:\/\/api.w.org\/{rel}","templated":true}]}}