{"id":22458,"date":"2024-02-28T11:17:13","date_gmt":"2024-02-28T14:17:13","guid":{"rendered":"https:\/\/www.colorado.com.br\/nosdacolorado\/?p=22458"},"modified":"2024-02-28T11:17:13","modified_gmt":"2024-02-28T14:17:13","slug":"diabetes-descompensada-5-sintomas-para-prestar-atencao","status":"publish","type":"post","link":"https:\/\/www.colorado.com.br\/nosdacolorado\/diabetes-descompensada-5-sintomas-para-prestar-atencao\/","title":{"rendered":"Diabetes descompensada: 5 sintomas para prestar aten\u00e7\u00e3o"},"content":{"rendered":"<p style=\"text-align: center;\"><img loading=\"lazy\" decoding=\"async\" class=\"aligncenter size-full wp-image-22459\" src=\"https:\/\/www.colorado.com.br\/nosdacolorado\/wp-content\/uploads\/2024\/02\/diabetes-1.jpg\" alt=\"\" width=\"600\" height=\"375\" srcset=\"https:\/\/www.colorado.com.br\/nosdacolorado\/wp-content\/uploads\/2024\/02\/diabetes-1.jpg 600w, https:\/\/www.colorado.com.br\/nosdacolorado\/wp-content\/uploads\/2024\/02\/diabetes-1-300x188.jpg 300w\" sizes=\"auto, (max-width: 600px) 100vw, 600px\" \/>Perda de peso e cansa\u00e7o podem indicar o descontrole das taxas de glicemia<\/p>\n<p>A diabetes descompensada ou descontrolada ocorre quando os valores de glicemia permanecem elevados por um longo per\u00edodo. Ela pode se desenvolver em pacientes que n\u00e3o sabem que t\u00eam a doen\u00e7a ou que n\u00e3o realizam o tratamento de forma adequada.<\/p>\n<p class=\"editor-paragraph\">Por ser uma condi\u00e7\u00e3o silenciosa, as altas taxas de glicose normalmente s\u00e3o diagnosticadas apenas quando o paciente j\u00e1 apresenta alguma complica\u00e7\u00e3o grave. Por isso, o MinhaVida reuniu\u00a0<b>5 sintomas de diabetes descompensada\u00a0<\/b>para prestar aten\u00e7\u00e3o e evitar problemas mais s\u00e9rios. Confira!<\/p>\n<h3 class=\"editor-header-2\">5 sintomas de diabetes descompensada<\/h3>\n<p class=\"editor-paragraph\">De acordo com a endocrinologista Lorena Lima Amato, as manifesta\u00e7\u00f5es de diabetes descontrolada podem variar em cada paciente. No entanto, entre as mais comuns a especialista cita:<\/p>\n<h3 class=\"editor-header-2\">1. Vontade frequente de urinar<\/h3>\n<p class=\"editor-paragraph\">Em quadros de diabetes \u00e9 comum que o paciente sinta vontade de\u00a0urinar frequentemente, tendo a necessidade de ir ao banheiro diversas vezes durante a noite. \u201cNo caso de crian\u00e7as, \u00e0s vezes as que j\u00e1 sa\u00edram das fraldas voltam a fazer xixi na cama devido a esse volume\u201d, informa Lorena. Isso ocorre pois o organismo encontra na urina um meio de se livrar do excesso de glicose presente no sangue.<\/p>\n<h3 class=\"editor-header-2\">2. Sede excessiva<\/h3>\n<p class=\"editor-paragraph\">Por conta da perda de l\u00edquido constante devido \u00e0 mic\u00e7\u00e3o frequente, a pessoa com diabetes descompensada pode ter\u00a0sede em excesso\u00a0e sentir a necessidade de beber muita \u00e1gua ou l\u00edquidos no geral.<\/p>\n<h3 class=\"editor-header-2\">3. Aumento do apetite<\/h3>\n<p class=\"editor-paragraph\">O\u00a0aumento do apetite\u00a0\u00e9 outro sintoma que est\u00e1 relacionado \u00e0 diabetes descompensada. O paciente pode sentir muita fome que, mesmo se alimentando, n\u00e3o cessa. Isso ocorre devido \u00e0 falta de efici\u00eancia das c\u00e9lulas em captar a glicose e pelo esfor\u00e7o que o organismo est\u00e1 fazendo para eliminar o a\u00e7\u00facar excessivo.<\/p>\n<h3 class=\"editor-header-2\">4. Perda de peso<\/h3>\n<p class=\"editor-paragraph\">Apesar do aumento de apetite, o paciente com diabetes descompensada pode\u00a0<a href=\"https:\/\/www.minhavida.com.br\/saude\/temas\/perda-de-peso-nao-intencional\">perder peso<\/a>. Devido \u00e0 falta de insulina, o corpo apresenta dificuldade em reter gordura e produzir m\u00fasculos. \u201cA glicose est\u00e1 ficando s\u00f3 no sangue, n\u00e3o est\u00e1 nutrindo as c\u00e9lulas, que est\u00e3o famintas e doentes\u201d, explica a end\u00f3crina.<\/p>\n<h3 class=\"editor-header-2\">5. Mal-estar geral<\/h3>\n<p class=\"editor-paragraph\">O paciente tamb\u00e9m pode apresentar mal-estar geral, com epis\u00f3dios de\u00a0<a href=\"https:\/\/www.minhavida.com.br\/saude\/temas\/tontura\">tontura<\/a>,\u00a0<a href=\"https:\/\/www.minhavida.com.br\/saude\/temas\/nausea-e-vomitos\">n\u00e1usea<\/a>,\u00a0<a href=\"https:\/\/www.minhavida.com.br\/saude\/temas\/sudorese\">sudorese<\/a>,\u00a0<a href=\"https:\/\/www.minhavida.com.br\/saude\/temas\/sonolencia\">sonol\u00eancia<\/a>\u00a0e\u00a0<a href=\"https:\/\/www.minhavida.com.br\/saude\/temas\/fadiga\">fadiga<\/a>\u00a0intensa. O motivo \u00e9 que, devido \u00e0 diabetes, as c\u00e9lulas n\u00e3o conseguem receber glicose suficiente para produzir energia ao corpo.<\/p>\n<h3 class=\"editor-header-2\">Quando buscar ajuda m\u00e9dica?<\/h3>\n<p class=\"editor-paragraph\">\u00c9 importante que o paciente esteja atento e busque orienta\u00e7\u00e3o m\u00e9dica ao notar qualquer sintoma incomum, principalmente os que j\u00e1 foram diagnosticados com diabetes. \u201cMuitas altera\u00e7\u00f5es do diabetes ficam assintom\u00e1ticas por anos e, quando os sintomas aparecem, j\u00e1 est\u00e3o em est\u00e1gio avan\u00e7ado da doen\u00e7a. Por isso \u00e9 importante estar sempre no controle, em consultas regulares com o endocrinologista e ter um acompanhamento de perto\u201d, orienta Amato.<\/p>\n<p><em>Fonte: https:\/\/www.minhavida.com.br\/<\/em><\/p>\n","protected":false},"excerpt":{"rendered":"<p>Perda de peso e cansa\u00e7o podem indicar o descontrole das taxas de glicemia A diabetes descompensada ou descontrolada ocorre quando os valores de glicemia permanecem elevados por um longo per\u00edodo&#8230;.<\/p>\n","protected":false},"author":1,"featured_media":22459,"comment_status":"closed","ping_status":"open","sticky":false,"template":"","format":"standard","meta":{"footnotes":""},"categories":[9],"tags":[],"class_list":{"0":"post-22458","1":"post","2":"type-post","3":"status-publish","4":"format-standard","5":"has-post-thumbnail","7":"category-saude-e-seguranca"},"_links":{"self":[{"href":"https:\/\/www.colorado.com.br\/nosdacolorado\/wp-json\/wp\/v2\/posts\/22458","targetHints":{"allow":["GET"]}}],"collection":[{"href":"https:\/\/www.colorado.com.br\/nosdacolorado\/wp-json\/wp\/v2\/posts"}],"about":[{"href":"https:\/\/www.colorado.com.br\/nosdacolorado\/wp-json\/wp\/v2\/types\/post"}],"author":[{"embeddable":true,"href":"https:\/\/www.colorado.com.br\/nosdacolorado\/wp-json\/wp\/v2\/users\/1"}],"replies":[{"embeddable":true,"href":"https:\/\/www.colorado.com.br\/nosdacolorado\/wp-json\/wp\/v2\/comments?post=22458"}],"version-history":[{"count":1,"href":"https:\/\/www.colorado.com.br\/nosdacolorado\/wp-json\/wp\/v2\/posts\/22458\/revisions"}],"predecessor-version":[{"id":22460,"href":"https:\/\/www.colorado.com.br\/nosdacolorado\/wp-json\/wp\/v2\/posts\/22458\/revisions\/22460"}],"wp:featuredmedia":[{"embeddable":true,"href":"https:\/\/www.colorado.com.br\/nosdacolorado\/wp-json\/wp\/v2\/media\/22459"}],"wp:attachment":[{"href":"https:\/\/www.colorado.com.br\/nosdacolorado\/wp-json\/wp\/v2\/media?parent=22458"}],"wp:term":[{"taxonomy":"category","embeddable":true,"href":"https:\/\/www.colorado.com.br\/nosdacolorado\/wp-json\/wp\/v2\/categories?post=22458"},{"taxonomy":"post_tag","embeddable":true,"href":"https:\/\/www.colorado.com.br\/nosdacolorado\/wp-json\/wp\/v2\/tags?post=22458"}],"curies":[{"name":"wp","href":"https:\/\/api.w.org\/{rel}","templated":true}]}}