{"id":22464,"date":"2024-02-29T15:54:28","date_gmt":"2024-02-29T18:54:28","guid":{"rendered":"https:\/\/www.colorado.com.br\/nosdacolorado\/?p=22464"},"modified":"2024-02-29T15:54:28","modified_gmt":"2024-02-29T18:54:28","slug":"adolescente-de-16-anos-morre-5-dias-apos-ser-internado-com-dengue-na-cidade-de-sp-prefeitura-ainda-nao-confirma-causa","status":"publish","type":"post","link":"https:\/\/www.colorado.com.br\/nosdacolorado\/adolescente-de-16-anos-morre-5-dias-apos-ser-internado-com-dengue-na-cidade-de-sp-prefeitura-ainda-nao-confirma-causa\/","title":{"rendered":"Adolescente de 16 anos morre 5 dias ap\u00f3s ser internado com dengue na cidade de SP; prefeitura ainda n\u00e3o confirma causa"},"content":{"rendered":"<p><img loading=\"lazy\" decoding=\"async\" class=\"aligncenter size-full wp-image-22337\" src=\"https:\/\/www.colorado.com.br\/nosdacolorado\/wp-content\/uploads\/2024\/02\/dengue.jpg\" alt=\"\" width=\"600\" height=\"331\" srcset=\"https:\/\/www.colorado.com.br\/nosdacolorado\/wp-content\/uploads\/2024\/02\/dengue.jpg 600w, https:\/\/www.colorado.com.br\/nosdacolorado\/wp-content\/uploads\/2024\/02\/dengue-300x166.jpg 300w\" sizes=\"auto, (max-width: 600px) 100vw, 600px\" \/><\/p>\n<p class=\"content-head__subtitle\" style=\"text-align: center;\">Na capital, s\u00e3o mais de 25 mil casos confirmados da doen\u00e7a; duas mortes foram confirmadas e outras 27 s\u00e3o investigadas. No estado, s\u00e3o 22 \u00f3bitos confirmados e 119 em investiga\u00e7\u00e3o. Covisa diz que prefeitura avalia relat\u00f3rios e amostra do Instituto Adolfo Lutz para registrar caso.<\/p>\n<p>Um adolescente de 16 anos morreu com sintomas de dengue cinco dias depois de ser internado em um hospital na cidade de S\u00e3o Paulo.<\/p>\n<p>Embora a prefeitura da capital e o governo de S\u00e3o Paulo n\u00e3o confirmem oficialmente, a declara\u00e7\u00e3o de \u00f3bito de Jo\u00e3o Victor Biassi diz que o jovem morreu pelas seguintes causas: choque n\u00e3o especificado, insufici\u00eancia respirat\u00f3ria aguda, febre hemorr\u00e1gica devido ao v\u00edrus da dengue e obesidade.<\/p>\n<p>A fam\u00edlia, que vive em Guarulhos, procurou o Hospital Municipal Pimentas Bonsucesso, no munic\u00edpio da Grande S\u00e3o Paulo, mas n\u00e3o conseguiu atendimento.<\/p>\n<p>\u201cN\u00e3o fomos atendidos. A\u00ed, a gente veio pra casa, tomou outro banho, dei janta pra ele e fui pro Parque Paulistano, que \u00e9 a UPA perto de casa&#8221;, contou Fernanda Biassi, m\u00e3e de Jo\u00e3o.<\/p>\n<p>\u201cNa quinta \u00e0 noite, ele veio para casa da minha m\u00e3e e disse que estava com gripe. Na sexta de manh\u00e3, foi trabalhar com muita dor, falou que tinha muita dor nas pernas, na barriga e de cabe\u00e7a. Ele ligou pra mim e disse que precisava ir para casa porque estava ruim\u201d.<\/p>\n<p>A m\u00e3e, ent\u00e3o, procurou o Hospital Tide Setubal, da rede municipal da cidade de S\u00e3o Paulo. Ele foi internado, intubado, mas na ter\u00e7a-feira (27) n\u00e3o resistiu e morreu.<\/p>\n<p>\u201cL\u00e1 ele foi atendido e fez o teste r\u00e1pido de dengue e j\u00e1 deu na hora que era dengue. Passaram medica\u00e7\u00e3o, dipirona e paracetamol porque ele estava tendo muita febre, 40\u00baC, a\u00ed ele foi para casa. A gente ficou s\u00e1bado normal, almo\u00e7ou, jantou, conversou um pouco. Quando foi no domingo, umas 6h da manh\u00e3, ele levantou e disse que estava vomitando sangue\u201d<\/p>\n<p>A prefeitura de Guarulhos informou que Jo\u00e3o esteve no hospital no dia 23, mas que, quando chegou sua vez no atendimento, a fam\u00edlia j\u00e1 havia ido embora. A m\u00e3e conta que saiu mais de 5 horas depois de chegar \u00e0 unidade.<\/p>\n<p>A Secretaria Municipal da Sa\u00fade (SMS), por meio da Coordenadoria de Vigil\u00e2ncia em Sa\u00fade (Covisa), informou que realiza a investiga\u00e7\u00e3o detalhada de cada caso de \u00f3bito suspeito por dengue na capital paulista, seguindo as diretrizes do Minist\u00e9rio da Sa\u00fade (MS).<\/p>\n<div id=\"chunk-830cf\">\n<div class=\"mc-column content-text active-extra-styles\" data-block-type=\"raw\" data-block-weight=\"5\" data-block-id=\"20\">\n<div class=\"content-intertitle\">\n<h3>N\u00famero da dengue em SP<\/h3>\n<\/div>\n<\/div>\n<\/div>\n<div id=\"chunk-fhgtl\">\n<div class=\"mc-column content-text active-extra-styles \" data-block-type=\"unstyled\" data-block-weight=\"34\" data-block-id=\"21\">\n<p class=\" content-text__container \" data-track-category=\"Link no Texto\" data-track-links=\"\">A morte de Jo\u00e3o ainda n\u00e3o est\u00e1 na conta oficial do estado, que j\u00e1 soma 22 \u00f3bitos pela doen\u00e7a neste ano. Em m\u00e9dia, por dia, quase 1,9 mil pegam a doen\u00e7a em SP.<\/p>\n<\/div>\n<\/div>\n<div id=\"chunk-e599a\">\n<div class=\"mc-column content-text active-extra-styles \" data-block-type=\"unstyled\" data-block-weight=\"44\" data-block-id=\"22\">\n<p class=\" content-text__container \" data-track-category=\"Link no Texto\" data-track-links=\"\">Em todo o estado, desde o in\u00edcio de 2023, 1.878 novos casos de dengue s\u00e3o confirmados por dia, em m\u00e9dia. De acordo com os dados divulgados pelo painel de monitoramento da dengue, j\u00e1 s\u00e3o mais de 110 mil casos confirmados em S\u00e3o Paulo.<\/p>\n<div id=\"chunk-54al5\">\n<div class=\"mc-column content-text active-extra-styles\" data-block-type=\"raw\" data-block-weight=\"27\" data-block-id=\"24\">\n<ul class=\"content-unordered-list\">\n<li>22 pessoas morreram;<\/li>\n<li>119 \u00f3bitos est\u00e3o em investiga\u00e7\u00e3o;<\/li>\n<li>Na capital, s\u00e3o mais de 25 mil casos confirmados;<\/li>\n<li>2 mortes foram confirmadas e outras 27 est\u00e3o sendo investigadas.<\/li>\n<\/ul>\n<\/div>\n<\/div>\n<div id=\"chunk-72hs3\">\n<div class=\"mc-column content-text active-extra-styles \" data-block-type=\"unstyled\" data-block-weight=\"53\" data-block-id=\"25\">\n<p class=\" content-text__container \" data-track-category=\"Link no Texto\" data-track-links=\"\">Segundo a Covisa, a morte de Jo\u00e3o s\u00f3 deve entrar nas estat\u00edsticas oficiais em uma semana. O \u00f3rg\u00e3o diz que a prefeitura avalia os relat\u00f3rios m\u00e9dicos, exames realizados e aguarda resultado de amostra no Instituto Adolfo Lutz. Sobre demora, a gest\u00e3o municipal diz que h\u00e1 rela\u00e7\u00e3o com o Instituto Adolfo Lutz<\/p>\n<\/div>\n<\/div>\n<div id=\"chunk-fg4tp\">\n<div class=\"mc-column content-text active-extra-styles \" data-block-type=\"unstyled\" data-block-weight=\"90\" data-block-id=\"26\">\n<p class=\" content-text__container \" data-track-category=\"Link no Texto\" data-track-links=\"\">\u201cA notifica\u00e7\u00e3o, o registro de casos de dengue \u00e9 fundamental n\u00e3o s\u00f3 para o manejo adequado da doen\u00e7a, mas tamb\u00e9m para entendermos o perfil da doen\u00e7a que vem acontecendo em todo o pa\u00eds. O n\u00famero de casos, o tipo de v\u00edrus que est\u00e1 circulando, as maiores taxas de incid\u00eancia, ou seja, casos por 100 mil habitantes por cada regi\u00e3o, a letalidade, qual regi\u00e3o h\u00e1 mais mortos ou n\u00e3o. Tudo isso faz com que n\u00f3s tracemos em n\u00edvel federal as estrat\u00e9gias melhores de controle da doen\u00e7a&#8221;, explicou o infectologista Renato Kfouri.<\/p>\n<\/div>\n<\/div>\n<div id=\"chunk-a3b5m\">\n<div class=\"mc-column content-text active-extra-styles\" data-block-type=\"raw\" data-block-weight=\"7\" data-block-id=\"27\">\n<div class=\"content-intertitle\">\n<h3>O que diz a Prefeitura de SP<\/h3>\n<\/div>\n<\/div>\n<\/div>\n<div id=\"chunk-5pog8\">\n<div class=\"mc-column content-text active-extra-styles \" data-block-type=\"unstyled\" data-block-weight=\"7\" data-block-id=\"28\">\n<p class=\" content-text__container \" data-track-category=\"Link no Texto\" data-track-links=\"\">Em nota, a prefeitura da capital afirmou:<\/p>\n<\/div>\n<\/div>\n<div id=\"chunk-fchmc\">\n<div class=\"mc-column content-text active-extra-styles \" data-block-type=\"unstyled\" data-block-weight=\"60\" data-block-id=\"29\">\n<p class=\" content-text__container \" data-track-category=\"Link no Texto\" data-track-links=\"\"><em>&#8220;A Secretaria Municipal da Sa\u00fade (SMS), por meio da Coordenadoria de Vigil\u00e2ncia em Sa\u00fade (Covisa), realiza a investiga\u00e7\u00e3o detalhada de cada caso de \u00f3bito suspeito por dengue na capital paulista, seguindo as diretrizes do Minist\u00e9rio da Sa\u00fade (MS). O caso citado est\u00e1 sob investiga\u00e7\u00e3o epidemiol\u00f3gica, com amostra j\u00e1 encaminhada para o Instituto Adolfo Lutz (IAL). A pasta lamenta a perda.<\/em><\/p>\n<p data-track-category=\"Link no Texto\" data-track-links=\"\"><em>Fonte: G1<\/em><\/p>\n<\/div>\n<\/div>\n<\/div>\n<\/div>\n","protected":false},"excerpt":{"rendered":"<p>Na capital, s\u00e3o mais de 25 mil casos confirmados da doen\u00e7a; duas mortes foram confirmadas e outras 27 s\u00e3o investigadas. No estado, s\u00e3o 22 \u00f3bitos confirmados e 119 em investiga\u00e7\u00e3o&#8230;.<\/p>\n","protected":false},"author":1,"featured_media":22337,"comment_status":"closed","ping_status":"open","sticky":false,"template":"","format":"standard","meta":{"footnotes":""},"categories":[9],"tags":[],"class_list":{"0":"post-22464","1":"post","2":"type-post","3":"status-publish","4":"format-standard","5":"has-post-thumbnail","7":"category-saude-e-seguranca"},"_links":{"self":[{"href":"https:\/\/www.colorado.com.br\/nosdacolorado\/wp-json\/wp\/v2\/posts\/22464","targetHints":{"allow":["GET"]}}],"collection":[{"href":"https:\/\/www.colorado.com.br\/nosdacolorado\/wp-json\/wp\/v2\/posts"}],"about":[{"href":"https:\/\/www.colorado.com.br\/nosdacolorado\/wp-json\/wp\/v2\/types\/post"}],"author":[{"embeddable":true,"href":"https:\/\/www.colorado.com.br\/nosdacolorado\/wp-json\/wp\/v2\/users\/1"}],"replies":[{"embeddable":true,"href":"https:\/\/www.colorado.com.br\/nosdacolorado\/wp-json\/wp\/v2\/comments?post=22464"}],"version-history":[{"count":1,"href":"https:\/\/www.colorado.com.br\/nosdacolorado\/wp-json\/wp\/v2\/posts\/22464\/revisions"}],"predecessor-version":[{"id":22465,"href":"https:\/\/www.colorado.com.br\/nosdacolorado\/wp-json\/wp\/v2\/posts\/22464\/revisions\/22465"}],"wp:featuredmedia":[{"embeddable":true,"href":"https:\/\/www.colorado.com.br\/nosdacolorado\/wp-json\/wp\/v2\/media\/22337"}],"wp:attachment":[{"href":"https:\/\/www.colorado.com.br\/nosdacolorado\/wp-json\/wp\/v2\/media?parent=22464"}],"wp:term":[{"taxonomy":"category","embeddable":true,"href":"https:\/\/www.colorado.com.br\/nosdacolorado\/wp-json\/wp\/v2\/categories?post=22464"},{"taxonomy":"post_tag","embeddable":true,"href":"https:\/\/www.colorado.com.br\/nosdacolorado\/wp-json\/wp\/v2\/tags?post=22464"}],"curies":[{"name":"wp","href":"https:\/\/api.w.org\/{rel}","templated":true}]}}