{"id":22476,"date":"2024-03-01T10:59:12","date_gmt":"2024-03-01T13:59:12","guid":{"rendered":"https:\/\/www.colorado.com.br\/nosdacolorado\/?p=22476"},"modified":"2024-03-01T10:59:12","modified_gmt":"2024-03-01T13:59:12","slug":"remedio-para-gripe-forte-veja-o-que-e-melhor-tomar","status":"publish","type":"post","link":"https:\/\/www.colorado.com.br\/nosdacolorado\/remedio-para-gripe-forte-veja-o-que-e-melhor-tomar\/","title":{"rendered":"Rem\u00e9dio para gripe forte: veja o que \u00e9 melhor tomar"},"content":{"rendered":"<p style=\"text-align: center;\"><img loading=\"lazy\" decoding=\"async\" class=\"aligncenter size-full wp-image-22477\" src=\"https:\/\/www.colorado.com.br\/nosdacolorado\/wp-content\/uploads\/2024\/03\/sono.jpg\" alt=\"\" width=\"600\" height=\"377\" srcset=\"https:\/\/www.colorado.com.br\/nosdacolorado\/wp-content\/uploads\/2024\/03\/sono.jpg 600w, https:\/\/www.colorado.com.br\/nosdacolorado\/wp-content\/uploads\/2024\/03\/sono-300x189.jpg 300w\" sizes=\"auto, (max-width: 600px) 100vw, 600px\" \/>Os sintomas da gripe forte devem ser observados a fim de evitar complica\u00e7\u00f5es; saiba quando buscar ajuda m\u00e9dica<\/p>\n<p>O uso de rem\u00e9dios para gripe forte \u00e9 uma das formas de tratamento da condi\u00e7\u00e3o provocada pelo v\u00edrus Influenza. A condi\u00e7\u00e3o se manifesta de forma repentina com sintomas como congest\u00e3o nasal, espirros, tosse e febre.<\/p>\n<p>Apesar de ser uma doen\u00e7a relativamente simples, a gripe demanda aten\u00e7\u00e3o ao se apresentar em uma forma mais forte, podendo evoluir para quadros de pneumonia e problemas respirat\u00f3rios. Conhe\u00e7a as principais op\u00e7\u00f5es de rem\u00e9dio para gripe forte e entenda quando buscar ajuda m\u00e9dica!<\/p>\n<p>Principais rem\u00e9dios para gripe forte<br \/>\nDe acordo com Igor Marinho, infectologista na Rede de Hospitais S\u00e3o Camilo de S\u00e3o Paulo, os rem\u00e9dios para gripe forte que s\u00e3o frequentemente prescritos s\u00e3o:<\/p>\n<p><strong>1. Analg\u00e9sicos e antit\u00e9rmicos<\/strong><br \/>\nOs analg\u00e9sicos s\u00e3o medicamentos utilizados para o al\u00edvio de qualquer tipo de dor, como dor de cabe\u00e7a e dor muscular. J\u00e1 os antit\u00e9rmicos combatem a febre. Alguns dos mais comuns s\u00e3o:<\/p>\n<ul>\n<li>Paracetamol<\/li>\n<li>Dipirona<\/li>\n<li>Ibuprofeno<\/li>\n<\/ul>\n<p><strong>2. Antial\u00e9rgicos<\/strong><br \/>\nOs antial\u00e9rgicos podem ser utilizados como rem\u00e9dio para gripe forte onde o paciente apresenta sintomas como coriza, espirros e coceiras nos olhos. Entre os mais prescritos est\u00e3o:<\/p>\n<ul>\n<li>Loratadina<\/li>\n<li>Desloratadina<\/li>\n<li>Cetirizina<\/li>\n<\/ul>\n<p><strong>3. Expectorantes<\/strong><br \/>\nOs expectorantes podem ser indicados para pacientes que apresentem tosse com catarro. O medicamento auxilia na elimina\u00e7\u00e3o das secre\u00e7\u00f5es. Entre os recomendados est\u00e3o:<\/p>\n<ul>\n<li>Guaifenesina<\/li>\n<li>Bromofeniramina<\/li>\n<\/ul>\n<p><strong>4. Antivirais<\/strong><\/p>\n<p>Em alguns quadros de gripe forte, o m\u00e9dico pode prescrever o uso de antivirais que aceleram a recupera\u00e7\u00e3o. \u201cGeralmente indicado para grupos de risco ou pessoas com tend\u00eancia a desenvolver s\u00edndromes respirat\u00f3rias mais graves\u201d, informa Marinho.<\/p>\n<p>De acordo com o infectologista, o Oseltamivir, tamb\u00e9m conhecido como Tamiflu, \u00e9 a op\u00e7\u00e3o indicada.<\/p>\n<p><strong>5. Descongestionantes nasais<\/strong><br \/>\nOs descongestionantes ajudam a aliviar a congest\u00e3o nasal, facilitando a respira\u00e7\u00e3o. Entre os indicados est\u00e3o:<\/p>\n<ul>\n<li>Pseudoefedrina<\/li>\n<li>Fenilefrina<\/li>\n<\/ul>\n<p><strong>Quando buscar ajuda m\u00e9dica?<\/strong><br \/>\n\u00c9 importante buscar ajuda m\u00e9dica ao notar que os sintomas n\u00e3o apresentam melhora ou quando surgem novas manifesta\u00e7\u00f5es. \u201cPara quadros que se estendam por mais do que 5 dias, sintomas que n\u00e3o melhorem com sintom\u00e1ticos simples (medicamentos que tratam v\u00e1rios sintomas), ou na presen\u00e7a de sintomas como falta de ar, sonol\u00eancia excessiva, queda da press\u00e3o arterial ou febre alta persistente, assist\u00eancia m\u00e9dica deve ser procurada\u201d, orienta Igor Marinho.<\/p>\n<p><strong><em>Refer\u00eancias<\/em><\/strong><br \/>\nANVISA. Paracetamol &#8211; comprimido simples. 2022. Dispon\u00edvel em: &lt;https:\/\/consultas.anvisa.gov.br\/#\/bulario\/detalhe\/1352512?nomeProduto=Paracetamol&gt;. Acesso em 20 fev 2024<\/p>\n<p>ANVISA. Dipirona monoidratada &#8211; comprimido simples. 2022. Dispon\u00edvel em: &lt;https:\/\/consultas.anvisa.gov.br\/#\/bulario\/detalhe\/3525679?nomeProduto=dipirona%20monoidratada&gt;. Acesso em 20 fev 2024<\/p>\n<p>ANVISA. Ibuprofeno &#8211; suspens\u00e3o oral.. 2008. Dispon\u00edvel em: &lt;https:\/\/consultas.anvisa.gov.br\/#\/bulario\/detalhe\/577943?nomeProduto=IBUPROFENO&gt;. Acesso em 20 fev 2024<\/p>\n<p>ANVISA. Loratadina &#8211; xarope. 2021. Dispon\u00edvel em: &lt;https:\/\/consultas.anvisa.gov.br\/#\/bulario\/detalhe\/571022?nomeProduto=Loratadina&gt; Acesso em 20 fev 2024<\/p>\n<p>ANVISA. DESLORATADINA &#8211; xarope. 2022. Dispon\u00edvel em: &lt;https:\/\/consultas.anvisa.gov.br\/#\/bulario\/detalhe\/1015438?nomeProduto=DESLORATADINA&gt; Acesso em 20 fev 2024<\/p>\n<p>ANVISA. DICLORIDRATO DE CETIRIZINA &#8211; solu\u00e7\u00e3o oral. 2003. Dispon\u00edvel em: &lt;https:\/\/consultas.anvisa.gov.br\/#\/bulario\/detalhe\/171767?nomeProduto=DICLORIDRATO%20DE%20CETIRIZINA&gt; Acesso em 20 fev 2024<\/p>\n<p>ANVISA. GUAIFENESINA &#8211; xarope. 2022. Dispon\u00edvel em: &lt;https:\/\/consultas.anvisa.gov.br\/#\/bulario\/detalhe\/811494?nomeProduto=GUAIFENESINA&gt; Acesso em 20 fev 2024<\/p>\n<p>ANVISA. Maleato de bronfeniramina + cloridrato de fenilefrina &#8211; xarope. 2023. Dispon\u00edvel em: &lt;https:\/\/consultas.anvisa.gov.br\/#\/bulario\/detalhe\/2585871?nomeProduto=maleato%20de%20bronfeniramina%20%2B%20cloridrato%20de%20fenilefrina&gt; Acesso em 20 fev 2024<\/p>\n<p>ANVISA. Fosfato de Oseltamivir &#8211; c\u00e1psula dura. 2022. Dispon\u00edvel em: &lt;https:\/\/consultas.anvisa.gov.br\/#\/bulario\/detalhe\/1312513?nomeProduto=fosfato%20de%20oseltamivir&gt;. Acesso em 20 fev 2024<\/p>\n<p>ANVISA. TYLENOL SINUS &#8211; comprimido revestido. 2023. Dispon\u00edvel em: &lt;https:\/\/consultas.anvisa.gov.br\/#\/medicamentos\/25351464493202358\/&gt;. Acesso em 20 fev 2024<\/p>\n<p>ANVISA. Decongex &#8211; xarope. 2022. Dispon\u00edvel em: &lt;https:\/\/consultas.anvisa.gov.br\/#\/bulario\/detalhe\/5484?nomeProduto=DECONGEX&gt;. Acesso em 20 fev 2024<\/p>\n","protected":false},"excerpt":{"rendered":"<p>Os sintomas da gripe forte devem ser observados a fim de evitar complica\u00e7\u00f5es; saiba quando buscar ajuda m\u00e9dica O uso de rem\u00e9dios para gripe forte \u00e9 uma das formas de&#8230;<\/p>\n","protected":false},"author":1,"featured_media":22477,"comment_status":"closed","ping_status":"open","sticky":false,"template":"","format":"standard","meta":{"footnotes":""},"categories":[9],"tags":[],"class_list":{"0":"post-22476","1":"post","2":"type-post","3":"status-publish","4":"format-standard","5":"has-post-thumbnail","7":"category-saude-e-seguranca"},"_links":{"self":[{"href":"https:\/\/www.colorado.com.br\/nosdacolorado\/wp-json\/wp\/v2\/posts\/22476","targetHints":{"allow":["GET"]}}],"collection":[{"href":"https:\/\/www.colorado.com.br\/nosdacolorado\/wp-json\/wp\/v2\/posts"}],"about":[{"href":"https:\/\/www.colorado.com.br\/nosdacolorado\/wp-json\/wp\/v2\/types\/post"}],"author":[{"embeddable":true,"href":"https:\/\/www.colorado.com.br\/nosdacolorado\/wp-json\/wp\/v2\/users\/1"}],"replies":[{"embeddable":true,"href":"https:\/\/www.colorado.com.br\/nosdacolorado\/wp-json\/wp\/v2\/comments?post=22476"}],"version-history":[{"count":1,"href":"https:\/\/www.colorado.com.br\/nosdacolorado\/wp-json\/wp\/v2\/posts\/22476\/revisions"}],"predecessor-version":[{"id":22478,"href":"https:\/\/www.colorado.com.br\/nosdacolorado\/wp-json\/wp\/v2\/posts\/22476\/revisions\/22478"}],"wp:featuredmedia":[{"embeddable":true,"href":"https:\/\/www.colorado.com.br\/nosdacolorado\/wp-json\/wp\/v2\/media\/22477"}],"wp:attachment":[{"href":"https:\/\/www.colorado.com.br\/nosdacolorado\/wp-json\/wp\/v2\/media?parent=22476"}],"wp:term":[{"taxonomy":"category","embeddable":true,"href":"https:\/\/www.colorado.com.br\/nosdacolorado\/wp-json\/wp\/v2\/categories?post=22476"},{"taxonomy":"post_tag","embeddable":true,"href":"https:\/\/www.colorado.com.br\/nosdacolorado\/wp-json\/wp\/v2\/tags?post=22476"}],"curies":[{"name":"wp","href":"https:\/\/api.w.org\/{rel}","templated":true}]}}