{"id":22493,"date":"2024-03-04T11:48:29","date_gmt":"2024-03-04T14:48:29","guid":{"rendered":"https:\/\/www.colorado.com.br\/nosdacolorado\/?p=22493"},"modified":"2024-03-04T11:51:01","modified_gmt":"2024-03-04T14:51:01","slug":"salada-completa-que-vale-por-uma-refeicao","status":"publish","type":"post","link":"https:\/\/www.colorado.com.br\/nosdacolorado\/salada-completa-que-vale-por-uma-refeicao\/","title":{"rendered":"Salada completa que vale por uma refei\u00e7\u00e3o"},"content":{"rendered":"<p style=\"text-align: center;\"><img loading=\"lazy\" decoding=\"async\" class=\"aligncenter size-full wp-image-22494\" src=\"https:\/\/www.colorado.com.br\/nosdacolorado\/wp-content\/uploads\/2024\/03\/salada.jpg\" alt=\"\" width=\"600\" height=\"470\" srcset=\"https:\/\/www.colorado.com.br\/nosdacolorado\/wp-content\/uploads\/2024\/03\/salada.jpg 600w, https:\/\/www.colorado.com.br\/nosdacolorado\/wp-content\/uploads\/2024\/03\/salada-300x235.jpg 300w\" sizes=\"auto, (max-width: 600px) 100vw, 600px\" \/>Confira essa receita deliciosa de salada que pode servir como um almo\u00e7o ou jantar<\/p>\n<p>Um prato refrescante e saud\u00e1vel cai muito bem nos dias quentes, n\u00e3o \u00e9? Se voc\u00ea quiser uma op\u00e7\u00e3o para o almo\u00e7o ou jantar, por exemplo, pode apostar na receita de salada completa que vale por uma refei\u00e7\u00e3o.<\/p>\n<p>A dica \u00e9 do cozinheiro Rafael Camatta, que publicou o passo a passo da receita de salada completa em seu Instagram. Confira!<\/p>\n<h3>Ingredientes<\/h3>\n<p>Ingredientes da salada<br \/>\n1 p\u00e9 de alface americana pequeno<br \/>\n200g de macarr\u00e3o<br \/>\n400g de tomate cereja<br \/>\n160g de mu\u00e7arela de b\u00fafala fresca<br \/>\n2 espigas de milho cozidas ou 1 lata de milho<br \/>\n1\/2 cebola roxa<br \/>\nIngredientes do molho<br \/>\n1 potinho de iogurte natural<br \/>\n2 colheres de sopa de azeite<br \/>\n1 dente pequeno de alho ralado<br \/>\n2 colheres de sopa de salsinha picadinha<br \/>\nSal e pimenta-do-reino a gosto<br \/>\nGotinhas de lim\u00e3o<\/p>\n<h3 id=\"topic-preparation\" class=\"editor-header-1\">Modo de preparo<\/h3>\n<p class=\"editor-paragraph\">Corte as alfaces e peda\u00e7os pequenos e misture com o\u00a0macarr\u00e3o\u00a0cozido j\u00e1 frio. Misture todos os outros ingredientes da salada. Para o molho, misture bem todos os ingredientes em uma tigela, batendo com a ajuda de um fu\u00ea.\u00a0 Misture tudo e prontinho!<\/p>\n<p>&nbsp;<\/p>\n","protected":false},"excerpt":{"rendered":"<p>Confira essa receita deliciosa de salada que pode servir como um almo\u00e7o ou jantar Um prato refrescante e saud\u00e1vel cai muito bem nos dias quentes, n\u00e3o \u00e9? Se voc\u00ea quiser&#8230;<\/p>\n","protected":false},"author":1,"featured_media":22494,"comment_status":"closed","ping_status":"open","sticky":false,"template":"","format":"standard","meta":{"footnotes":""},"categories":[9],"tags":[],"class_list":{"0":"post-22493","1":"post","2":"type-post","3":"status-publish","4":"format-standard","5":"has-post-thumbnail","7":"category-saude-e-seguranca"},"_links":{"self":[{"href":"https:\/\/www.colorado.com.br\/nosdacolorado\/wp-json\/wp\/v2\/posts\/22493","targetHints":{"allow":["GET"]}}],"collection":[{"href":"https:\/\/www.colorado.com.br\/nosdacolorado\/wp-json\/wp\/v2\/posts"}],"about":[{"href":"https:\/\/www.colorado.com.br\/nosdacolorado\/wp-json\/wp\/v2\/types\/post"}],"author":[{"embeddable":true,"href":"https:\/\/www.colorado.com.br\/nosdacolorado\/wp-json\/wp\/v2\/users\/1"}],"replies":[{"embeddable":true,"href":"https:\/\/www.colorado.com.br\/nosdacolorado\/wp-json\/wp\/v2\/comments?post=22493"}],"version-history":[{"count":3,"href":"https:\/\/www.colorado.com.br\/nosdacolorado\/wp-json\/wp\/v2\/posts\/22493\/revisions"}],"predecessor-version":[{"id":22497,"href":"https:\/\/www.colorado.com.br\/nosdacolorado\/wp-json\/wp\/v2\/posts\/22493\/revisions\/22497"}],"wp:featuredmedia":[{"embeddable":true,"href":"https:\/\/www.colorado.com.br\/nosdacolorado\/wp-json\/wp\/v2\/media\/22494"}],"wp:attachment":[{"href":"https:\/\/www.colorado.com.br\/nosdacolorado\/wp-json\/wp\/v2\/media?parent=22493"}],"wp:term":[{"taxonomy":"category","embeddable":true,"href":"https:\/\/www.colorado.com.br\/nosdacolorado\/wp-json\/wp\/v2\/categories?post=22493"},{"taxonomy":"post_tag","embeddable":true,"href":"https:\/\/www.colorado.com.br\/nosdacolorado\/wp-json\/wp\/v2\/tags?post=22493"}],"curies":[{"name":"wp","href":"https:\/\/api.w.org\/{rel}","templated":true}]}}