{"id":22560,"date":"2024-03-11T16:06:23","date_gmt":"2024-03-11T19:06:23","guid":{"rendered":"https:\/\/www.colorado.com.br\/nosdacolorado\/?p=22560"},"modified":"2024-03-11T16:10:04","modified_gmt":"2024-03-11T19:10:04","slug":"grupo-colorado-oferece-concerto-de-musica-sacra-na-igreja-matriz-de-sao-jose","status":"publish","type":"post","link":"https:\/\/www.colorado.com.br\/nosdacolorado\/grupo-colorado-oferece-concerto-de-musica-sacra-na-igreja-matriz-de-sao-jose\/","title":{"rendered":"Grupo Colorado oferece Concerto de m\u00fasica Sacra na Igreja Matriz de S\u00e3o Jos\u00e9"},"content":{"rendered":"<p><a href=\"https:\/\/www.colorado.com.br\/nosdacolorado\/wp-content\/uploads\/2024\/03\/Camerata-Minaz.jpg\" rel=\"prettyPhoto[gallery-vlld]\"><img loading=\"lazy\" decoding=\"async\" class=\"aligncenter size-full wp-image-22562\" src=\"https:\/\/www.colorado.com.br\/nosdacolorado\/wp-content\/uploads\/2024\/03\/Camerata-Minaz.jpg\" alt=\"\" width=\"1599\" height=\"1066\" srcset=\"https:\/\/www.colorado.com.br\/nosdacolorado\/wp-content\/uploads\/2024\/03\/Camerata-Minaz.jpg 1599w, https:\/\/www.colorado.com.br\/nosdacolorado\/wp-content\/uploads\/2024\/03\/Camerata-Minaz-300x200.jpg 300w, https:\/\/www.colorado.com.br\/nosdacolorado\/wp-content\/uploads\/2024\/03\/Camerata-Minaz-1024x683.jpg 1024w, https:\/\/www.colorado.com.br\/nosdacolorado\/wp-content\/uploads\/2024\/03\/Camerata-Minaz-768x512.jpg 768w, https:\/\/www.colorado.com.br\/nosdacolorado\/wp-content\/uploads\/2024\/03\/Camerata-Minaz-1536x1024.jpg 1536w, https:\/\/www.colorado.com.br\/nosdacolorado\/wp-content\/uploads\/2024\/03\/Camerata-Minaz-900x600.jpg 900w\" sizes=\"auto, (max-width: 1599px) 100vw, 1599px\" \/><\/a><\/p>\n<p>Marcando o encerramento da Novena de S\u00e3o Jos\u00e9, o Grupo Colorado, por meio de sua Diretora de Responsabilidade Social, Josimara Ribeiro de Mendon\u00e7a, oferece para Orl\u00e2ndia a apresenta\u00e7\u00e3o da Camerata Minaz e solistas.<\/p>\n<p>A Camerata apresentar\u00e1 a pe\u00e7a alusiva \u00e0 Semana Santa, Stabat Mater de Pergolesi, na Igreja Matriz de S\u00e3o Jos\u00e9 de Orl\u00e2ndia no dia 18 de mar\u00e7o, a partir das 20 horas, com entrada aberta \u00e0 comunidade.<\/p>\n<p>O Stabat Mater de Pergolesi \u00e9 uma pe\u00e7a que traduz o sofrimento de Maria com o mart\u00edrio e morte de seu filho, Jesus. A pe\u00e7a \u00e9 interpretada por duas vozes, soprano e contralto acompanhadas por grupo de cordas e cont\u00ednuo.<\/p>\n<p>Foi composta em 1736, ano da morte de seu compositor, Giovanni Battista Pergolesi. M\u00fasico atuante em N\u00e1poles, Pergolesi morreu em 1796 aos 26 anos de tuberculose.<\/p>\n<p>O concerto ser\u00e1 realizado pela Camerata Minaz, composta por violinos, viola, cello, contrabaixo, cont\u00ednuo e pelo duo de cantoras l\u00edricas, a soprano Julia Andreotti e a mezzo soprano Anita Andreotti, sob a dire\u00e7\u00e3o da maestra Gisele Ganade. Cada trecho ser\u00e1 declamado em portugu\u00eas antes de ser cantado para que o p\u00fablico possa compreender melhor o sentimento transmitido pela m\u00fasica cantada em latim.<\/p>\n<p>\u201cAcreditamos que \u00e9 miss\u00e3o das empresas oferecerem a oportunidade do contato da nossa comunidade com a arte e a cultura. Estamos proporcionando este verdadeiro espet\u00e1culo religioso de alto valor art\u00edstico, em um mundo que clama por paz. Convidamos a todos para que possam desfrutar desse belo trabalho\u201d, finaliza Josimara.<\/p>\n\n\t\t<style type=\"text\/css\">\n\t\t\t#gallery-1 {\n\t\t\t\tmargin: auto;\n\t\t\t}\n\t\t\t#gallery-1 .gallery-item {\n\t\t\t\tfloat: left;\n\t\t\t\tmargin-top: 10px;\n\t\t\t\ttext-align: center;\n\t\t\t\twidth: 33%;\n\t\t\t}\n\t\t\t#gallery-1 img {\n\t\t\t\tborder: 2px solid #cfcfcf;\n\t\t\t}\n\t\t\t#gallery-1 .gallery-caption {\n\t\t\t\tmargin-left: 0;\n\t\t\t}\n\t\t\t\/* see gallery_shortcode() in wp-includes\/media.php *\/\n\t\t<\/style>\n\t\t<div data-carousel-extra='{\"blog_id\":1,\"permalink\":\"https:\\\/\\\/www.colorado.com.br\\\/nosdacolorado\\\/grupo-colorado-oferece-concerto-de-musica-sacra-na-igreja-matriz-de-sao-jose\\\/\"}' id='gallery-1' class='gallery galleryid-22560 gallery-columns-3 gallery-size-thumbnail'><dl class='gallery-item'>\n\t\t\t<dt class='gallery-icon landscape'>\n\t\t\t\t<a href='https:\/\/www.colorado.com.br\/nosdacolorado\/wp-content\/uploads\/2024\/03\/Camerata-Minaz.jpg'><img loading=\"lazy\" decoding=\"async\" data-attachment-id=\"22562\" data-orig-file=\"https:\/\/www.colorado.com.br\/nosdacolorado\/wp-content\/uploads\/2024\/03\/Camerata-Minaz.jpg\" data-orig-size=\"1599,1066\" data-comments-opened=\"0\" data-image-meta=\"{&quot;aperture&quot;:&quot;0&quot;,&quot;credit&quot;:&quot;&quot;,&quot;camera&quot;:&quot;&quot;,&quot;caption&quot;:&quot;&quot;,&quot;created_timestamp&quot;:&quot;0&quot;,&quot;copyright&quot;:&quot;&quot;,&quot;focal_length&quot;:&quot;0&quot;,&quot;iso&quot;:&quot;0&quot;,&quot;shutter_speed&quot;:&quot;0&quot;,&quot;title&quot;:&quot;&quot;,&quot;orientation&quot;:&quot;0&quot;,&quot;keywords&quot;:&quot;Array&quot;}\" data-image-title=\"Camerata Minaz\" data-image-description=\"\" data-medium-file=\"https:\/\/www.colorado.com.br\/nosdacolorado\/wp-content\/uploads\/2024\/03\/Camerata-Minaz-300x200.jpg\" data-large-file=\"https:\/\/www.colorado.com.br\/nosdacolorado\/wp-content\/uploads\/2024\/03\/Camerata-Minaz-1024x683.jpg\" width=\"150\" height=\"150\" src=\"https:\/\/www.colorado.com.br\/nosdacolorado\/wp-content\/uploads\/2024\/03\/Camerata-Minaz-150x150.jpg\" class=\"attachment-thumbnail size-thumbnail\" alt=\"\" srcset=\"https:\/\/www.colorado.com.br\/nosdacolorado\/wp-content\/uploads\/2024\/03\/Camerata-Minaz-150x150.jpg 150w, https:\/\/www.colorado.com.br\/nosdacolorado\/wp-content\/uploads\/2024\/03\/Camerata-Minaz-140x140.jpg 140w, https:\/\/www.colorado.com.br\/nosdacolorado\/wp-content\/uploads\/2024\/03\/Camerata-Minaz-100x100.jpg 100w, https:\/\/www.colorado.com.br\/nosdacolorado\/wp-content\/uploads\/2024\/03\/Camerata-Minaz-500x500.jpg 500w, https:\/\/www.colorado.com.br\/nosdacolorado\/wp-content\/uploads\/2024\/03\/Camerata-Minaz-350x350.jpg 350w, https:\/\/www.colorado.com.br\/nosdacolorado\/wp-content\/uploads\/2024\/03\/Camerata-Minaz-1000x1000.jpg 1000w, https:\/\/www.colorado.com.br\/nosdacolorado\/wp-content\/uploads\/2024\/03\/Camerata-Minaz-800x800.jpg 800w\" sizes=\"auto, (max-width: 150px) 100vw, 150px\" \/><\/a>\n\t\t\t<\/dt><\/dl><dl class='gallery-item'>\n\t\t\t<dt class='gallery-icon landscape'>\n\t\t\t\t<a href='https:\/\/www.colorado.com.br\/nosdacolorado\/wp-content\/uploads\/2024\/03\/Camerata-Minaz-2.jpg'><img loading=\"lazy\" decoding=\"async\" data-attachment-id=\"22563\" data-orig-file=\"https:\/\/www.colorado.com.br\/nosdacolorado\/wp-content\/uploads\/2024\/03\/Camerata-Minaz-2.jpg\" data-orig-size=\"1599,1066\" data-comments-opened=\"0\" data-image-meta=\"{&quot;aperture&quot;:&quot;0&quot;,&quot;credit&quot;:&quot;&quot;,&quot;camera&quot;:&quot;&quot;,&quot;caption&quot;:&quot;&quot;,&quot;created_timestamp&quot;:&quot;0&quot;,&quot;copyright&quot;:&quot;&quot;,&quot;focal_length&quot;:&quot;0&quot;,&quot;iso&quot;:&quot;0&quot;,&quot;shutter_speed&quot;:&quot;0&quot;,&quot;title&quot;:&quot;&quot;,&quot;orientation&quot;:&quot;0&quot;,&quot;keywords&quot;:&quot;Array&quot;}\" data-image-title=\"Camerata Minaz 2\" data-image-description=\"\" data-medium-file=\"https:\/\/www.colorado.com.br\/nosdacolorado\/wp-content\/uploads\/2024\/03\/Camerata-Minaz-2-300x200.jpg\" data-large-file=\"https:\/\/www.colorado.com.br\/nosdacolorado\/wp-content\/uploads\/2024\/03\/Camerata-Minaz-2-1024x683.jpg\" width=\"150\" height=\"150\" src=\"https:\/\/www.colorado.com.br\/nosdacolorado\/wp-content\/uploads\/2024\/03\/Camerata-Minaz-2-150x150.jpg\" class=\"attachment-thumbnail size-thumbnail\" alt=\"\" srcset=\"https:\/\/www.colorado.com.br\/nosdacolorado\/wp-content\/uploads\/2024\/03\/Camerata-Minaz-2-150x150.jpg 150w, https:\/\/www.colorado.com.br\/nosdacolorado\/wp-content\/uploads\/2024\/03\/Camerata-Minaz-2-140x140.jpg 140w, https:\/\/www.colorado.com.br\/nosdacolorado\/wp-content\/uploads\/2024\/03\/Camerata-Minaz-2-100x100.jpg 100w, https:\/\/www.colorado.com.br\/nosdacolorado\/wp-content\/uploads\/2024\/03\/Camerata-Minaz-2-500x500.jpg 500w, https:\/\/www.colorado.com.br\/nosdacolorado\/wp-content\/uploads\/2024\/03\/Camerata-Minaz-2-350x350.jpg 350w, https:\/\/www.colorado.com.br\/nosdacolorado\/wp-content\/uploads\/2024\/03\/Camerata-Minaz-2-1000x1000.jpg 1000w, https:\/\/www.colorado.com.br\/nosdacolorado\/wp-content\/uploads\/2024\/03\/Camerata-Minaz-2-800x800.jpg 800w\" sizes=\"auto, (max-width: 150px) 100vw, 150px\" \/><\/a>\n\t\t\t<\/dt><\/dl><dl class='gallery-item'>\n\t\t\t<dt class='gallery-icon landscape'>\n\t\t\t\t<a href='https:\/\/www.colorado.com.br\/nosdacolorado\/wp-content\/uploads\/2024\/03\/Gisele-Ganade-Claudio-Frateschi-14.jpg'><img loading=\"lazy\" decoding=\"async\" data-attachment-id=\"22561\" data-orig-file=\"https:\/\/www.colorado.com.br\/nosdacolorado\/wp-content\/uploads\/2024\/03\/Gisele-Ganade-Claudio-Frateschi-14.jpg\" data-orig-size=\"1720,1147\" data-comments-opened=\"0\" data-image-meta=\"{&quot;aperture&quot;:&quot;2.8&quot;,&quot;credit&quot;:&quot;Claudio Frateschi&quot;,&quot;camera&quot;:&quot;Canon EOS 6D&quot;,&quot;caption&quot;:&quot;&quot;,&quot;created_timestamp&quot;:&quot;1600963291&quot;,&quot;copyright&quot;:&quot;@claudiofrateschi2020&quot;,&quot;focal_length&quot;:&quot;85&quot;,&quot;iso&quot;:&quot;640&quot;,&quot;shutter_speed&quot;:&quot;0.008&quot;,&quot;title&quot;:&quot;&quot;,&quot;orientation&quot;:&quot;1&quot;,&quot;keywords&quot;:&quot;Array&quot;}\" data-image-title=\"Gisele Ganade &#8211; Claudio Frateschi 14\" data-image-description=\"\" data-medium-file=\"https:\/\/www.colorado.com.br\/nosdacolorado\/wp-content\/uploads\/2024\/03\/Gisele-Ganade-Claudio-Frateschi-14-300x200.jpg\" data-large-file=\"https:\/\/www.colorado.com.br\/nosdacolorado\/wp-content\/uploads\/2024\/03\/Gisele-Ganade-Claudio-Frateschi-14-1024x683.jpg\" width=\"150\" height=\"150\" src=\"https:\/\/www.colorado.com.br\/nosdacolorado\/wp-content\/uploads\/2024\/03\/Gisele-Ganade-Claudio-Frateschi-14-150x150.jpg\" class=\"attachment-thumbnail size-thumbnail\" alt=\"\" srcset=\"https:\/\/www.colorado.com.br\/nosdacolorado\/wp-content\/uploads\/2024\/03\/Gisele-Ganade-Claudio-Frateschi-14-150x150.jpg 150w, https:\/\/www.colorado.com.br\/nosdacolorado\/wp-content\/uploads\/2024\/03\/Gisele-Ganade-Claudio-Frateschi-14-140x140.jpg 140w, https:\/\/www.colorado.com.br\/nosdacolorado\/wp-content\/uploads\/2024\/03\/Gisele-Ganade-Claudio-Frateschi-14-100x100.jpg 100w, https:\/\/www.colorado.com.br\/nosdacolorado\/wp-content\/uploads\/2024\/03\/Gisele-Ganade-Claudio-Frateschi-14-500x500.jpg 500w, https:\/\/www.colorado.com.br\/nosdacolorado\/wp-content\/uploads\/2024\/03\/Gisele-Ganade-Claudio-Frateschi-14-350x350.jpg 350w, https:\/\/www.colorado.com.br\/nosdacolorado\/wp-content\/uploads\/2024\/03\/Gisele-Ganade-Claudio-Frateschi-14-1000x1000.jpg 1000w, https:\/\/www.colorado.com.br\/nosdacolorado\/wp-content\/uploads\/2024\/03\/Gisele-Ganade-Claudio-Frateschi-14-800x800.jpg 800w\" sizes=\"auto, (max-width: 150px) 100vw, 150px\" \/><\/a>\n\t\t\t<\/dt><\/dl><br style=\"clear: both\" \/><dl class='gallery-item'>\n\t\t\t<dt class='gallery-icon portrait'>\n\t\t\t\t<a href='https:\/\/www.colorado.com.br\/nosdacolorado\/wp-content\/uploads\/2024\/03\/Julia-Andreotti.jpg'><img loading=\"lazy\" decoding=\"async\" data-attachment-id=\"22564\" data-orig-file=\"https:\/\/www.colorado.com.br\/nosdacolorado\/wp-content\/uploads\/2024\/03\/Julia-Andreotti.jpg\" data-orig-size=\"918,1224\" data-comments-opened=\"0\" data-image-meta=\"{&quot;aperture&quot;:&quot;0&quot;,&quot;credit&quot;:&quot;&quot;,&quot;camera&quot;:&quot;&quot;,&quot;caption&quot;:&quot;&quot;,&quot;created_timestamp&quot;:&quot;0&quot;,&quot;copyright&quot;:&quot;&quot;,&quot;focal_length&quot;:&quot;0&quot;,&quot;iso&quot;:&quot;0&quot;,&quot;shutter_speed&quot;:&quot;0&quot;,&quot;title&quot;:&quot;&quot;,&quot;orientation&quot;:&quot;0&quot;,&quot;keywords&quot;:&quot;Array&quot;}\" data-image-title=\"Julia Andreotti\" data-image-description=\"\" data-medium-file=\"https:\/\/www.colorado.com.br\/nosdacolorado\/wp-content\/uploads\/2024\/03\/Julia-Andreotti-225x300.jpg\" data-large-file=\"https:\/\/www.colorado.com.br\/nosdacolorado\/wp-content\/uploads\/2024\/03\/Julia-Andreotti-768x1024.jpg\" width=\"150\" height=\"150\" src=\"https:\/\/www.colorado.com.br\/nosdacolorado\/wp-content\/uploads\/2024\/03\/Julia-Andreotti-150x150.jpg\" class=\"attachment-thumbnail size-thumbnail\" alt=\"\" srcset=\"https:\/\/www.colorado.com.br\/nosdacolorado\/wp-content\/uploads\/2024\/03\/Julia-Andreotti-150x150.jpg 150w, https:\/\/www.colorado.com.br\/nosdacolorado\/wp-content\/uploads\/2024\/03\/Julia-Andreotti-140x140.jpg 140w, https:\/\/www.colorado.com.br\/nosdacolorado\/wp-content\/uploads\/2024\/03\/Julia-Andreotti-100x100.jpg 100w, https:\/\/www.colorado.com.br\/nosdacolorado\/wp-content\/uploads\/2024\/03\/Julia-Andreotti-500x500.jpg 500w, https:\/\/www.colorado.com.br\/nosdacolorado\/wp-content\/uploads\/2024\/03\/Julia-Andreotti-350x350.jpg 350w, https:\/\/www.colorado.com.br\/nosdacolorado\/wp-content\/uploads\/2024\/03\/Julia-Andreotti-800x800.jpg 800w\" sizes=\"auto, (max-width: 150px) 100vw, 150px\" \/><\/a>\n\t\t\t<\/dt><\/dl><dl class='gallery-item'>\n\t\t\t<dt class='gallery-icon portrait'>\n\t\t\t\t<a href='https:\/\/www.colorado.com.br\/nosdacolorado\/wp-content\/uploads\/2024\/03\/Anita-Andreotti-1-scaled.jpg'><img loading=\"lazy\" decoding=\"async\" data-attachment-id=\"22565\" data-orig-file=\"https:\/\/www.colorado.com.br\/nosdacolorado\/wp-content\/uploads\/2024\/03\/Anita-Andreotti-1-scaled.jpg\" data-orig-size=\"1707,2560\" data-comments-opened=\"0\" data-image-meta=\"{&quot;aperture&quot;:&quot;4&quot;,&quot;credit&quot;:&quot;&quot;,&quot;camera&quot;:&quot;NIKON D5500&quot;,&quot;caption&quot;:&quot;&quot;,&quot;created_timestamp&quot;:&quot;0&quot;,&quot;copyright&quot;:&quot;&quot;,&quot;focal_length&quot;:&quot;28&quot;,&quot;iso&quot;:&quot;2200&quot;,&quot;shutter_speed&quot;:&quot;0.016666666666667&quot;,&quot;title&quot;:&quot;&quot;,&quot;orientation&quot;:&quot;1&quot;,&quot;keywords&quot;:&quot;Array&quot;}\" data-image-title=\"Anita Andreotti (1)\" data-image-description=\"\" data-medium-file=\"https:\/\/www.colorado.com.br\/nosdacolorado\/wp-content\/uploads\/2024\/03\/Anita-Andreotti-1-200x300.jpg\" data-large-file=\"https:\/\/www.colorado.com.br\/nosdacolorado\/wp-content\/uploads\/2024\/03\/Anita-Andreotti-1-683x1024.jpg\" width=\"150\" height=\"150\" src=\"https:\/\/www.colorado.com.br\/nosdacolorado\/wp-content\/uploads\/2024\/03\/Anita-Andreotti-1-150x150.jpg\" class=\"attachment-thumbnail size-thumbnail\" alt=\"\" srcset=\"https:\/\/www.colorado.com.br\/nosdacolorado\/wp-content\/uploads\/2024\/03\/Anita-Andreotti-1-150x150.jpg 150w, https:\/\/www.colorado.com.br\/nosdacolorado\/wp-content\/uploads\/2024\/03\/Anita-Andreotti-1-140x140.jpg 140w, https:\/\/www.colorado.com.br\/nosdacolorado\/wp-content\/uploads\/2024\/03\/Anita-Andreotti-1-100x100.jpg 100w, https:\/\/www.colorado.com.br\/nosdacolorado\/wp-content\/uploads\/2024\/03\/Anita-Andreotti-1-500x500.jpg 500w, https:\/\/www.colorado.com.br\/nosdacolorado\/wp-content\/uploads\/2024\/03\/Anita-Andreotti-1-350x350.jpg 350w, https:\/\/www.colorado.com.br\/nosdacolorado\/wp-content\/uploads\/2024\/03\/Anita-Andreotti-1-1000x1000.jpg 1000w, https:\/\/www.colorado.com.br\/nosdacolorado\/wp-content\/uploads\/2024\/03\/Anita-Andreotti-1-800x800.jpg 800w\" sizes=\"auto, (max-width: 150px) 100vw, 150px\" \/><\/a>\n\t\t\t<\/dt><\/dl>\n\t\t\t<br style='clear: both' \/>\n\t\t<\/div>\n\n<p><strong>SERVI\u00c7O<\/strong><\/p>\n<p>Camerata Stabat Mater de Pergolesi com a Cia. Minaz<\/p>\n<p>Igreja Matriz S\u00e3o Jos\u00e9 de Orl\u00e2ndia<\/p>\n<p>18 de mar\u00e7o de 2024, 20 horas<\/p>\n<p>Dire\u00e7\u00e3o Musical \u2013 Maestra Gisele Ganade<\/p>\n<p>Soprano \u2013 Julia Andreotti<\/p>\n<p>Mezzo Soprano \u2013 Anita Andreotti<\/p>\n<p>Camerata Minaz<\/p>\n<p>Violino 1 Anderson Oliveira<\/p>\n<p>Roberto Lima<\/p>\n<p>Violino 2 Adrean Vieira<\/p>\n<p>Jo\u00e3o Paulo Bazane<\/p>\n<p>Viola Willian Rodrigues<\/p>\n<p>Cello Pedro Pasqualatto<\/p>\n<p>Contrabaixo Vinicius Porf\u00edrio<\/p>\n<p>Cont\u00ednuo Jefferson Bortolucci<\/p>\n","protected":false},"excerpt":{"rendered":"<p>Marcando o encerramento da Novena de S\u00e3o Jos\u00e9, o Grupo Colorado, por meio de sua Diretora de Responsabilidade Social, Josimara Ribeiro de Mendon\u00e7a, oferece para Orl\u00e2ndia a apresenta\u00e7\u00e3o da Camerata&#8230;<\/p>\n","protected":false},"author":2,"featured_media":22563,"comment_status":"closed","ping_status":"open","sticky":false,"template":"","format":"standard","meta":{"footnotes":""},"categories":[11,7],"tags":[],"class_list":{"0":"post-22560","1":"post","2":"type-post","3":"status-publish","4":"format-standard","5":"has-post-thumbnail","7":"category-acontece-na-colorado","8":"category-atualidade"},"_links":{"self":[{"href":"https:\/\/www.colorado.com.br\/nosdacolorado\/wp-json\/wp\/v2\/posts\/22560","targetHints":{"allow":["GET"]}}],"collection":[{"href":"https:\/\/www.colorado.com.br\/nosdacolorado\/wp-json\/wp\/v2\/posts"}],"about":[{"href":"https:\/\/www.colorado.com.br\/nosdacolorado\/wp-json\/wp\/v2\/types\/post"}],"author":[{"embeddable":true,"href":"https:\/\/www.colorado.com.br\/nosdacolorado\/wp-json\/wp\/v2\/users\/2"}],"replies":[{"embeddable":true,"href":"https:\/\/www.colorado.com.br\/nosdacolorado\/wp-json\/wp\/v2\/comments?post=22560"}],"version-history":[{"count":3,"href":"https:\/\/www.colorado.com.br\/nosdacolorado\/wp-json\/wp\/v2\/posts\/22560\/revisions"}],"predecessor-version":[{"id":22568,"href":"https:\/\/www.colorado.com.br\/nosdacolorado\/wp-json\/wp\/v2\/posts\/22560\/revisions\/22568"}],"wp:featuredmedia":[{"embeddable":true,"href":"https:\/\/www.colorado.com.br\/nosdacolorado\/wp-json\/wp\/v2\/media\/22563"}],"wp:attachment":[{"href":"https:\/\/www.colorado.com.br\/nosdacolorado\/wp-json\/wp\/v2\/media?parent=22560"}],"wp:term":[{"taxonomy":"category","embeddable":true,"href":"https:\/\/www.colorado.com.br\/nosdacolorado\/wp-json\/wp\/v2\/categories?post=22560"},{"taxonomy":"post_tag","embeddable":true,"href":"https:\/\/www.colorado.com.br\/nosdacolorado\/wp-json\/wp\/v2\/tags?post=22560"}],"curies":[{"name":"wp","href":"https:\/\/api.w.org\/{rel}","templated":true}]}}