{"id":2257,"date":"2019-12-20T10:14:21","date_gmt":"2019-12-20T12:14:21","guid":{"rendered":"http:\/\/www.colorado.com.br\/nosdacolorado\/?p=2257"},"modified":"2020-01-13T10:16:40","modified_gmt":"2020-01-13T12:16:40","slug":"curso-capacitacao-social-chega-a-miguelopolis","status":"publish","type":"post","link":"https:\/\/www.colorado.com.br\/nosdacolorado\/curso-capacitacao-social-chega-a-miguelopolis\/","title":{"rendered":"Curso Capacita\u00e7\u00e3o Social chega \u00e0 Miguel\u00f3polis"},"content":{"rendered":"<p>Onze alunos j\u00e1 est\u00e3o participando das aulas do Curso Capacita\u00e7\u00e3o Social com foco em Auxiliar de Almoxarife oferecido em Miguel\u00f3polis desde o dia 17 de setembro.<br \/>\nO Curso d\u00e1 continuidade \u00e0s oportunidades oferecidas ao p\u00fablico com defici\u00eancia pela Usina Colorado. Trata-se de uma parceria entre a Usina, o Senai, a Sociedade Guairense de Benefic\u00eancia \u2013 Sogube e a APAE de Miguel\u00f3polis.<br \/>\nAs aulas acontecem na sede da APAE em Miguel\u00f3polis e s\u00e3o ministradas pela educadora Fernanda Gon\u00e7alves Rold\u00e3o Yamane, da Sogube. A previs\u00e3o de conclus\u00e3o da turma \u00e9 o m\u00eas de julho de 2020.<\/p>\n","protected":false},"excerpt":{"rendered":"<p>Onze alunos j\u00e1 est\u00e3o participando das aulas do Curso Capacita\u00e7\u00e3o Social com foco em Auxiliar de Almoxarife oferecido em Miguel\u00f3polis desde o dia 17 de setembro. O Curso d\u00e1 continuidade&#8230;<\/p>\n","protected":false},"author":2,"featured_media":2258,"comment_status":"open","ping_status":"open","sticky":false,"template":"","format":"standard","meta":{"footnotes":""},"categories":[11],"tags":[],"class_list":{"0":"post-2257","1":"post","2":"type-post","3":"status-publish","4":"format-standard","5":"has-post-thumbnail","7":"category-acontece-na-colorado"},"_links":{"self":[{"href":"https:\/\/www.colorado.com.br\/nosdacolorado\/wp-json\/wp\/v2\/posts\/2257","targetHints":{"allow":["GET"]}}],"collection":[{"href":"https:\/\/www.colorado.com.br\/nosdacolorado\/wp-json\/wp\/v2\/posts"}],"about":[{"href":"https:\/\/www.colorado.com.br\/nosdacolorado\/wp-json\/wp\/v2\/types\/post"}],"author":[{"embeddable":true,"href":"https:\/\/www.colorado.com.br\/nosdacolorado\/wp-json\/wp\/v2\/users\/2"}],"replies":[{"embeddable":true,"href":"https:\/\/www.colorado.com.br\/nosdacolorado\/wp-json\/wp\/v2\/comments?post=2257"}],"version-history":[{"count":1,"href":"https:\/\/www.colorado.com.br\/nosdacolorado\/wp-json\/wp\/v2\/posts\/2257\/revisions"}],"predecessor-version":[{"id":2259,"href":"https:\/\/www.colorado.com.br\/nosdacolorado\/wp-json\/wp\/v2\/posts\/2257\/revisions\/2259"}],"wp:featuredmedia":[{"embeddable":true,"href":"https:\/\/www.colorado.com.br\/nosdacolorado\/wp-json\/wp\/v2\/media\/2258"}],"wp:attachment":[{"href":"https:\/\/www.colorado.com.br\/nosdacolorado\/wp-json\/wp\/v2\/media?parent=2257"}],"wp:term":[{"taxonomy":"category","embeddable":true,"href":"https:\/\/www.colorado.com.br\/nosdacolorado\/wp-json\/wp\/v2\/categories?post=2257"},{"taxonomy":"post_tag","embeddable":true,"href":"https:\/\/www.colorado.com.br\/nosdacolorado\/wp-json\/wp\/v2\/tags?post=2257"}],"curies":[{"name":"wp","href":"https:\/\/api.w.org\/{rel}","templated":true}]}}