{"id":2260,"date":"2019-12-22T10:17:29","date_gmt":"2019-12-22T12:17:29","guid":{"rendered":"http:\/\/www.colorado.com.br\/nosdacolorado\/?p=2260"},"modified":"2020-01-13T10:20:04","modified_gmt":"2020-01-13T12:20:04","slug":"responsabilidade-social-colorado-entrega-de-presentes-de-natal-para-filhos-de-colaboradores-mantendo-tradicao-de-35-anos","status":"publish","type":"post","link":"https:\/\/www.colorado.com.br\/nosdacolorado\/responsabilidade-social-colorado-entrega-de-presentes-de-natal-para-filhos-de-colaboradores-mantendo-tradicao-de-35-anos\/","title":{"rendered":"RESPONSABILIDADE SOCIAL: Colorado entrega de presentes de Natal para  filhos de colaboradores mantendo tradi\u00e7\u00e3o  de 35 anos"},"content":{"rendered":"<p>Os presentes fazem parte da origem do Natal. Eles lembram que os tr\u00eas reis magos, Belchior, Baltazar e Gaspar ofereceram presentes para o menino Jesus logo ap\u00f3s o seu nascimento: ouro, incenso e mirra.<br \/>\nPara a Usina Colorado, toda crian\u00e7a merece receber presentes no Natal. Por isso, a empresa mant\u00e9m sua tradi\u00e7\u00e3o h\u00e1 d\u00e9cadas. No m\u00eas de dezembro todos os filhos de colaboradores com at\u00e9 11 anos de idade, s\u00e3o presenteados com brinquedos.<br \/>\nComo forma de celebrar o Natal e demonstrar o cuidado com a inf\u00e2ncia, meninos e meninas recebem brinquedos espec\u00edficos. Eles s\u00e3o escolhidos com crit\u00e9rio e carinho pela supervisora de Comunica\u00e7\u00e3o e Responsabilidade Social do Grupo Colorado, Maria In\u00eas Marc\u00f3rio Guedes Moreira de Carvalho h\u00e1 35 anos.<br \/>\n\u201cProcuro entender o que \u00e9 sucesso entre a garotada e ir em busca do que temos certeza que vai agradar as crian\u00e7as e toda a fam\u00edlia. Busco inspira\u00e7\u00e3o para fazer essa compra. Sei o quanto ela significa para todos.\u201d, salienta In\u00eas.<br \/>\nEste ano foram entregues 2.272 presentes. Cada um deles foi cuidadosamente embalado e a entrega ocorreu nos dias 19, 20 e 21 de dezembro.<\/p>\n","protected":false},"excerpt":{"rendered":"<p>Os presentes fazem parte da origem do Natal. Eles lembram que os tr\u00eas reis magos, Belchior, Baltazar e Gaspar ofereceram presentes para o menino Jesus logo ap\u00f3s o seu nascimento:&#8230;<\/p>\n","protected":false},"author":2,"featured_media":2261,"comment_status":"open","ping_status":"open","sticky":false,"template":"","format":"standard","meta":{"footnotes":""},"categories":[11],"tags":[],"class_list":{"0":"post-2260","1":"post","2":"type-post","3":"status-publish","4":"format-standard","5":"has-post-thumbnail","7":"category-acontece-na-colorado"},"_links":{"self":[{"href":"https:\/\/www.colorado.com.br\/nosdacolorado\/wp-json\/wp\/v2\/posts\/2260","targetHints":{"allow":["GET"]}}],"collection":[{"href":"https:\/\/www.colorado.com.br\/nosdacolorado\/wp-json\/wp\/v2\/posts"}],"about":[{"href":"https:\/\/www.colorado.com.br\/nosdacolorado\/wp-json\/wp\/v2\/types\/post"}],"author":[{"embeddable":true,"href":"https:\/\/www.colorado.com.br\/nosdacolorado\/wp-json\/wp\/v2\/users\/2"}],"replies":[{"embeddable":true,"href":"https:\/\/www.colorado.com.br\/nosdacolorado\/wp-json\/wp\/v2\/comments?post=2260"}],"version-history":[{"count":1,"href":"https:\/\/www.colorado.com.br\/nosdacolorado\/wp-json\/wp\/v2\/posts\/2260\/revisions"}],"predecessor-version":[{"id":2264,"href":"https:\/\/www.colorado.com.br\/nosdacolorado\/wp-json\/wp\/v2\/posts\/2260\/revisions\/2264"}],"wp:featuredmedia":[{"embeddable":true,"href":"https:\/\/www.colorado.com.br\/nosdacolorado\/wp-json\/wp\/v2\/media\/2261"}],"wp:attachment":[{"href":"https:\/\/www.colorado.com.br\/nosdacolorado\/wp-json\/wp\/v2\/media?parent=2260"}],"wp:term":[{"taxonomy":"category","embeddable":true,"href":"https:\/\/www.colorado.com.br\/nosdacolorado\/wp-json\/wp\/v2\/categories?post=2260"},{"taxonomy":"post_tag","embeddable":true,"href":"https:\/\/www.colorado.com.br\/nosdacolorado\/wp-json\/wp\/v2\/tags?post=2260"}],"curies":[{"name":"wp","href":"https:\/\/api.w.org\/{rel}","templated":true}]}}