{"id":2265,"date":"2019-12-20T10:20:16","date_gmt":"2019-12-20T12:20:16","guid":{"rendered":"http:\/\/www.colorado.com.br\/nosdacolorado\/?p=2265"},"modified":"2020-01-13T10:22:16","modified_gmt":"2020-01-13T12:22:16","slug":"papai-noel-distribui-presentes-doados-pela-usina-colorado-na-casa-da-crianca-armanda-malvina-de-mendonca","status":"publish","type":"post","link":"https:\/\/www.colorado.com.br\/nosdacolorado\/papai-noel-distribui-presentes-doados-pela-usina-colorado-na-casa-da-crianca-armanda-malvina-de-mendonca\/","title":{"rendered":"Papai Noel distribui presentes doados pela  Usina  Colorado na Casa da Crian\u00e7a Armanda  Malvina de Mendon\u00e7a"},"content":{"rendered":"<p>Para as crian\u00e7as, dezembro \u00e9 \u00e9poca de contar nos dedos o tempo que falta para receber os presentes de Natal. \u00c9 tempo de sonho. Para fazer valer a magia do Natal, a Usina Colorado repetiu uma tradi\u00e7\u00e3o de mais de tr\u00eas d\u00e9cadas e distribuiu presentes para as 123 crian\u00e7as assistidas pela Casa da Crian\u00e7a Armanda Malvina de Mendon\u00e7a de Ipu\u00e3.<br \/>\nOs presentes foram levados a cada uma delas pelo Papai Noel no dia 10 de dezembro. \u201cAs crian\u00e7as ficaram encantadas com a visita do bom e velho Noel, que nesta \u00e9poca sempre traz esperan\u00e7a e emo\u00e7\u00e3o a todos n\u00f3s.\u201d,destacou a diretora da Casa da Crian\u00e7a, Jana\u00edna Amadeu.<br \/>\nOs alunos receberam bonecas e carrinhos, selecionados com todo o crit\u00e9rio pela supervisora de Comunica\u00e7\u00e3o e Responsabilidade Social da Usina Colorado, Maria In\u00eas M Guedes M de Carvalho.<\/p>\n","protected":false},"excerpt":{"rendered":"<p>Para as crian\u00e7as, dezembro \u00e9 \u00e9poca de contar nos dedos o tempo que falta para receber os presentes de Natal. \u00c9 tempo de sonho. Para fazer valer a magia do&#8230;<\/p>\n","protected":false},"author":2,"featured_media":2266,"comment_status":"open","ping_status":"open","sticky":false,"template":"","format":"standard","meta":{"footnotes":""},"categories":[11,12],"tags":[],"class_list":{"0":"post-2265","1":"post","2":"type-post","3":"status-publish","4":"format-standard","5":"has-post-thumbnail","7":"category-acontece-na-colorado","8":"category-fazer-o-bem"},"_links":{"self":[{"href":"https:\/\/www.colorado.com.br\/nosdacolorado\/wp-json\/wp\/v2\/posts\/2265","targetHints":{"allow":["GET"]}}],"collection":[{"href":"https:\/\/www.colorado.com.br\/nosdacolorado\/wp-json\/wp\/v2\/posts"}],"about":[{"href":"https:\/\/www.colorado.com.br\/nosdacolorado\/wp-json\/wp\/v2\/types\/post"}],"author":[{"embeddable":true,"href":"https:\/\/www.colorado.com.br\/nosdacolorado\/wp-json\/wp\/v2\/users\/2"}],"replies":[{"embeddable":true,"href":"https:\/\/www.colorado.com.br\/nosdacolorado\/wp-json\/wp\/v2\/comments?post=2265"}],"version-history":[{"count":1,"href":"https:\/\/www.colorado.com.br\/nosdacolorado\/wp-json\/wp\/v2\/posts\/2265\/revisions"}],"predecessor-version":[{"id":2267,"href":"https:\/\/www.colorado.com.br\/nosdacolorado\/wp-json\/wp\/v2\/posts\/2265\/revisions\/2267"}],"wp:featuredmedia":[{"embeddable":true,"href":"https:\/\/www.colorado.com.br\/nosdacolorado\/wp-json\/wp\/v2\/media\/2266"}],"wp:attachment":[{"href":"https:\/\/www.colorado.com.br\/nosdacolorado\/wp-json\/wp\/v2\/media?parent=2265"}],"wp:term":[{"taxonomy":"category","embeddable":true,"href":"https:\/\/www.colorado.com.br\/nosdacolorado\/wp-json\/wp\/v2\/categories?post=2265"},{"taxonomy":"post_tag","embeddable":true,"href":"https:\/\/www.colorado.com.br\/nosdacolorado\/wp-json\/wp\/v2\/tags?post=2265"}],"curies":[{"name":"wp","href":"https:\/\/api.w.org\/{rel}","templated":true}]}}