{"id":2272,"date":"2019-12-20T17:40:46","date_gmt":"2019-12-20T19:40:46","guid":{"rendered":"http:\/\/www.colorado.com.br\/nosdacolorado\/?p=2272"},"modified":"2020-01-13T17:44:07","modified_gmt":"2020-01-13T19:44:07","slug":"plano-de-metas-safra-2019-2020-aprendendo-com-as-experiencias","status":"publish","type":"post","link":"https:\/\/www.colorado.com.br\/nosdacolorado\/plano-de-metas-safra-2019-2020-aprendendo-com-as-experiencias\/","title":{"rendered":"PLANO DE METAS SAFRA 2019\/2020: aprendendo com as  experi\u00eancias"},"content":{"rendered":"<p>N\u00e3o basta apenas estabelecer metas, o acompanhamento do desempenho de cada indicador \u00e9 fundamental para avaliar se as a\u00e7\u00f5es promoveram o resultado esperado. Por isso, no dia 10 de dezembro, a Usina Colorado promoveu a \u00faltima reuni\u00e3o mensal de acompanhamento dos Indicadores que comp\u00f5em o Plano de Metas e Objetivos da Usina, referentes \u00e0 safra 2018\/2019.<br \/>\nO encontro contou com a participa\u00e7\u00e3o da lideran\u00e7a da empresa. O estabelecimento de metas por si s\u00f3 n\u00e3o garante um bom resultado. A Usina Colorado planeja a cada safra quais as a\u00e7\u00f5es necess\u00e1rias para alcan\u00e7ar os melhores resultados. A defini\u00e7\u00e3o das metas contribui para a motiva\u00e7\u00e3o da equipe para alcan\u00e7ar os objetivos. A cada meta conclu\u00edda, a confian\u00e7a aumenta, mesmo que o objetivo seja dif\u00edcil de alcan\u00e7ar.<br \/>\nMensalmente, acontecem as reuni\u00f5es, que avaliam os resultados de 49 indicadores da safra. Tamb\u00e9m s\u00e3o analisados os planos de a\u00e7\u00f5es e determinados os progressos em rela\u00e7\u00e3o ao hist\u00f3rico das safras anteriores, identificando as diferen\u00e7as ou oportunidades de melhorias.<br \/>\nPassar tempo analisando os indicadores \u00e9 fundamental para ter insights que ir\u00e3o ajudar a melhorar o desempenho de maneira cont\u00ednua.<\/p>\n","protected":false},"excerpt":{"rendered":"<p>N\u00e3o basta apenas estabelecer metas, o acompanhamento do desempenho de cada indicador \u00e9 fundamental para avaliar se as a\u00e7\u00f5es promoveram o resultado esperado. Por isso, no dia 10 de dezembro,&#8230;<\/p>\n","protected":false},"author":2,"featured_media":2273,"comment_status":"open","ping_status":"open","sticky":false,"template":"","format":"standard","meta":{"footnotes":""},"categories":[11],"tags":[],"class_list":{"0":"post-2272","1":"post","2":"type-post","3":"status-publish","4":"format-standard","5":"has-post-thumbnail","7":"category-acontece-na-colorado"},"_links":{"self":[{"href":"https:\/\/www.colorado.com.br\/nosdacolorado\/wp-json\/wp\/v2\/posts\/2272","targetHints":{"allow":["GET"]}}],"collection":[{"href":"https:\/\/www.colorado.com.br\/nosdacolorado\/wp-json\/wp\/v2\/posts"}],"about":[{"href":"https:\/\/www.colorado.com.br\/nosdacolorado\/wp-json\/wp\/v2\/types\/post"}],"author":[{"embeddable":true,"href":"https:\/\/www.colorado.com.br\/nosdacolorado\/wp-json\/wp\/v2\/users\/2"}],"replies":[{"embeddable":true,"href":"https:\/\/www.colorado.com.br\/nosdacolorado\/wp-json\/wp\/v2\/comments?post=2272"}],"version-history":[{"count":1,"href":"https:\/\/www.colorado.com.br\/nosdacolorado\/wp-json\/wp\/v2\/posts\/2272\/revisions"}],"predecessor-version":[{"id":2274,"href":"https:\/\/www.colorado.com.br\/nosdacolorado\/wp-json\/wp\/v2\/posts\/2272\/revisions\/2274"}],"wp:featuredmedia":[{"embeddable":true,"href":"https:\/\/www.colorado.com.br\/nosdacolorado\/wp-json\/wp\/v2\/media\/2273"}],"wp:attachment":[{"href":"https:\/\/www.colorado.com.br\/nosdacolorado\/wp-json\/wp\/v2\/media?parent=2272"}],"wp:term":[{"taxonomy":"category","embeddable":true,"href":"https:\/\/www.colorado.com.br\/nosdacolorado\/wp-json\/wp\/v2\/categories?post=2272"},{"taxonomy":"post_tag","embeddable":true,"href":"https:\/\/www.colorado.com.br\/nosdacolorado\/wp-json\/wp\/v2\/tags?post=2272"}],"curies":[{"name":"wp","href":"https:\/\/api.w.org\/{rel}","templated":true}]}}