{"id":22726,"date":"2024-04-30T11:43:54","date_gmt":"2024-04-30T14:43:54","guid":{"rendered":"https:\/\/www.colorado.com.br\/nosdacolorado\/?p=22726"},"modified":"2024-04-30T14:14:18","modified_gmt":"2024-04-30T17:14:18","slug":"diretora-de-responsabilidade-social-do-grupo-colorado-recebe-titulo-de-cidada-emerita-de-ribeirao-preto","status":"publish","type":"post","link":"https:\/\/www.colorado.com.br\/nosdacolorado\/diretora-de-responsabilidade-social-do-grupo-colorado-recebe-titulo-de-cidada-emerita-de-ribeirao-preto\/","title":{"rendered":"Diretora de Responsabilidade Social do Grupo Colorado recebe T\u00edtulo de Cidad\u00e3 Em\u00e9rita de Ribeir\u00e3o Preto"},"content":{"rendered":"[vc_row type=&#8221;in_container&#8221; full_screen_row_position=&#8221;middle&#8221; column_margin=&#8221;default&#8221; column_direction=&#8221;default&#8221; column_direction_tablet=&#8221;default&#8221; column_direction_phone=&#8221;default&#8221; scene_position=&#8221;center&#8221; text_color=&#8221;dark&#8221; text_align=&#8221;left&#8221; row_border_radius=&#8221;none&#8221; row_border_radius_applies=&#8221;bg&#8221; overflow=&#8221;visible&#8221; overlay_strength=&#8221;0.3&#8243; gradient_direction=&#8221;left_to_right&#8221; shape_divider_position=&#8221;bottom&#8221; bg_image_animation=&#8221;none&#8221;][vc_column column_padding=&#8221;no-extra-padding&#8221; column_padding_tablet=&#8221;inherit&#8221; column_padding_phone=&#8221;inherit&#8221; column_padding_position=&#8221;all&#8221; column_element_direction_desktop=&#8221;default&#8221; column_element_spacing=&#8221;default&#8221; desktop_text_alignment=&#8221;default&#8221; tablet_text_alignment=&#8221;default&#8221; phone_text_alignment=&#8221;default&#8221; background_color_opacity=&#8221;1&#8243; background_hover_color_opacity=&#8221;1&#8243; column_backdrop_filter=&#8221;none&#8221; column_shadow=&#8221;none&#8221; column_border_radius=&#8221;none&#8221; column_link_target=&#8221;_self&#8221; column_position=&#8221;default&#8221; gradient_direction=&#8221;left_to_right&#8221; overlay_strength=&#8221;0.3&#8243; width=&#8221;1\/1&#8243; tablet_width_inherit=&#8221;default&#8221; animation_type=&#8221;default&#8221; bg_image_animation=&#8221;none&#8221; border_type=&#8221;simple&#8221; column_border_width=&#8221;none&#8221; column_border_style=&#8221;solid&#8221;][vc_column_text text_direction=&#8221;default&#8221;]<img loading=\"lazy\" decoding=\"async\" class=\"aligncenter size-full wp-image-22727\" src=\"https:\/\/www.colorado.com.br\/nosdacolorado\/wp-content\/uploads\/2024\/04\/capa-1.png\" alt=\"\" width=\"668\" height=\"447\" srcset=\"https:\/\/www.colorado.com.br\/nosdacolorado\/wp-content\/uploads\/2024\/04\/capa-1.png 668w, https:\/\/www.colorado.com.br\/nosdacolorado\/wp-content\/uploads\/2024\/04\/capa-1-300x201.png 300w, https:\/\/www.colorado.com.br\/nosdacolorado\/wp-content\/uploads\/2024\/04\/capa-1-400x269.png 400w\" sizes=\"auto, (max-width: 668px) 100vw, 668px\" \/><\/p>\n<p>A C\u00e2mara Municipal de Ribeir\u00e3o Preto outorgou \u00e0 Conselheira de Administra\u00e7\u00e3o e Diretora de Responsabilidade Social do Grupo Colorado, Josimara Ribeiro de Mendon\u00e7a, o T\u00edtulo de Cidad\u00e3 Em\u00e9rita do Munic\u00edpio, em sess\u00e3o realizada na noite de 25 de abril. Trata-se da mais alta honraria concedida pelo Legislativo ribeir\u00e3o pretano.<\/p>\n<p>A sess\u00e3o foi dirigida pela mesa formada pelo Vereador Isaac Antunes, presidente da C\u00e2mara Municipal de Ribeir\u00e3o Preto, pelo vereador Lincoln Fernandes, que indicou a homenagem, pelo deputado estadual Leo Oliveira e por Dazio Vasconcelos.<\/p>\n<p>Participaram da homenagem os prefeitos municipais de Orl\u00e2ndia, S\u00e9rgio Bordin, de Ipu\u00e3, Ronywerton Marcelo Alves Pereira e de Miguel\u00f3polis, Naim Miguel Neto. Josimara recebeu o certificado de cidad\u00e3 em\u00e9rita e o bras\u00e3o do munic\u00edpio. a esposa do vereador Lincoln Fernandes, Gabriela Basilli, entregou flores \u00e0 homenageada.<\/p>\n<p>A plateia composta por autoridades, colaboradores e lideran\u00e7a do Grupo Colorado, amigos e familiares de Josimara, ocupou todos os lugares do plen\u00e1rio da C\u00e2mara, recebendo a homenageada com salva de palmas.[\/vc_column_text][divider line_type=&#8221;No Line&#8221; custom_height=&#8221;30px&#8221;][vc_column_text text_direction=&#8221;default&#8221;]<span style=\"color: #0e7586;\"><strong style=\"font-weight: 800;\">\u00cdntegra do discurso do vereador Lincoln Fernandes, autor da propositura do T\u00edtulo \u00e0 Josimara Ribeiro de Mendon\u00e7a<\/strong><\/span>[\/vc_column_text][toggles style=&#8221;minimal_shadow&#8221; border_radius=&#8221;15px&#8221;][toggle color=&#8221;Default&#8221; heading_tag=&#8221;default&#8221; heading_tag_functionality=&#8221;default&#8221; title=&#8221;Clique e acesse o discurso&#8221;][vc_column_text text_direction=&#8221;default&#8221; css=&#8221;.vc_custom_1714497175351{padding-top: 10px !important;padding-right: 10px !important;padding-bottom: 10px !important;padding-left: 10px !important;}&#8221;]<strong>Boa noite a todos<\/strong><br \/>\n<strong>Cumprimento as autoridades<\/strong><\/p>\n<p>E, com grande orgulho e alegria, cumprimento nossa homenageada, Josimara Ribeiro de Mendon\u00e7a, ou carinhosamente Josy, como todos a conhecemos.<\/p>\n<p>Josimara \u00e9 filha de Ribeir\u00e3o Preto. Nasceu nesta cidade.<\/p>\n<p>\u00c9 em sua homenagem que nos reunimos nesta sess\u00e3o.<\/p>\n<p>Hoje, Ribeir\u00e3o Preto tem o cora\u00e7\u00e3o cheio de gratid\u00e3o!<\/p>\n<p>Nossa homenageada dispensa apresenta\u00e7\u00f5es. Josy \u00e9 algu\u00e9m que sistematicamente pratica o amor, a esperan\u00e7a, a generosidade. Que coloca o ser humano no centro de suas preocupa\u00e7\u00f5es e, sobretudo de suas a\u00e7\u00f5es.<\/p>\n<p>Sua presen\u00e7a realizadora irradia para toda a regi\u00e3o metropolitana de Ribeir\u00e3o Preto, o trabalho inovador, obstinado, que une as cidades de Orl\u00e2ndia Gua\u00edra, Miguel\u00f3polis e Ipu\u00e3.<\/p>\n<p>Josy deixa sua assinatura humana, calorosa em tudo o que faz, como empres\u00e1ria e como fundadora do Instituto Oswaldo Ribeiro de Mendon\u00e7a.<\/p>\n<p>E \u00e9 essa marca que torna imposs\u00edvel, delimitar regi\u00f5es ou impor fronteiras para aqueles que, como Josimara, acreditam e lutam por um modo de vida mais saud\u00e1vel, em que o bem-estar e o desenvolvimento pleno da cidadania, estejam no topo das cren\u00e7as.<\/p>\n<p>A solidariedade, a garantia de oportunidades, a responsabilidade empresarial cidad\u00e3 s\u00e3o causas urgentes, que n\u00e3o respeitam os limites dos munic\u00edpios. E que bom que seja assim.<\/p>\n<p>Mesmo distante de cargos p\u00fablicos, Josimara \u00e9 algu\u00e9m que presta servi\u00e7os relevantes \u00e0 comunidade, adotando uma postura de coopera\u00e7\u00e3o, sem fronteiras.<\/p>\n<p>Cidad\u00e3 consciente, participante, promotora das causas da cultura, da sa\u00fade, da educa\u00e7\u00e3o, do empreendedorismo, Josy dedica sua enorme energia e capacidade para materializar os melhores sonhos em feitos que transformam a vida das pessoas.<\/p>\n<p>O sorriso doce, a fala gentil e firme s\u00e3o tra\u00e7os marcantes de Josimara. S\u00e3o dimens\u00f5es da personalidade desta empreendedora social forte, determinada, profundamente inteligente e atenta a cada pessoa, especialmente as mais vulner\u00e1veis.<\/p>\n<p>Estendemos a fam\u00edlia Ribeiro de Mendon\u00e7a nossos cumprimentos pela sua grandiosidade e por seu papel de prover uma vida mais digna a tantas pessoas.<\/p>\n<p>Josimara, que bom que o mundo pode contar com pessoas de sua qualidade. Muito obrigada[\/vc_column_text][\/toggle][\/toggles][vc_column_text text_direction=&#8221;default&#8221; css=&#8221;.vc_custom_1714497257283{margin-top: 30px !important;}&#8221;]<span style=\"color: #0e7586;\"><strong style=\"font-weight: 800;\">\u00cdntegra da fala de agradecimento de Josimara Ribeiro de Mendon\u00e7a<\/strong><\/span>[\/vc_column_text][toggles style=&#8221;minimal_shadow&#8221; border_radius=&#8221;15px&#8221;][toggle color=&#8221;Default&#8221; heading_tag=&#8221;default&#8221; heading_tag_functionality=&#8221;default&#8221; title=&#8221;Clique e acesse&#8221;][vc_column_text text_direction=&#8221;default&#8221; css=&#8221;.vc_custom_1714489315214{padding-top: 10px !important;padding-right: 10px !important;padding-bottom: 10px !important;padding-left: 10px !important;}&#8221;]\u201cBoa noite a todos,<\/p>\n<p>Minhas primeiras palavras s\u00e3o de agradecimentos a Deus pela vida e pela voca\u00e7\u00e3o que Ele me deu. Essa voca\u00e7\u00e3o me permite ajudar o pr\u00f3ximo a desenvolver suas habilidades e potencial<\/p>\n<p>A minha eterna gratid\u00e3o aos meus pais, Oswaldo e Therezinha, que me deram a vida, aos meus irm\u00e3os, Marcelo e Jos\u00e9 Oswaldo, que viveram juntos comigo a mesma hist\u00f3ria de vida, aos meus filhos, Marcelo, Felipe e Mariana que fortalecem todos os dias meus prop\u00f3sitos e valores, ao Dazio que muito somou em todos os sentidos. Agrade\u00e7o tamb\u00e9m aos amigos por n\u00e3o desistirem de mim, voc\u00eas s\u00e3o important\u00edssimos em minha vida e valem todo esfor\u00e7o para estarmos sempre pr\u00f3ximos!<\/p>\n<p>Agrade\u00e7o tamb\u00e9m \u00e0 fam\u00edlia Colorado, com a qual eu aprendo todos os dias, aos funcion\u00e1rios e volunt\u00e1rios do Instituto Oswaldo Ribeiro de Mendon\u00e7a, pois voc\u00eas s\u00e3o o motivo pelo qual estou recebendo essa honrosa homenagem.<\/p>\n<p>Cumprimento a todas as autoridades aqui presentes.<\/p>\n<p>Em especial, cumprimento o vereador Lincoln Fernandes, autor do projeto que me outorga o t\u00edtulo de Cidad\u00e3 Em\u00e9rita de Ribeir\u00e3o Preto. Tamb\u00e9m agrade\u00e7o aos vereadores que votaram a favor do projeto que me concede esta homenagem.<\/p>\n<p>Vereador Lincoln \u00e9 um comunicador por excel\u00eancia. J\u00e1 est\u00e1 em segundo mandato. E, por duas vezes, exerceu a Presid\u00eancia desta Casa. \u00c9 comprometido com as causas sociais. Idealizou a reforma e moderniza\u00e7\u00e3o do maior Centro Social Urbano de Ribeir\u00e3o Preto que oferece atividades esportivas e art\u00edsticas para centenas de crian\u00e7as de fam\u00edlias de baixa renda, reunindo mais de 2.500 crian\u00e7as ao final do ano.<\/p>\n<p>Fui surpreendida com essa homenagem, um filme passou em minha mente e percebi a import\u00e2ncia de Ribeir\u00e3o Preto em minha forma\u00e7\u00e3o.<\/p>\n<p>Quando crian\u00e7a, v\u00ednhamos passear aqui, era uma divers\u00e3o andar na escada rolante das lojas Americanas e depois saborear os salgadinhos da Dona Alzira.<\/p>\n<p>Na adolesc\u00eancia, fomos contemplados com o Ribeir\u00e3o Shopping onde patin\u00e1vamos no gelo, jog\u00e1vamos boliche. Nessa \u00e9poca, v\u00ednhamos estudar todas as manh\u00e3s de perua Kombi no melhor col\u00e9gio de Ribeir\u00e3o Preto: O COC e aproveit\u00e1vamos as tardes para complementar nossos estudos na Alian\u00e7a Francesa, Cultura Inglesa e Puntel.<\/p>\n<p>E algumas noites curt\u00edamos a Chatanooga, a Zoom e o karaok\u00ea &#8230; saudosos anos 80 &#8230;<\/p>\n<p>Foi aqui tamb\u00e9m que fiz minha 1\u00aa apresenta\u00e7\u00e3o de Dan\u00e7a em um Teatro. \u00a0A dan\u00e7a foi muito importante para mim, contribuiu para a forma\u00e7\u00e3o do meu car\u00e1ter, me tornou mais tolerante, sens\u00edvel, criativa, sem preconceitos e muito disciplinada. Caracter\u00edsticas importantes na minha forma\u00e7\u00e3o, por isso acredito e apoio a forma\u00e7\u00e3o do cidad\u00e3o atrav\u00e9s da arte. Acredito na arte tamb\u00e9m como ferramenta de transforma\u00e7\u00e3o da sociedade.<\/p>\n<p>Para finalizar, quero dizer que sempre fui encantada por essa cidade, que \u00e9 calorosa, linda e pr\u00f3spera. Na realidade. sempre quis morar aqui. Estou realmente emocionada e grata.<\/p>\n<p>Hoje me sinto realmente Cidad\u00e3 Em\u00e9rita de Ribeir\u00e3o Preto.\u201d<\/p>\n<p><strong>Josimara Ribeiro de Mendon\u00e7a<br \/>\n<\/strong><strong>25 de abril de 2024<\/strong>[\/vc_column_text][\/toggle][\/toggles][\/vc_column][\/vc_row][vc_row type=&#8221;in_container&#8221; full_screen_row_position=&#8221;middle&#8221; column_margin=&#8221;default&#8221; column_direction=&#8221;default&#8221; column_direction_tablet=&#8221;default&#8221; column_direction_phone=&#8221;default&#8221; scene_position=&#8221;center&#8221; top_padding=&#8221;2%&#8221; text_color=&#8221;dark&#8221; text_align=&#8221;left&#8221; row_border_radius=&#8221;none&#8221; row_border_radius_applies=&#8221;bg&#8221; overflow=&#8221;visible&#8221; overlay_strength=&#8221;0.3&#8243; gradient_direction=&#8221;left_to_right&#8221; shape_divider_position=&#8221;bottom&#8221; bg_image_animation=&#8221;none&#8221; gradient_type=&#8221;default&#8221; shape_type=&#8221;&#8221;][vc_column column_padding=&#8221;no-extra-padding&#8221; column_padding_tablet=&#8221;inherit&#8221; column_padding_phone=&#8221;inherit&#8221; column_padding_position=&#8221;all&#8221; column_element_direction_desktop=&#8221;default&#8221; column_element_spacing=&#8221;default&#8221; desktop_text_alignment=&#8221;default&#8221; tablet_text_alignment=&#8221;default&#8221; phone_text_alignment=&#8221;default&#8221; background_color_opacity=&#8221;1&#8243; background_hover_color_opacity=&#8221;1&#8243; column_backdrop_filter=&#8221;none&#8221; column_shadow=&#8221;none&#8221; column_border_radius=&#8221;none&#8221; column_link_target=&#8221;_self&#8221; column_position=&#8221;default&#8221; gradient_direction=&#8221;left_to_right&#8221; overlay_strength=&#8221;0.3&#8243; width=&#8221;1\/1&#8243; tablet_width_inherit=&#8221;default&#8221; animation_type=&#8221;default&#8221; bg_image_animation=&#8221;none&#8221; border_type=&#8221;simple&#8221; column_border_width=&#8221;none&#8221; column_border_style=&#8221;solid&#8221;][vc_column_text text_direction=&#8221;default&#8221;]\n<h3 style=\"font-weight: 800;\">Grupo Colorado apoia projetos que beneficiam sa\u00fade, cultura e assist\u00eancia social de Ribeir\u00e3o Preto<\/h3>\n<p>Al\u00e9m das conquistas individuais de Josimara Ribeiro de Mendon\u00e7a, a homenagem destacou sobretudo o impacto positivo e duradouro que suas iniciativas a frente do Grupo Colorado t\u00eam proporcionado na vida das pessoas e no desenvolvimento da cidade.<\/p>\n<p>Josimara Ribeiro de Mendon\u00e7a \u00e9 personalidade presente na vida social e cultural de Ribeir\u00e3o Preto, por meio de a\u00e7\u00f5es concretas. Al\u00e9m de fundar o Instituto Oswaldo Ribeiro de Mendon\u00e7a \u2013 IORM, que, desde 2005, j\u00e1 assistiu a mais de 13 mil pessoas, Josimara tem apoiado projetos voltados \u00e0 sa\u00fade, cidadania, capacita\u00e7\u00e3o profissional artes e cultura.<\/p>\n<p>Em 2009 a Usina Colorado implantou a Sala de Leitura do HC Crian\u00e7a. Em parceria com o Sesi de Ribeir\u00e3o Preto, Escola Senai Luiz Scavone \u2013 Itatiba \u2013 Linha de Produtos, e a Escola Senai &#8211; Eng. Oct\u00e1vio Marcondes Ferraz, o Grupo Colorado realizou em Ribeir\u00e3o Preto o Projeto Sustent\u2019ARTE, que certificou 41 profissionais do munic\u00edpio para of\u00edcio da marcenaria sustent\u00e1vel.<\/p>\n<p>A Usina Colorado doa mensalmente energia limpa e renov\u00e1vel produzida a partir do baga\u00e7o da cana de a\u00e7\u00facar para o Hospital de Amor &#8211; HA, uma das principais institui\u00e7\u00f5es do pa\u00eds no atendimento a pacientes com c\u00e2ncer. A a\u00e7\u00e3o beneficia de forma direta a comunidade ribeir\u00e3o-pretana: no ano de 2022, um total de 2.697 moradores de Ribeir\u00e3o Preto, foram assistidos pelo Hospital de Amor.<\/p>\n<p>Com o patroc\u00ednio do Grupo Colorado, Ribeir\u00e3o Preto recebeu no ano de 2023, o Projeto Pr\u00e1ticas e T\u00e9cnicas para as Artes C\u00eanicas &#8211; PTAC, uma parceria entre Secretaria da Cultura e Turismo com o Instituto do Teatro Brasileiro (ITB), que formou 80 profissionais nas \u00e1reas de som, luz, palco e produ\u00e7\u00e3o cultural.<\/p>\n<p>Desde 2018, o Grupo Colorado vem realizando aportes significativos nas \u00e1reas de cultura e aten\u00e7\u00e3o \u00e0 sa\u00fade para a comunidade ribeir\u00e3o-pretana, por meio da destina\u00e7\u00e3o de Leis de Incentivo Fiscal.<\/p>\n<p>Entre os beneficiados, destaca-se a Associa\u00e7\u00e3o Minaz de Cultura e \u00e0 realiza\u00e7\u00e3o de projetos como Caravana da \u00d3pera Minaz, com circula\u00e7\u00e3o regional nos munic\u00edpios de Orl\u00e2ndia, Gua\u00edra, Ipu\u00e3 e Miguel\u00f3polis. Na \u00faltima semana de abril, aportes do Grupo Colorado patrocinaram a realiza\u00e7\u00e3o das Dissemina\u00e7\u00f5es Culturais O Bom e O Belo pelo IORM, que levou a Ribeir\u00e3o Preto em programa\u00e7\u00e3o gratuita, apresenta\u00e7\u00e3o do espet\u00e1culo Ra\u00edzes e Asas pela Usina da Dan\u00e7a e da Cisne Negro Cia. da Dan\u00e7a e mant\u00e9m\u00a0 a Ocupa\u00e7\u00e3o Hulda Bittencourt, mostra aberta no Centro Cultural Palace, at\u00e9 1\u00ba de junho.<\/p>\n<p><strong style=\"font-weight: 800;\">Sa\u00fade<\/strong><\/p>\n<p>A \u00e1rea de sa\u00fade recebeu a destina\u00e7\u00e3o de incentivos fiscais do Grupo Colorado. Foram beneficiados pelo Programa Nacional de Apoio \u00e0 Aten\u00e7\u00e3o Oncol\u00f3gica (Pronon), o projeto de Amplia\u00e7\u00e3o e Implementa\u00e7\u00e3o de Procedimento de Diagn\u00f3stico em Oncologia da Santa Casa de Miseric\u00f3rdia e Benefic\u00eancia Portuguesa; o Projeto DNA<\/p>\n<p>Circulante Tumoral como Ferramenta de Diagn\u00f3stico da Funda\u00e7\u00e3o Hemocentro de Ribeir\u00e3o Preto e a Funda\u00e7\u00e3o de Apoio e Ensino, Pesquisa e Assist\u00eancia do Hospital das Cl\u00ednicas da USP de Ribeir\u00e3o Preto, pelo o projeto de Cria\u00e7\u00e3o da Unidade de Diagn\u00f3stico e Tratamento de C\u00e2ncer.<\/p>\n<p>O Grupo Colorado aportou recursos de leis de Incentivo Fiscal para o Programa\u00a0 Nacional de Apoio \u00e0 Aten\u00e7\u00e3o da Sa\u00fade da Pessoa com Defici\u00eancia (Pronas\/PCD), que permitiram que a Associa\u00e7\u00e3o de Preven\u00e7\u00e3o e Atendimento ao Deficiente de Ribeir\u00e3o Preto adquirisse o Aparelho de Amplifica\u00e7\u00e3o Sonora.[\/vc_column_text][\/vc_column][\/vc_row][vc_row type=&#8221;in_container&#8221; full_screen_row_position=&#8221;middle&#8221; column_margin=&#8221;default&#8221; column_direction=&#8221;default&#8221; column_direction_tablet=&#8221;default&#8221; column_direction_phone=&#8221;default&#8221; scene_position=&#8221;center&#8221; text_color=&#8221;dark&#8221; text_align=&#8221;left&#8221; row_border_radius=&#8221;none&#8221; row_border_radius_applies=&#8221;bg&#8221; overflow=&#8221;visible&#8221; overlay_strength=&#8221;0.3&#8243; gradient_direction=&#8221;left_to_right&#8221; shape_divider_position=&#8221;bottom&#8221; bg_image_animation=&#8221;none&#8221;][vc_column column_padding=&#8221;no-extra-padding&#8221; column_padding_tablet=&#8221;inherit&#8221; column_padding_phone=&#8221;inherit&#8221; column_padding_position=&#8221;all&#8221; column_element_direction_desktop=&#8221;default&#8221; column_element_spacing=&#8221;default&#8221; desktop_text_alignment=&#8221;default&#8221; tablet_text_alignment=&#8221;default&#8221; phone_text_alignment=&#8221;default&#8221; background_color_opacity=&#8221;1&#8243; background_hover_color_opacity=&#8221;1&#8243; column_backdrop_filter=&#8221;none&#8221; column_shadow=&#8221;none&#8221; column_border_radius=&#8221;none&#8221; column_link_target=&#8221;_self&#8221; column_position=&#8221;default&#8221; gradient_direction=&#8221;left_to_right&#8221; overlay_strength=&#8221;0.3&#8243; width=&#8221;1\/1&#8243; tablet_width_inherit=&#8221;default&#8221; animation_type=&#8221;default&#8221; bg_image_animation=&#8221;none&#8221; border_type=&#8221;simple&#8221; column_border_width=&#8221;none&#8221; column_border_style=&#8221;solid&#8221;][vc_column_text text_direction=&#8221;default&#8221;]\n\n\t\t<style type=\"text\/css\">\n\t\t\t#gallery-1 {\n\t\t\t\tmargin: auto;\n\t\t\t}\n\t\t\t#gallery-1 .gallery-item {\n\t\t\t\tfloat: left;\n\t\t\t\tmargin-top: 10px;\n\t\t\t\ttext-align: center;\n\t\t\t\twidth: 33%;\n\t\t\t}\n\t\t\t#gallery-1 img {\n\t\t\t\tborder: 2px solid #cfcfcf;\n\t\t\t}\n\t\t\t#gallery-1 .gallery-caption {\n\t\t\t\tmargin-left: 0;\n\t\t\t}\n\t\t\t\/* see gallery_shortcode() in wp-includes\/media.php *\/\n\t\t<\/style>\n\t\t<div data-carousel-extra='{\"blog_id\":1,\"permalink\":\"https:\\\/\\\/www.colorado.com.br\\\/nosdacolorado\\\/diretora-de-responsabilidade-social-do-grupo-colorado-recebe-titulo-de-cidada-emerita-de-ribeirao-preto\\\/\"}' id='gallery-1' class='gallery galleryid-22726 gallery-columns-3 gallery-size-large'><dl class='gallery-item'>\n\t\t\t<dt class='gallery-icon landscape'>\n\t\t\t\t<a href='https:\/\/www.colorado.com.br\/nosdacolorado\/wp-content\/uploads\/2024\/04\/003-1.jpg'><img loading=\"lazy\" decoding=\"async\" data-attachment-id=\"22728\" data-orig-file=\"https:\/\/www.colorado.com.br\/nosdacolorado\/wp-content\/uploads\/2024\/04\/003-1.jpg\" data-orig-size=\"800,600\" data-comments-opened=\"0\" data-image-meta=\"{&quot;aperture&quot;:&quot;0&quot;,&quot;credit&quot;:&quot;&quot;,&quot;camera&quot;:&quot;&quot;,&quot;caption&quot;:&quot;&quot;,&quot;created_timestamp&quot;:&quot;0&quot;,&quot;copyright&quot;:&quot;&quot;,&quot;focal_length&quot;:&quot;0&quot;,&quot;iso&quot;:&quot;0&quot;,&quot;shutter_speed&quot;:&quot;0&quot;,&quot;title&quot;:&quot;&quot;,&quot;orientation&quot;:&quot;0&quot;,&quot;keywords&quot;:&quot;Array&quot;}\" data-image-title=\"003\" data-image-description=\"\" data-medium-file=\"https:\/\/www.colorado.com.br\/nosdacolorado\/wp-content\/uploads\/2024\/04\/003-1-300x225.jpg\" data-large-file=\"https:\/\/www.colorado.com.br\/nosdacolorado\/wp-content\/uploads\/2024\/04\/003-1.jpg\" width=\"800\" height=\"600\" src=\"https:\/\/www.colorado.com.br\/nosdacolorado\/wp-content\/uploads\/2024\/04\/003-1.jpg\" class=\"attachment-large size-large\" alt=\"\" srcset=\"https:\/\/www.colorado.com.br\/nosdacolorado\/wp-content\/uploads\/2024\/04\/003-1.jpg 800w, https:\/\/www.colorado.com.br\/nosdacolorado\/wp-content\/uploads\/2024\/04\/003-1-300x225.jpg 300w, https:\/\/www.colorado.com.br\/nosdacolorado\/wp-content\/uploads\/2024\/04\/003-1-768x576.jpg 768w\" sizes=\"auto, (max-width: 800px) 100vw, 800px\" \/><\/a>\n\t\t\t<\/dt><\/dl><dl class='gallery-item'>\n\t\t\t<dt class='gallery-icon landscape'>\n\t\t\t\t<a href='https:\/\/www.colorado.com.br\/nosdacolorado\/wp-content\/uploads\/2024\/04\/002-1.jpg'><img loading=\"lazy\" decoding=\"async\" data-attachment-id=\"22729\" data-orig-file=\"https:\/\/www.colorado.com.br\/nosdacolorado\/wp-content\/uploads\/2024\/04\/002-1.jpg\" data-orig-size=\"800,600\" data-comments-opened=\"0\" data-image-meta=\"{&quot;aperture&quot;:&quot;0&quot;,&quot;credit&quot;:&quot;&quot;,&quot;camera&quot;:&quot;&quot;,&quot;caption&quot;:&quot;&quot;,&quot;created_timestamp&quot;:&quot;0&quot;,&quot;copyright&quot;:&quot;&quot;,&quot;focal_length&quot;:&quot;0&quot;,&quot;iso&quot;:&quot;0&quot;,&quot;shutter_speed&quot;:&quot;0&quot;,&quot;title&quot;:&quot;&quot;,&quot;orientation&quot;:&quot;0&quot;,&quot;keywords&quot;:&quot;Array&quot;}\" data-image-title=\"002\" data-image-description=\"\" data-medium-file=\"https:\/\/www.colorado.com.br\/nosdacolorado\/wp-content\/uploads\/2024\/04\/002-1-300x225.jpg\" data-large-file=\"https:\/\/www.colorado.com.br\/nosdacolorado\/wp-content\/uploads\/2024\/04\/002-1.jpg\" width=\"800\" height=\"600\" src=\"https:\/\/www.colorado.com.br\/nosdacolorado\/wp-content\/uploads\/2024\/04\/002-1.jpg\" class=\"attachment-large size-large\" alt=\"\" srcset=\"https:\/\/www.colorado.com.br\/nosdacolorado\/wp-content\/uploads\/2024\/04\/002-1.jpg 800w, https:\/\/www.colorado.com.br\/nosdacolorado\/wp-content\/uploads\/2024\/04\/002-1-300x225.jpg 300w, https:\/\/www.colorado.com.br\/nosdacolorado\/wp-content\/uploads\/2024\/04\/002-1-768x576.jpg 768w\" sizes=\"auto, (max-width: 800px) 100vw, 800px\" \/><\/a>\n\t\t\t<\/dt><\/dl><dl class='gallery-item'>\n\t\t\t<dt class='gallery-icon landscape'>\n\t\t\t\t<a href='https:\/\/www.colorado.com.br\/nosdacolorado\/wp-content\/uploads\/2024\/04\/010.jpg'><img loading=\"lazy\" decoding=\"async\" data-attachment-id=\"22741\" data-orig-file=\"https:\/\/www.colorado.com.br\/nosdacolorado\/wp-content\/uploads\/2024\/04\/010.jpg\" data-orig-size=\"800,600\" data-comments-opened=\"0\" data-image-meta=\"{&quot;aperture&quot;:&quot;0&quot;,&quot;credit&quot;:&quot;&quot;,&quot;camera&quot;:&quot;&quot;,&quot;caption&quot;:&quot;&quot;,&quot;created_timestamp&quot;:&quot;0&quot;,&quot;copyright&quot;:&quot;&quot;,&quot;focal_length&quot;:&quot;0&quot;,&quot;iso&quot;:&quot;0&quot;,&quot;shutter_speed&quot;:&quot;0&quot;,&quot;title&quot;:&quot;&quot;,&quot;orientation&quot;:&quot;0&quot;,&quot;keywords&quot;:&quot;Array&quot;}\" data-image-title=\"010\" data-image-description=\"\" data-medium-file=\"https:\/\/www.colorado.com.br\/nosdacolorado\/wp-content\/uploads\/2024\/04\/010-300x225.jpg\" data-large-file=\"https:\/\/www.colorado.com.br\/nosdacolorado\/wp-content\/uploads\/2024\/04\/010.jpg\" width=\"800\" height=\"600\" src=\"https:\/\/www.colorado.com.br\/nosdacolorado\/wp-content\/uploads\/2024\/04\/010.jpg\" class=\"attachment-large size-large\" alt=\"\" srcset=\"https:\/\/www.colorado.com.br\/nosdacolorado\/wp-content\/uploads\/2024\/04\/010.jpg 800w, https:\/\/www.colorado.com.br\/nosdacolorado\/wp-content\/uploads\/2024\/04\/010-300x225.jpg 300w, https:\/\/www.colorado.com.br\/nosdacolorado\/wp-content\/uploads\/2024\/04\/010-768x576.jpg 768w\" sizes=\"auto, (max-width: 800px) 100vw, 800px\" \/><\/a>\n\t\t\t<\/dt><\/dl><br style=\"clear: both\" \/><dl class='gallery-item'>\n\t\t\t<dt class='gallery-icon landscape'>\n\t\t\t\t<a href='https:\/\/www.colorado.com.br\/nosdacolorado\/wp-content\/uploads\/2024\/04\/001-1.jpg'><img loading=\"lazy\" decoding=\"async\" data-attachment-id=\"22730\" data-orig-file=\"https:\/\/www.colorado.com.br\/nosdacolorado\/wp-content\/uploads\/2024\/04\/001-1.jpg\" data-orig-size=\"800,600\" data-comments-opened=\"0\" data-image-meta=\"{&quot;aperture&quot;:&quot;0&quot;,&quot;credit&quot;:&quot;&quot;,&quot;camera&quot;:&quot;&quot;,&quot;caption&quot;:&quot;&quot;,&quot;created_timestamp&quot;:&quot;0&quot;,&quot;copyright&quot;:&quot;&quot;,&quot;focal_length&quot;:&quot;0&quot;,&quot;iso&quot;:&quot;0&quot;,&quot;shutter_speed&quot;:&quot;0&quot;,&quot;title&quot;:&quot;&quot;,&quot;orientation&quot;:&quot;0&quot;,&quot;keywords&quot;:&quot;Array&quot;}\" data-image-title=\"001\" data-image-description=\"\" data-medium-file=\"https:\/\/www.colorado.com.br\/nosdacolorado\/wp-content\/uploads\/2024\/04\/001-1-300x225.jpg\" data-large-file=\"https:\/\/www.colorado.com.br\/nosdacolorado\/wp-content\/uploads\/2024\/04\/001-1.jpg\" width=\"800\" height=\"600\" src=\"https:\/\/www.colorado.com.br\/nosdacolorado\/wp-content\/uploads\/2024\/04\/001-1.jpg\" class=\"attachment-large size-large\" alt=\"\" srcset=\"https:\/\/www.colorado.com.br\/nosdacolorado\/wp-content\/uploads\/2024\/04\/001-1.jpg 800w, https:\/\/www.colorado.com.br\/nosdacolorado\/wp-content\/uploads\/2024\/04\/001-1-300x225.jpg 300w, https:\/\/www.colorado.com.br\/nosdacolorado\/wp-content\/uploads\/2024\/04\/001-1-768x576.jpg 768w\" sizes=\"auto, (max-width: 800px) 100vw, 800px\" \/><\/a>\n\t\t\t<\/dt><\/dl><dl class='gallery-item'>\n\t\t\t<dt class='gallery-icon landscape'>\n\t\t\t\t<a href='https:\/\/www.colorado.com.br\/nosdacolorado\/wp-content\/uploads\/2024\/04\/00111.jpg'><img loading=\"lazy\" decoding=\"async\" data-attachment-id=\"22740\" data-orig-file=\"https:\/\/www.colorado.com.br\/nosdacolorado\/wp-content\/uploads\/2024\/04\/00111.jpg\" data-orig-size=\"800,600\" data-comments-opened=\"0\" data-image-meta=\"{&quot;aperture&quot;:&quot;0&quot;,&quot;credit&quot;:&quot;&quot;,&quot;camera&quot;:&quot;&quot;,&quot;caption&quot;:&quot;&quot;,&quot;created_timestamp&quot;:&quot;0&quot;,&quot;copyright&quot;:&quot;&quot;,&quot;focal_length&quot;:&quot;0&quot;,&quot;iso&quot;:&quot;0&quot;,&quot;shutter_speed&quot;:&quot;0&quot;,&quot;title&quot;:&quot;&quot;,&quot;orientation&quot;:&quot;0&quot;,&quot;keywords&quot;:&quot;Array&quot;}\" data-image-title=\"00111\" data-image-description=\"\" data-medium-file=\"https:\/\/www.colorado.com.br\/nosdacolorado\/wp-content\/uploads\/2024\/04\/00111-300x225.jpg\" data-large-file=\"https:\/\/www.colorado.com.br\/nosdacolorado\/wp-content\/uploads\/2024\/04\/00111.jpg\" width=\"800\" height=\"600\" src=\"https:\/\/www.colorado.com.br\/nosdacolorado\/wp-content\/uploads\/2024\/04\/00111.jpg\" class=\"attachment-large size-large\" alt=\"\" srcset=\"https:\/\/www.colorado.com.br\/nosdacolorado\/wp-content\/uploads\/2024\/04\/00111.jpg 800w, https:\/\/www.colorado.com.br\/nosdacolorado\/wp-content\/uploads\/2024\/04\/00111-300x225.jpg 300w, https:\/\/www.colorado.com.br\/nosdacolorado\/wp-content\/uploads\/2024\/04\/00111-768x576.jpg 768w\" sizes=\"auto, (max-width: 800px) 100vw, 800px\" \/><\/a>\n\t\t\t<\/dt><\/dl><dl class='gallery-item'>\n\t\t\t<dt class='gallery-icon landscape'>\n\t\t\t\t<a href='https:\/\/www.colorado.com.br\/nosdacolorado\/wp-content\/uploads\/2024\/04\/009.jpg'><img loading=\"lazy\" decoding=\"async\" data-attachment-id=\"22731\" data-orig-file=\"https:\/\/www.colorado.com.br\/nosdacolorado\/wp-content\/uploads\/2024\/04\/009.jpg\" data-orig-size=\"800,600\" data-comments-opened=\"0\" data-image-meta=\"{&quot;aperture&quot;:&quot;0&quot;,&quot;credit&quot;:&quot;&quot;,&quot;camera&quot;:&quot;&quot;,&quot;caption&quot;:&quot;&quot;,&quot;created_timestamp&quot;:&quot;0&quot;,&quot;copyright&quot;:&quot;&quot;,&quot;focal_length&quot;:&quot;0&quot;,&quot;iso&quot;:&quot;0&quot;,&quot;shutter_speed&quot;:&quot;0&quot;,&quot;title&quot;:&quot;&quot;,&quot;orientation&quot;:&quot;0&quot;,&quot;keywords&quot;:&quot;Array&quot;}\" data-image-title=\"009\" data-image-description=\"\" data-medium-file=\"https:\/\/www.colorado.com.br\/nosdacolorado\/wp-content\/uploads\/2024\/04\/009-300x225.jpg\" data-large-file=\"https:\/\/www.colorado.com.br\/nosdacolorado\/wp-content\/uploads\/2024\/04\/009.jpg\" width=\"800\" height=\"600\" src=\"https:\/\/www.colorado.com.br\/nosdacolorado\/wp-content\/uploads\/2024\/04\/009.jpg\" class=\"attachment-large size-large\" alt=\"\" srcset=\"https:\/\/www.colorado.com.br\/nosdacolorado\/wp-content\/uploads\/2024\/04\/009.jpg 800w, https:\/\/www.colorado.com.br\/nosdacolorado\/wp-content\/uploads\/2024\/04\/009-300x225.jpg 300w, https:\/\/www.colorado.com.br\/nosdacolorado\/wp-content\/uploads\/2024\/04\/009-768x576.jpg 768w\" sizes=\"auto, (max-width: 800px) 100vw, 800px\" \/><\/a>\n\t\t\t<\/dt><\/dl><br style=\"clear: both\" \/><dl class='gallery-item'>\n\t\t\t<dt class='gallery-icon landscape'>\n\t\t\t\t<a href='https:\/\/www.colorado.com.br\/nosdacolorado\/wp-content\/uploads\/2024\/04\/VB2_0285.jpg'><img loading=\"lazy\" decoding=\"async\" data-attachment-id=\"22744\" data-orig-file=\"https:\/\/www.colorado.com.br\/nosdacolorado\/wp-content\/uploads\/2024\/04\/VB2_0285.jpg\" data-orig-size=\"800,534\" data-comments-opened=\"0\" data-image-meta=\"{&quot;aperture&quot;:&quot;0&quot;,&quot;credit&quot;:&quot;&quot;,&quot;camera&quot;:&quot;&quot;,&quot;caption&quot;:&quot;&quot;,&quot;created_timestamp&quot;:&quot;0&quot;,&quot;copyright&quot;:&quot;&quot;,&quot;focal_length&quot;:&quot;0&quot;,&quot;iso&quot;:&quot;0&quot;,&quot;shutter_speed&quot;:&quot;0&quot;,&quot;title&quot;:&quot;&quot;,&quot;orientation&quot;:&quot;0&quot;,&quot;keywords&quot;:&quot;Array&quot;}\" data-image-title=\"VB2_0285\" data-image-description=\"\" data-medium-file=\"https:\/\/www.colorado.com.br\/nosdacolorado\/wp-content\/uploads\/2024\/04\/VB2_0285-300x200.jpg\" data-large-file=\"https:\/\/www.colorado.com.br\/nosdacolorado\/wp-content\/uploads\/2024\/04\/VB2_0285.jpg\" width=\"800\" height=\"534\" src=\"https:\/\/www.colorado.com.br\/nosdacolorado\/wp-content\/uploads\/2024\/04\/VB2_0285.jpg\" class=\"attachment-large size-large\" alt=\"\" srcset=\"https:\/\/www.colorado.com.br\/nosdacolorado\/wp-content\/uploads\/2024\/04\/VB2_0285.jpg 800w, https:\/\/www.colorado.com.br\/nosdacolorado\/wp-content\/uploads\/2024\/04\/VB2_0285-300x200.jpg 300w, https:\/\/www.colorado.com.br\/nosdacolorado\/wp-content\/uploads\/2024\/04\/VB2_0285-768x513.jpg 768w\" sizes=\"auto, (max-width: 800px) 100vw, 800px\" \/><\/a>\n\t\t\t<\/dt><\/dl><dl class='gallery-item'>\n\t\t\t<dt class='gallery-icon landscape'>\n\t\t\t\t<a href='https:\/\/www.colorado.com.br\/nosdacolorado\/wp-content\/uploads\/2024\/04\/VB2_0523.jpg'><img loading=\"lazy\" decoding=\"async\" data-attachment-id=\"22745\" data-orig-file=\"https:\/\/www.colorado.com.br\/nosdacolorado\/wp-content\/uploads\/2024\/04\/VB2_0523.jpg\" data-orig-size=\"800,534\" data-comments-opened=\"0\" data-image-meta=\"{&quot;aperture&quot;:&quot;0&quot;,&quot;credit&quot;:&quot;&quot;,&quot;camera&quot;:&quot;&quot;,&quot;caption&quot;:&quot;&quot;,&quot;created_timestamp&quot;:&quot;0&quot;,&quot;copyright&quot;:&quot;&quot;,&quot;focal_length&quot;:&quot;0&quot;,&quot;iso&quot;:&quot;0&quot;,&quot;shutter_speed&quot;:&quot;0&quot;,&quot;title&quot;:&quot;&quot;,&quot;orientation&quot;:&quot;0&quot;,&quot;keywords&quot;:&quot;Array&quot;}\" data-image-title=\"VB2_0523\" data-image-description=\"\" data-medium-file=\"https:\/\/www.colorado.com.br\/nosdacolorado\/wp-content\/uploads\/2024\/04\/VB2_0523-300x200.jpg\" data-large-file=\"https:\/\/www.colorado.com.br\/nosdacolorado\/wp-content\/uploads\/2024\/04\/VB2_0523.jpg\" width=\"800\" height=\"534\" src=\"https:\/\/www.colorado.com.br\/nosdacolorado\/wp-content\/uploads\/2024\/04\/VB2_0523.jpg\" class=\"attachment-large size-large\" alt=\"\" srcset=\"https:\/\/www.colorado.com.br\/nosdacolorado\/wp-content\/uploads\/2024\/04\/VB2_0523.jpg 800w, https:\/\/www.colorado.com.br\/nosdacolorado\/wp-content\/uploads\/2024\/04\/VB2_0523-300x200.jpg 300w, https:\/\/www.colorado.com.br\/nosdacolorado\/wp-content\/uploads\/2024\/04\/VB2_0523-768x513.jpg 768w\" sizes=\"auto, (max-width: 800px) 100vw, 800px\" \/><\/a>\n\t\t\t<\/dt><\/dl><dl class='gallery-item'>\n\t\t\t<dt class='gallery-icon landscape'>\n\t\t\t\t<a href='https:\/\/www.colorado.com.br\/nosdacolorado\/wp-content\/uploads\/2024\/04\/VB2_0544.jpg'><img loading=\"lazy\" decoding=\"async\" data-attachment-id=\"22746\" data-orig-file=\"https:\/\/www.colorado.com.br\/nosdacolorado\/wp-content\/uploads\/2024\/04\/VB2_0544.jpg\" data-orig-size=\"800,534\" data-comments-opened=\"0\" data-image-meta=\"{&quot;aperture&quot;:&quot;0&quot;,&quot;credit&quot;:&quot;&quot;,&quot;camera&quot;:&quot;&quot;,&quot;caption&quot;:&quot;&quot;,&quot;created_timestamp&quot;:&quot;0&quot;,&quot;copyright&quot;:&quot;&quot;,&quot;focal_length&quot;:&quot;0&quot;,&quot;iso&quot;:&quot;0&quot;,&quot;shutter_speed&quot;:&quot;0&quot;,&quot;title&quot;:&quot;&quot;,&quot;orientation&quot;:&quot;0&quot;,&quot;keywords&quot;:&quot;Array&quot;}\" data-image-title=\"VB2_0544\" data-image-description=\"\" data-medium-file=\"https:\/\/www.colorado.com.br\/nosdacolorado\/wp-content\/uploads\/2024\/04\/VB2_0544-300x200.jpg\" data-large-file=\"https:\/\/www.colorado.com.br\/nosdacolorado\/wp-content\/uploads\/2024\/04\/VB2_0544.jpg\" width=\"800\" height=\"534\" src=\"https:\/\/www.colorado.com.br\/nosdacolorado\/wp-content\/uploads\/2024\/04\/VB2_0544.jpg\" class=\"attachment-large size-large\" alt=\"\" srcset=\"https:\/\/www.colorado.com.br\/nosdacolorado\/wp-content\/uploads\/2024\/04\/VB2_0544.jpg 800w, https:\/\/www.colorado.com.br\/nosdacolorado\/wp-content\/uploads\/2024\/04\/VB2_0544-300x200.jpg 300w, https:\/\/www.colorado.com.br\/nosdacolorado\/wp-content\/uploads\/2024\/04\/VB2_0544-768x513.jpg 768w\" sizes=\"auto, (max-width: 800px) 100vw, 800px\" \/><\/a>\n\t\t\t<\/dt><\/dl><br style=\"clear: both\" \/><dl class='gallery-item'>\n\t\t\t<dt class='gallery-icon landscape'>\n\t\t\t\t<a href='https:\/\/www.colorado.com.br\/nosdacolorado\/wp-content\/uploads\/2024\/04\/VB2_0770.jpg'><img loading=\"lazy\" decoding=\"async\" data-attachment-id=\"22747\" data-orig-file=\"https:\/\/www.colorado.com.br\/nosdacolorado\/wp-content\/uploads\/2024\/04\/VB2_0770.jpg\" data-orig-size=\"800,534\" data-comments-opened=\"0\" data-image-meta=\"{&quot;aperture&quot;:&quot;0&quot;,&quot;credit&quot;:&quot;&quot;,&quot;camera&quot;:&quot;&quot;,&quot;caption&quot;:&quot;&quot;,&quot;created_timestamp&quot;:&quot;0&quot;,&quot;copyright&quot;:&quot;&quot;,&quot;focal_length&quot;:&quot;0&quot;,&quot;iso&quot;:&quot;0&quot;,&quot;shutter_speed&quot;:&quot;0&quot;,&quot;title&quot;:&quot;&quot;,&quot;orientation&quot;:&quot;0&quot;,&quot;keywords&quot;:&quot;Array&quot;}\" data-image-title=\"VB2_0770\" data-image-description=\"\" data-medium-file=\"https:\/\/www.colorado.com.br\/nosdacolorado\/wp-content\/uploads\/2024\/04\/VB2_0770-300x200.jpg\" data-large-file=\"https:\/\/www.colorado.com.br\/nosdacolorado\/wp-content\/uploads\/2024\/04\/VB2_0770.jpg\" width=\"800\" height=\"534\" src=\"https:\/\/www.colorado.com.br\/nosdacolorado\/wp-content\/uploads\/2024\/04\/VB2_0770.jpg\" class=\"attachment-large size-large\" alt=\"\" srcset=\"https:\/\/www.colorado.com.br\/nosdacolorado\/wp-content\/uploads\/2024\/04\/VB2_0770.jpg 800w, https:\/\/www.colorado.com.br\/nosdacolorado\/wp-content\/uploads\/2024\/04\/VB2_0770-300x200.jpg 300w, https:\/\/www.colorado.com.br\/nosdacolorado\/wp-content\/uploads\/2024\/04\/VB2_0770-768x513.jpg 768w\" sizes=\"auto, (max-width: 800px) 100vw, 800px\" \/><\/a>\n\t\t\t<\/dt><\/dl><dl class='gallery-item'>\n\t\t\t<dt class='gallery-icon landscape'>\n\t\t\t\t<a href='https:\/\/www.colorado.com.br\/nosdacolorado\/wp-content\/uploads\/2024\/04\/VB3_8178.jpg'><img loading=\"lazy\" decoding=\"async\" data-attachment-id=\"22748\" data-orig-file=\"https:\/\/www.colorado.com.br\/nosdacolorado\/wp-content\/uploads\/2024\/04\/VB3_8178.jpg\" data-orig-size=\"800,534\" data-comments-opened=\"0\" data-image-meta=\"{&quot;aperture&quot;:&quot;0&quot;,&quot;credit&quot;:&quot;&quot;,&quot;camera&quot;:&quot;&quot;,&quot;caption&quot;:&quot;&quot;,&quot;created_timestamp&quot;:&quot;0&quot;,&quot;copyright&quot;:&quot;&quot;,&quot;focal_length&quot;:&quot;0&quot;,&quot;iso&quot;:&quot;0&quot;,&quot;shutter_speed&quot;:&quot;0&quot;,&quot;title&quot;:&quot;&quot;,&quot;orientation&quot;:&quot;0&quot;,&quot;keywords&quot;:&quot;Array&quot;}\" data-image-title=\"VB3_8178\" data-image-description=\"\" data-medium-file=\"https:\/\/www.colorado.com.br\/nosdacolorado\/wp-content\/uploads\/2024\/04\/VB3_8178-300x200.jpg\" data-large-file=\"https:\/\/www.colorado.com.br\/nosdacolorado\/wp-content\/uploads\/2024\/04\/VB3_8178.jpg\" width=\"800\" height=\"534\" src=\"https:\/\/www.colorado.com.br\/nosdacolorado\/wp-content\/uploads\/2024\/04\/VB3_8178.jpg\" class=\"attachment-large size-large\" alt=\"\" srcset=\"https:\/\/www.colorado.com.br\/nosdacolorado\/wp-content\/uploads\/2024\/04\/VB3_8178.jpg 800w, https:\/\/www.colorado.com.br\/nosdacolorado\/wp-content\/uploads\/2024\/04\/VB3_8178-300x200.jpg 300w, https:\/\/www.colorado.com.br\/nosdacolorado\/wp-content\/uploads\/2024\/04\/VB3_8178-768x513.jpg 768w\" sizes=\"auto, (max-width: 800px) 100vw, 800px\" \/><\/a>\n\t\t\t<\/dt><\/dl><dl class='gallery-item'>\n\t\t\t<dt class='gallery-icon landscape'>\n\t\t\t\t<a href='https:\/\/www.colorado.com.br\/nosdacolorado\/wp-content\/uploads\/2024\/04\/VB3_8238.jpg'><img loading=\"lazy\" decoding=\"async\" data-attachment-id=\"22750\" data-orig-file=\"https:\/\/www.colorado.com.br\/nosdacolorado\/wp-content\/uploads\/2024\/04\/VB3_8238.jpg\" data-orig-size=\"800,534\" data-comments-opened=\"0\" data-image-meta=\"{&quot;aperture&quot;:&quot;0&quot;,&quot;credit&quot;:&quot;&quot;,&quot;camera&quot;:&quot;&quot;,&quot;caption&quot;:&quot;&quot;,&quot;created_timestamp&quot;:&quot;0&quot;,&quot;copyright&quot;:&quot;&quot;,&quot;focal_length&quot;:&quot;0&quot;,&quot;iso&quot;:&quot;0&quot;,&quot;shutter_speed&quot;:&quot;0&quot;,&quot;title&quot;:&quot;&quot;,&quot;orientation&quot;:&quot;0&quot;,&quot;keywords&quot;:&quot;Array&quot;}\" data-image-title=\"VB3_8238\" data-image-description=\"\" data-medium-file=\"https:\/\/www.colorado.com.br\/nosdacolorado\/wp-content\/uploads\/2024\/04\/VB3_8238-300x200.jpg\" data-large-file=\"https:\/\/www.colorado.com.br\/nosdacolorado\/wp-content\/uploads\/2024\/04\/VB3_8238.jpg\" width=\"800\" height=\"534\" src=\"https:\/\/www.colorado.com.br\/nosdacolorado\/wp-content\/uploads\/2024\/04\/VB3_8238.jpg\" class=\"attachment-large size-large\" alt=\"\" srcset=\"https:\/\/www.colorado.com.br\/nosdacolorado\/wp-content\/uploads\/2024\/04\/VB3_8238.jpg 800w, https:\/\/www.colorado.com.br\/nosdacolorado\/wp-content\/uploads\/2024\/04\/VB3_8238-300x200.jpg 300w, https:\/\/www.colorado.com.br\/nosdacolorado\/wp-content\/uploads\/2024\/04\/VB3_8238-768x513.jpg 768w\" sizes=\"auto, (max-width: 800px) 100vw, 800px\" \/><\/a>\n\t\t\t<\/dt><\/dl><br style=\"clear: both\" \/><dl class='gallery-item'>\n\t\t\t<dt class='gallery-icon landscape'>\n\t\t\t\t<a href='https:\/\/www.colorado.com.br\/nosdacolorado\/wp-content\/uploads\/2024\/04\/VB3_8385.jpg'><img loading=\"lazy\" decoding=\"async\" data-attachment-id=\"22751\" data-orig-file=\"https:\/\/www.colorado.com.br\/nosdacolorado\/wp-content\/uploads\/2024\/04\/VB3_8385.jpg\" data-orig-size=\"800,534\" data-comments-opened=\"0\" data-image-meta=\"{&quot;aperture&quot;:&quot;0&quot;,&quot;credit&quot;:&quot;&quot;,&quot;camera&quot;:&quot;&quot;,&quot;caption&quot;:&quot;&quot;,&quot;created_timestamp&quot;:&quot;0&quot;,&quot;copyright&quot;:&quot;&quot;,&quot;focal_length&quot;:&quot;0&quot;,&quot;iso&quot;:&quot;0&quot;,&quot;shutter_speed&quot;:&quot;0&quot;,&quot;title&quot;:&quot;&quot;,&quot;orientation&quot;:&quot;0&quot;,&quot;keywords&quot;:&quot;Array&quot;}\" data-image-title=\"VB3_8385\" data-image-description=\"\" data-medium-file=\"https:\/\/www.colorado.com.br\/nosdacolorado\/wp-content\/uploads\/2024\/04\/VB3_8385-300x200.jpg\" data-large-file=\"https:\/\/www.colorado.com.br\/nosdacolorado\/wp-content\/uploads\/2024\/04\/VB3_8385.jpg\" width=\"800\" height=\"534\" src=\"https:\/\/www.colorado.com.br\/nosdacolorado\/wp-content\/uploads\/2024\/04\/VB3_8385.jpg\" class=\"attachment-large size-large\" alt=\"\" srcset=\"https:\/\/www.colorado.com.br\/nosdacolorado\/wp-content\/uploads\/2024\/04\/VB3_8385.jpg 800w, https:\/\/www.colorado.com.br\/nosdacolorado\/wp-content\/uploads\/2024\/04\/VB3_8385-300x200.jpg 300w, https:\/\/www.colorado.com.br\/nosdacolorado\/wp-content\/uploads\/2024\/04\/VB3_8385-768x513.jpg 768w\" sizes=\"auto, (max-width: 800px) 100vw, 800px\" \/><\/a>\n\t\t\t<\/dt><\/dl><dl class='gallery-item'>\n\t\t\t<dt class='gallery-icon landscape'>\n\t\t\t\t<a href='https:\/\/www.colorado.com.br\/nosdacolorado\/wp-content\/uploads\/2024\/04\/VB3_8460.jpg'><img loading=\"lazy\" decoding=\"async\" data-attachment-id=\"22752\" data-orig-file=\"https:\/\/www.colorado.com.br\/nosdacolorado\/wp-content\/uploads\/2024\/04\/VB3_8460.jpg\" data-orig-size=\"800,534\" data-comments-opened=\"0\" data-image-meta=\"{&quot;aperture&quot;:&quot;0&quot;,&quot;credit&quot;:&quot;&quot;,&quot;camera&quot;:&quot;&quot;,&quot;caption&quot;:&quot;&quot;,&quot;created_timestamp&quot;:&quot;0&quot;,&quot;copyright&quot;:&quot;&quot;,&quot;focal_length&quot;:&quot;0&quot;,&quot;iso&quot;:&quot;0&quot;,&quot;shutter_speed&quot;:&quot;0&quot;,&quot;title&quot;:&quot;&quot;,&quot;orientation&quot;:&quot;0&quot;,&quot;keywords&quot;:&quot;Array&quot;}\" data-image-title=\"VB3_8460\" data-image-description=\"\" data-medium-file=\"https:\/\/www.colorado.com.br\/nosdacolorado\/wp-content\/uploads\/2024\/04\/VB3_8460-300x200.jpg\" data-large-file=\"https:\/\/www.colorado.com.br\/nosdacolorado\/wp-content\/uploads\/2024\/04\/VB3_8460.jpg\" width=\"800\" height=\"534\" src=\"https:\/\/www.colorado.com.br\/nosdacolorado\/wp-content\/uploads\/2024\/04\/VB3_8460.jpg\" class=\"attachment-large size-large\" alt=\"\" srcset=\"https:\/\/www.colorado.com.br\/nosdacolorado\/wp-content\/uploads\/2024\/04\/VB3_8460.jpg 800w, https:\/\/www.colorado.com.br\/nosdacolorado\/wp-content\/uploads\/2024\/04\/VB3_8460-300x200.jpg 300w, https:\/\/www.colorado.com.br\/nosdacolorado\/wp-content\/uploads\/2024\/04\/VB3_8460-768x513.jpg 768w\" sizes=\"auto, (max-width: 800px) 100vw, 800px\" \/><\/a>\n\t\t\t<\/dt><\/dl><dl class='gallery-item'>\n\t\t\t<dt class='gallery-icon landscape'>\n\t\t\t\t<a href='https:\/\/www.colorado.com.br\/nosdacolorado\/wp-content\/uploads\/2024\/04\/VB3_8215.jpg'><img loading=\"lazy\" decoding=\"async\" data-attachment-id=\"22749\" data-orig-file=\"https:\/\/www.colorado.com.br\/nosdacolorado\/wp-content\/uploads\/2024\/04\/VB3_8215.jpg\" data-orig-size=\"800,534\" data-comments-opened=\"0\" data-image-meta=\"{&quot;aperture&quot;:&quot;0&quot;,&quot;credit&quot;:&quot;&quot;,&quot;camera&quot;:&quot;&quot;,&quot;caption&quot;:&quot;&quot;,&quot;created_timestamp&quot;:&quot;0&quot;,&quot;copyright&quot;:&quot;&quot;,&quot;focal_length&quot;:&quot;0&quot;,&quot;iso&quot;:&quot;0&quot;,&quot;shutter_speed&quot;:&quot;0&quot;,&quot;title&quot;:&quot;&quot;,&quot;orientation&quot;:&quot;0&quot;,&quot;keywords&quot;:&quot;Array&quot;}\" data-image-title=\"VB3_8215\" data-image-description=\"\" data-medium-file=\"https:\/\/www.colorado.com.br\/nosdacolorado\/wp-content\/uploads\/2024\/04\/VB3_8215-300x200.jpg\" data-large-file=\"https:\/\/www.colorado.com.br\/nosdacolorado\/wp-content\/uploads\/2024\/04\/VB3_8215.jpg\" width=\"800\" height=\"534\" src=\"https:\/\/www.colorado.com.br\/nosdacolorado\/wp-content\/uploads\/2024\/04\/VB3_8215.jpg\" class=\"attachment-large size-large\" alt=\"\" srcset=\"https:\/\/www.colorado.com.br\/nosdacolorado\/wp-content\/uploads\/2024\/04\/VB3_8215.jpg 800w, https:\/\/www.colorado.com.br\/nosdacolorado\/wp-content\/uploads\/2024\/04\/VB3_8215-300x200.jpg 300w, https:\/\/www.colorado.com.br\/nosdacolorado\/wp-content\/uploads\/2024\/04\/VB3_8215-768x513.jpg 768w\" sizes=\"auto, (max-width: 800px) 100vw, 800px\" \/><\/a>\n\t\t\t<\/dt><\/dl><br style=\"clear: both\" \/>\n\t\t<\/div>\n\n[\/vc_column_text][\/vc_column][\/vc_row]\n","protected":false},"excerpt":{"rendered":"<p>[vc_row type=&#8221;in_container&#8221; full_screen_row_position=&#8221;middle&#8221; column_margin=&#8221;default&#8221; column_direction=&#8221;default&#8221; column_direction_tablet=&#8221;default&#8221; column_direction_phone=&#8221;default&#8221; scene_position=&#8221;center&#8221; text_color=&#8221;dark&#8221; text_align=&#8221;left&#8221; row_border_radius=&#8221;none&#8221; row_border_radius_applies=&#8221;bg&#8221; overflow=&#8221;visible&#8221; overlay_strength=&#8221;0.3&#8243; gradient_direction=&#8221;left_to_right&#8221; shape_divider_position=&#8221;bottom&#8221; bg_image_animation=&#8221;none&#8221;][vc_column column_padding=&#8221;no-extra-padding&#8221; column_padding_tablet=&#8221;inherit&#8221; column_padding_phone=&#8221;inherit&#8221; column_padding_position=&#8221;all&#8221; column_element_direction_desktop=&#8221;default&#8221; column_element_spacing=&#8221;default&#8221; desktop_text_alignment=&#8221;default&#8221; tablet_text_alignment=&#8221;default&#8221; phone_text_alignment=&#8221;default&#8221; background_color_opacity=&#8221;1&#8243; background_hover_color_opacity=&#8221;1&#8243; column_backdrop_filter=&#8221;none&#8221; column_shadow=&#8221;none&#8221;&#8230;<\/p>\n","protected":false},"author":1,"featured_media":22727,"comment_status":"closed","ping_status":"open","sticky":false,"template":"","format":"standard","meta":{"footnotes":""},"categories":[7],"tags":[],"class_list":{"0":"post-22726","1":"post","2":"type-post","3":"status-publish","4":"format-standard","5":"has-post-thumbnail","7":"category-atualidade"},"_links":{"self":[{"href":"https:\/\/www.colorado.com.br\/nosdacolorado\/wp-json\/wp\/v2\/posts\/22726","targetHints":{"allow":["GET"]}}],"collection":[{"href":"https:\/\/www.colorado.com.br\/nosdacolorado\/wp-json\/wp\/v2\/posts"}],"about":[{"href":"https:\/\/www.colorado.com.br\/nosdacolorado\/wp-json\/wp\/v2\/types\/post"}],"author":[{"embeddable":true,"href":"https:\/\/www.colorado.com.br\/nosdacolorado\/wp-json\/wp\/v2\/users\/1"}],"replies":[{"embeddable":true,"href":"https:\/\/www.colorado.com.br\/nosdacolorado\/wp-json\/wp\/v2\/comments?post=22726"}],"version-history":[{"count":11,"href":"https:\/\/www.colorado.com.br\/nosdacolorado\/wp-json\/wp\/v2\/posts\/22726\/revisions"}],"predecessor-version":[{"id":22757,"href":"https:\/\/www.colorado.com.br\/nosdacolorado\/wp-json\/wp\/v2\/posts\/22726\/revisions\/22757"}],"wp:featuredmedia":[{"embeddable":true,"href":"https:\/\/www.colorado.com.br\/nosdacolorado\/wp-json\/wp\/v2\/media\/22727"}],"wp:attachment":[{"href":"https:\/\/www.colorado.com.br\/nosdacolorado\/wp-json\/wp\/v2\/media?parent=22726"}],"wp:term":[{"taxonomy":"category","embeddable":true,"href":"https:\/\/www.colorado.com.br\/nosdacolorado\/wp-json\/wp\/v2\/categories?post=22726"},{"taxonomy":"post_tag","embeddable":true,"href":"https:\/\/www.colorado.com.br\/nosdacolorado\/wp-json\/wp\/v2\/tags?post=22726"}],"curies":[{"name":"wp","href":"https:\/\/api.w.org\/{rel}","templated":true}]}}