{"id":2275,"date":"2019-12-20T17:45:08","date_gmt":"2019-12-20T19:45:08","guid":{"rendered":"http:\/\/www.colorado.com.br\/nosdacolorado\/?p=2275"},"modified":"2020-01-13T17:55:08","modified_gmt":"2020-01-13T19:55:08","slug":"educacao-para-o-trabalho-com-o-patrocinio-da-usina-colorado-pet-novas-conexoes-totaliza-1-132-jovens-formados-para-o-mundo-do-trabalho","status":"publish","type":"post","link":"https:\/\/www.colorado.com.br\/nosdacolorado\/educacao-para-o-trabalho-com-o-patrocinio-da-usina-colorado-pet-novas-conexoes-totaliza-1-132-jovens-formados-para-o-mundo-do-trabalho\/","title":{"rendered":"EDUCA\u00c7\u00c3O PARA O TRABALHO: Com o patroc\u00ednio da Usina Colorado, PET Novas Conex\u00f5es totaliza 1.132 jovens formados para o mundo do trabalho"},"content":{"rendered":"<p>Contribuir para o desenvolvimento pessoal e profissional de jovens, auxiliando-os no desenvolvimento de compet\u00eancias que ampliem suas possibilidades de inser\u00e7\u00e3o no mercado de trabalho, gera\u00e7\u00e3o de renda e participa\u00e7\u00e3o na sociedade \u00e9 o prop\u00f3sito do Programa Educa\u00e7\u00e3o para o Trabalho \u2013 PET Novas Conex\u00f5es, que com o patroc\u00ednio da Usina Colorado, desde o ano de 2003 j\u00e1 formou 1.132 alunos em 37 cursos realizados pelo Senac nas cidades de Gua\u00edra, Ipu\u00e3, Miguel\u00f3polis, Orl\u00e2ndia e Sales Oliveira.<br \/>\nA Sociedade Guairense de Benefic\u00eancia \u2013 Sogube \u00e9 parceira do PET Novas Conex\u00f5es em Gua\u00edra, contribuindo com o espa\u00e7o , divulga\u00e7\u00e3o e sensibiliza\u00e7\u00e3o de jovens e adolescentes para a import\u00e2ncia da participa\u00e7\u00e3o.<br \/>\nNa \u00faltima quinta-feira, 14 de novembro, foi a vez de 25 alunos de escolas p\u00fablicas de Gua\u00edra, que participaram do PET Novas Conex\u00f5es receberem seus certificados de conclus\u00e3o do Programa em cerim\u00f4nia que contou com a presen\u00e7a da Diretora de Responsabilidade Social do Grupo Colorado, Josimara Ribeiro de Mendon\u00e7a.<br \/>\nTamb\u00e9m participaram da solenidade o gerente do Senac Barretos, \u00c9merson de Mello, a integrante do setor t\u00e9cnico, Vanessa Culti Gim\u00e9nez; a docente da turma Regiani Longo Fuzio e a Supervisora de Comunica\u00e7\u00e3o e Responsabilidade Social do Grupo Colorado, Maria In\u00eas Mac\u00f3rio Guedes Moreira de Carvalho.<br \/>\nA cerim\u00f4nia de entrega dos certificados aconteceu na Sala de Cinema Cinergia e reuniu familiares e amigos dos formandos que comemoraram a conquista ao final de 83 encontros de forma\u00e7\u00e3o.<\/p>\n<p><strong>Espa\u00e7o de conviv\u00eancia<\/strong><br \/>\n\u201cEstamos felizes por participar deste momento t\u00e3o importante. Deste momento de conquista. N\u00f3s do Grupo Colorado temos uma grande satisfa\u00e7\u00e3o em poder patrocinar uma nova turma do Programa de Educa\u00e7\u00e3o para o Trabalho \u2013 PET Novas Conex\u00f5es. H\u00e1 pouqu\u00edssimo tempo, esses jovens chegaram at\u00e9 aqui, confiando na equipe de professores. Eles se dedicaram, se prepararam, e o resultado \u00e9 a sua formatura pelo Programa, que \u00e9 o primeiro passo para que eles ingressem de forma muito positiva no mundo do Trabalho. Tudo nesta vida \u00e9 quest\u00e3o de oportunidade. E o PET significa exatamente isto: oportunidade.\u201d, afirmou Josimara ao falar para os formandos.<br \/>\nA diretora da Usina Colorado destacou o papel do Senac: \u201co Senac desenvolveu um bel\u00edssimo trabalho de integra\u00e7\u00e3o da turma e tamb\u00e9m de conscientiza\u00e7\u00e3o com rela\u00e7\u00e3o ao comportamento adequado para o mercado. E foi muito bom poder dizer que hoje, esta turma est\u00e1 perfeitamente integrada. Os alunos se respeitam como indiv\u00edduos e como grupo. Eles foram se desenvolvendo como grupo. Eles foram se desenvolvendo e compreendendo a import\u00e2ncia da mudan\u00e7a de comportamento e do que o mercado espera deles. Temos hoje formandos extremamente comprometidos e participativos, al\u00e9m de muito comunicativos. E eu refor\u00e7o que a pro atividade e a capacidade de comunica\u00e7\u00e3o s\u00e3o elementos muito importantes para uma boa vida profissional. Aos jovens que hoje se formam, esperamos ter dado a contribui\u00e7\u00e3o fundamental para que eles se estabele\u00e7am, que construam um futuro melhor. Que eles sempre se lembrem do PET como um espa\u00e7o para a conviv\u00eancia, um momento de aprendizado e oportunidades. Aos pais, um cordial abra\u00e7o. Confiem nessa mo\u00e7ada, porque o futuro pertence a eles. Esperamos sinceramente que tenham sempre motivo para se orgulharem de seus filhos. Queremos ver os bons resultados que plantamos at\u00e9 aqui. O futuro espera por voc\u00eas. E o futuro come\u00e7a a ser constru\u00eddo hoje.\u201d, finalizou Josimara.<br \/>\nA participa\u00e7\u00e3o da Diretora do Grupo Colorado sensibilizou os alunos. A turma de formandos destacou a oradora Melissa Moreira Lacativa que fez a fala de agradecimento aos patrocinadores: \u201cEm nome dos alunos gostaria de agradecer ao Grupo Colorado por acreditar que os jovens guairenses t\u00eam potencial e que s\u00f3 necessitam de apoio e oportunidades. Pensar em como podemos agradecer esse grande gesto \u00e9 muito dif\u00edcil&#8230; Agradeceremos com gestos, atos e sendo os profissionais e cidad\u00e3os nos quais voc\u00eas apostaram. Nos comprometemos em propagar toda a aprendizagem vivenciada nestes 83 encontros. E hoje, tenha a certeza de que estes 24 alunos est\u00e3o finalizando este processo melhores do que entraram, mais conscientes, emp\u00e1ticos, mais assertivos ao se comunicar. Encorajados a confiar em si e no quanto somos fortes e capazes para conquistar o que sonhamos&#8230; ao investir no desenvolvimento de pessoas, investem automaticamente no desenvolvimento de toda uma sociedade.\u201d, concluiu a aluna.<\/p>\n<h2>Gua\u00edra \u00e9 o munic\u00edpio da regi\u00e3o com o maior n\u00famero de alunos formados pelo PET<\/h2>\n<p>Dos 1.132 adolescentes e jovens formados pelo Programa de Educa\u00e7\u00e3o para o Trabalho \u2013 PET e PET Novas Conex\u00f5es, 564 alunos, ou seja mais da metade, s\u00e3o de Gua\u00edra.<br \/>\nDesde 2003 a cidade sediou 19 das 37 turmas do Programa. Miguel\u00f3polis \u00e9 o segundo munic\u00edpio em n\u00famero de formandos: 369 ao todo, em 13 turmas.<\/p>\n\n\t\t<style type=\"text\/css\">\n\t\t\t#gallery-1 {\n\t\t\t\tmargin: auto;\n\t\t\t}\n\t\t\t#gallery-1 .gallery-item {\n\t\t\t\tfloat: left;\n\t\t\t\tmargin-top: 10px;\n\t\t\t\ttext-align: center;\n\t\t\t\twidth: 33%;\n\t\t\t}\n\t\t\t#gallery-1 img {\n\t\t\t\tborder: 2px solid #cfcfcf;\n\t\t\t}\n\t\t\t#gallery-1 .gallery-caption {\n\t\t\t\tmargin-left: 0;\n\t\t\t}\n\t\t\t\/* see gallery_shortcode() in wp-includes\/media.php *\/\n\t\t<\/style>\n\t\t<div data-carousel-extra='{\"blog_id\":1,\"permalink\":\"https:\\\/\\\/www.colorado.com.br\\\/nosdacolorado\\\/educacao-para-o-trabalho-com-o-patrocinio-da-usina-colorado-pet-novas-conexoes-totaliza-1-132-jovens-formados-para-o-mundo-do-trabalho\\\/\"}' id='gallery-1' class='gallery galleryid-2275 gallery-columns-3 gallery-size-full'><dl class='gallery-item'>\n\t\t\t<dt class='gallery-icon landscape'>\n\t\t\t\t<a href='https:\/\/www.colorado.com.br\/nosdacolorado\/wp-content\/uploads\/2020\/01\/DSC_0520.jpg'><img loading=\"lazy\" decoding=\"async\" data-attachment-id=\"2277\" data-orig-file=\"https:\/\/www.colorado.com.br\/nosdacolorado\/wp-content\/uploads\/2020\/01\/DSC_0520.jpg\" data-orig-size=\"2362,1575\" data-comments-opened=\"1\" data-image-meta=\"{&quot;aperture&quot;:&quot;4.5&quot;,&quot;credit&quot;:&quot;&quot;,&quot;camera&quot;:&quot;NIKON D5300&quot;,&quot;caption&quot;:&quot;&quot;,&quot;created_timestamp&quot;:&quot;1573755457&quot;,&quot;copyright&quot;:&quot;&quot;,&quot;focal_length&quot;:&quot;34&quot;,&quot;iso&quot;:&quot;3200&quot;,&quot;shutter_speed&quot;:&quot;0.016666666666667&quot;,&quot;title&quot;:&quot;&quot;,&quot;orientation&quot;:&quot;1&quot;,&quot;keywords&quot;:&quot;Array&quot;}\" data-image-title=\"DSC_0520\" data-image-description=\"\" data-medium-file=\"https:\/\/www.colorado.com.br\/nosdacolorado\/wp-content\/uploads\/2020\/01\/DSC_0520-300x200.jpg\" data-large-file=\"https:\/\/www.colorado.com.br\/nosdacolorado\/wp-content\/uploads\/2020\/01\/DSC_0520-1024x683.jpg\" width=\"2362\" height=\"1575\" src=\"https:\/\/www.colorado.com.br\/nosdacolorado\/wp-content\/uploads\/2020\/01\/DSC_0520.jpg\" class=\"attachment-full size-full\" alt=\"\" srcset=\"https:\/\/www.colorado.com.br\/nosdacolorado\/wp-content\/uploads\/2020\/01\/DSC_0520.jpg 2362w, https:\/\/www.colorado.com.br\/nosdacolorado\/wp-content\/uploads\/2020\/01\/DSC_0520-300x200.jpg 300w, https:\/\/www.colorado.com.br\/nosdacolorado\/wp-content\/uploads\/2020\/01\/DSC_0520-768x512.jpg 768w, https:\/\/www.colorado.com.br\/nosdacolorado\/wp-content\/uploads\/2020\/01\/DSC_0520-1024x683.jpg 1024w, https:\/\/www.colorado.com.br\/nosdacolorado\/wp-content\/uploads\/2020\/01\/DSC_0520-900x600.jpg 900w\" sizes=\"auto, (max-width: 2362px) 100vw, 2362px\" \/><\/a>\n\t\t\t<\/dt><\/dl><dl class='gallery-item'>\n\t\t\t<dt class='gallery-icon landscape'>\n\t\t\t\t<a href='https:\/\/www.colorado.com.br\/nosdacolorado\/wp-content\/uploads\/2020\/01\/IMG_1041.jpg'><img loading=\"lazy\" decoding=\"async\" data-attachment-id=\"2280\" data-orig-file=\"https:\/\/www.colorado.com.br\/nosdacolorado\/wp-content\/uploads\/2020\/01\/IMG_1041.jpg\" data-orig-size=\"2362,1772\" data-comments-opened=\"1\" data-image-meta=\"{&quot;aperture&quot;:&quot;1.8&quot;,&quot;credit&quot;:&quot;&quot;,&quot;camera&quot;:&quot;iPhone 7 Plus&quot;,&quot;caption&quot;:&quot;&quot;,&quot;created_timestamp&quot;:&quot;1573754169&quot;,&quot;copyright&quot;:&quot;&quot;,&quot;focal_length&quot;:&quot;3.99&quot;,&quot;iso&quot;:&quot;80&quot;,&quot;shutter_speed&quot;:&quot;0.16666666666667&quot;,&quot;title&quot;:&quot;&quot;,&quot;orientation&quot;:&quot;1&quot;,&quot;keywords&quot;:&quot;Array&quot;}\" data-image-title=\"IMG_1041\" data-image-description=\"\" data-medium-file=\"https:\/\/www.colorado.com.br\/nosdacolorado\/wp-content\/uploads\/2020\/01\/IMG_1041-300x225.jpg\" data-large-file=\"https:\/\/www.colorado.com.br\/nosdacolorado\/wp-content\/uploads\/2020\/01\/IMG_1041-1024x768.jpg\" width=\"2362\" height=\"1772\" src=\"https:\/\/www.colorado.com.br\/nosdacolorado\/wp-content\/uploads\/2020\/01\/IMG_1041.jpg\" class=\"attachment-full size-full\" alt=\"\" srcset=\"https:\/\/www.colorado.com.br\/nosdacolorado\/wp-content\/uploads\/2020\/01\/IMG_1041.jpg 2362w, https:\/\/www.colorado.com.br\/nosdacolorado\/wp-content\/uploads\/2020\/01\/IMG_1041-300x225.jpg 300w, https:\/\/www.colorado.com.br\/nosdacolorado\/wp-content\/uploads\/2020\/01\/IMG_1041-768x576.jpg 768w, https:\/\/www.colorado.com.br\/nosdacolorado\/wp-content\/uploads\/2020\/01\/IMG_1041-1024x768.jpg 1024w\" sizes=\"auto, (max-width: 2362px) 100vw, 2362px\" \/><\/a>\n\t\t\t<\/dt><\/dl><dl class='gallery-item'>\n\t\t\t<dt class='gallery-icon landscape'>\n\t\t\t\t<a href='https:\/\/www.colorado.com.br\/nosdacolorado\/wp-content\/uploads\/2020\/01\/DSC06260.jpg'><img loading=\"lazy\" decoding=\"async\" data-attachment-id=\"2279\" data-orig-file=\"https:\/\/www.colorado.com.br\/nosdacolorado\/wp-content\/uploads\/2020\/01\/DSC06260.jpg\" data-orig-size=\"2756,1831\" data-comments-opened=\"1\" data-image-meta=\"{&quot;aperture&quot;:&quot;4&quot;,&quot;credit&quot;:&quot;&quot;,&quot;camera&quot;:&quot;SLT-A57&quot;,&quot;caption&quot;:&quot;&quot;,&quot;created_timestamp&quot;:&quot;1573755180&quot;,&quot;copyright&quot;:&quot;&quot;,&quot;focal_length&quot;:&quot;24&quot;,&quot;iso&quot;:&quot;400&quot;,&quot;shutter_speed&quot;:&quot;0.016666666666667&quot;,&quot;title&quot;:&quot;&quot;,&quot;orientation&quot;:&quot;1&quot;,&quot;keywords&quot;:&quot;Array&quot;}\" data-image-title=\"DSC06260\" data-image-description=\"\" data-medium-file=\"https:\/\/www.colorado.com.br\/nosdacolorado\/wp-content\/uploads\/2020\/01\/DSC06260-300x199.jpg\" data-large-file=\"https:\/\/www.colorado.com.br\/nosdacolorado\/wp-content\/uploads\/2020\/01\/DSC06260-1024x680.jpg\" width=\"2756\" height=\"1831\" src=\"https:\/\/www.colorado.com.br\/nosdacolorado\/wp-content\/uploads\/2020\/01\/DSC06260.jpg\" class=\"attachment-full size-full\" alt=\"\" srcset=\"https:\/\/www.colorado.com.br\/nosdacolorado\/wp-content\/uploads\/2020\/01\/DSC06260.jpg 2756w, https:\/\/www.colorado.com.br\/nosdacolorado\/wp-content\/uploads\/2020\/01\/DSC06260-300x199.jpg 300w, https:\/\/www.colorado.com.br\/nosdacolorado\/wp-content\/uploads\/2020\/01\/DSC06260-768x510.jpg 768w, https:\/\/www.colorado.com.br\/nosdacolorado\/wp-content\/uploads\/2020\/01\/DSC06260-1024x680.jpg 1024w\" sizes=\"auto, (max-width: 2756px) 100vw, 2756px\" \/><\/a>\n\t\t\t<\/dt><\/dl><br style=\"clear: both\" \/>\n\t\t<\/div>\n\n","protected":false},"excerpt":{"rendered":"<p>Contribuir para o desenvolvimento pessoal e profissional de jovens, auxiliando-os no desenvolvimento de compet\u00eancias que ampliem suas possibilidades de inser\u00e7\u00e3o no mercado de trabalho, gera\u00e7\u00e3o de renda e participa\u00e7\u00e3o na&#8230;<\/p>\n","protected":false},"author":2,"featured_media":2276,"comment_status":"open","ping_status":"open","sticky":false,"template":"","format":"standard","meta":{"footnotes":""},"categories":[11],"tags":[],"class_list":{"0":"post-2275","1":"post","2":"type-post","3":"status-publish","4":"format-standard","5":"has-post-thumbnail","7":"category-acontece-na-colorado"},"_links":{"self":[{"href":"https:\/\/www.colorado.com.br\/nosdacolorado\/wp-json\/wp\/v2\/posts\/2275","targetHints":{"allow":["GET"]}}],"collection":[{"href":"https:\/\/www.colorado.com.br\/nosdacolorado\/wp-json\/wp\/v2\/posts"}],"about":[{"href":"https:\/\/www.colorado.com.br\/nosdacolorado\/wp-json\/wp\/v2\/types\/post"}],"author":[{"embeddable":true,"href":"https:\/\/www.colorado.com.br\/nosdacolorado\/wp-json\/wp\/v2\/users\/2"}],"replies":[{"embeddable":true,"href":"https:\/\/www.colorado.com.br\/nosdacolorado\/wp-json\/wp\/v2\/comments?post=2275"}],"version-history":[{"count":1,"href":"https:\/\/www.colorado.com.br\/nosdacolorado\/wp-json\/wp\/v2\/posts\/2275\/revisions"}],"predecessor-version":[{"id":2281,"href":"https:\/\/www.colorado.com.br\/nosdacolorado\/wp-json\/wp\/v2\/posts\/2275\/revisions\/2281"}],"wp:featuredmedia":[{"embeddable":true,"href":"https:\/\/www.colorado.com.br\/nosdacolorado\/wp-json\/wp\/v2\/media\/2276"}],"wp:attachment":[{"href":"https:\/\/www.colorado.com.br\/nosdacolorado\/wp-json\/wp\/v2\/media?parent=2275"}],"wp:term":[{"taxonomy":"category","embeddable":true,"href":"https:\/\/www.colorado.com.br\/nosdacolorado\/wp-json\/wp\/v2\/categories?post=2275"},{"taxonomy":"post_tag","embeddable":true,"href":"https:\/\/www.colorado.com.br\/nosdacolorado\/wp-json\/wp\/v2\/tags?post=2275"}],"curies":[{"name":"wp","href":"https:\/\/api.w.org\/{rel}","templated":true}]}}