{"id":2283,"date":"2020-01-15T10:57:12","date_gmt":"2020-01-15T12:57:12","guid":{"rendered":"http:\/\/www.colorado.com.br\/nosdacolorado\/?p=2283"},"modified":"2020-01-15T10:57:12","modified_gmt":"2020-01-15T12:57:12","slug":"volta-as-aulas-credcol-os-socios-contam-com-subsidio-para-compra-de-material-escolar","status":"publish","type":"post","link":"https:\/\/www.colorado.com.br\/nosdacolorado\/volta-as-aulas-credcol-os-socios-contam-com-subsidio-para-compra-de-material-escolar\/","title":{"rendered":"VOLTA \u00c0S AULAS CREDCOL: Os s\u00f3cios contam com subs\u00eddio para compra de material escolar"},"content":{"rendered":"<p><img loading=\"lazy\" decoding=\"async\" class=\"aligncenter wp-image-2284 size-full\" src=\"http:\/\/www.colorado.com.br\/nosdacolorado\/wp-content\/uploads\/2020\/01\/VOLTA-AS-AULAS-CREDCOL.png\" alt=\"\" width=\"1063\" height=\"1503\" srcset=\"https:\/\/www.colorado.com.br\/nosdacolorado\/wp-content\/uploads\/2020\/01\/VOLTA-AS-AULAS-CREDCOL.png 1063w, https:\/\/www.colorado.com.br\/nosdacolorado\/wp-content\/uploads\/2020\/01\/VOLTA-AS-AULAS-CREDCOL-212x300.png 212w, https:\/\/www.colorado.com.br\/nosdacolorado\/wp-content\/uploads\/2020\/01\/VOLTA-AS-AULAS-CREDCOL-768x1086.png 768w, https:\/\/www.colorado.com.br\/nosdacolorado\/wp-content\/uploads\/2020\/01\/VOLTA-AS-AULAS-CREDCOL-724x1024.png 724w\" sizes=\"auto, (max-width: 1063px) 100vw, 1063px\" \/><\/p>\n","protected":false},"excerpt":{"rendered":"","protected":false},"author":2,"featured_media":2285,"comment_status":"open","ping_status":"open","sticky":false,"template":"","format":"standard","meta":{"footnotes":""},"categories":[10],"tags":[],"class_list":{"0":"post-2283","1":"post","2":"type-post","3":"status-publish","4":"format-standard","5":"has-post-thumbnail","7":"category-credcol"},"_links":{"self":[{"href":"https:\/\/www.colorado.com.br\/nosdacolorado\/wp-json\/wp\/v2\/posts\/2283","targetHints":{"allow":["GET"]}}],"collection":[{"href":"https:\/\/www.colorado.com.br\/nosdacolorado\/wp-json\/wp\/v2\/posts"}],"about":[{"href":"https:\/\/www.colorado.com.br\/nosdacolorado\/wp-json\/wp\/v2\/types\/post"}],"author":[{"embeddable":true,"href":"https:\/\/www.colorado.com.br\/nosdacolorado\/wp-json\/wp\/v2\/users\/2"}],"replies":[{"embeddable":true,"href":"https:\/\/www.colorado.com.br\/nosdacolorado\/wp-json\/wp\/v2\/comments?post=2283"}],"version-history":[{"count":1,"href":"https:\/\/www.colorado.com.br\/nosdacolorado\/wp-json\/wp\/v2\/posts\/2283\/revisions"}],"predecessor-version":[{"id":2286,"href":"https:\/\/www.colorado.com.br\/nosdacolorado\/wp-json\/wp\/v2\/posts\/2283\/revisions\/2286"}],"wp:featuredmedia":[{"embeddable":true,"href":"https:\/\/www.colorado.com.br\/nosdacolorado\/wp-json\/wp\/v2\/media\/2285"}],"wp:attachment":[{"href":"https:\/\/www.colorado.com.br\/nosdacolorado\/wp-json\/wp\/v2\/media?parent=2283"}],"wp:term":[{"taxonomy":"category","embeddable":true,"href":"https:\/\/www.colorado.com.br\/nosdacolorado\/wp-json\/wp\/v2\/categories?post=2283"},{"taxonomy":"post_tag","embeddable":true,"href":"https:\/\/www.colorado.com.br\/nosdacolorado\/wp-json\/wp\/v2\/tags?post=2283"}],"curies":[{"name":"wp","href":"https:\/\/api.w.org\/{rel}","templated":true}]}}