{"id":2315,"date":"2019-12-20T16:03:43","date_gmt":"2019-12-20T18:03:43","guid":{"rendered":"http:\/\/www.colorado.com.br\/nosdacolorado\/?p=2315"},"modified":"2020-01-15T16:05:31","modified_gmt":"2020-01-15T18:05:31","slug":"reconhecimento-credcol-esta-entre-as-duas-primeiras-cooperativas-de-credito-do-estado-de-sao-paulo","status":"publish","type":"post","link":"https:\/\/www.colorado.com.br\/nosdacolorado\/reconhecimento-credcol-esta-entre-as-duas-primeiras-cooperativas-de-credito-do-estado-de-sao-paulo\/","title":{"rendered":"RECONHECIMENTO: Credcol est\u00e1 entre as duas primeiras cooperativas de cr\u00e9dito do Estado de S\u00e3o Paulo"},"content":{"rendered":"<p>A Credcol Cooperativa de Economia e Cr\u00e9dito M\u00fatuo dos Empregados do Grupo est\u00e1 entre as duas primeiras Cooperativas de Cr\u00e9dito do Estado de S\u00e3o Paulo no Ranking de Capital e Empr\u00e9stimo 2019, em concurso realizado pela Central de Cooperativas de Cr\u00e9dito do Estado de S\u00e3o Paulo.<\/p>\n<p>O Pr\u00eamio Ranking 2019 baseia-se na an\u00e1lise de indicadores que apontam a evolu\u00e7\u00e3o financeira e econ\u00f4mica das cooperativas e tem como objetivo estrat\u00e9gico incentivar o desenvolvimento das cooperativas, por meio da valoriza\u00e7\u00e3o do desempenho anual das associadas do Sicoob Central Cecresp.<\/p>\n<p>Os resultados basearam-se nos resultados apurados em setembro de 2019 e demonstram a solidez da Cooperativa e o compromisso com os associados.<\/p>\n<p>A Credcol foi classificada na categoria grande cooperativa de cr\u00e9dito. O ranking atribui peso quatro \u00e0 an\u00e1lise do ativo das Cooperativas, que registra os bens, valores e cr\u00e9ditos que formam o patrim\u00f4nio das Cooperativas.<\/p>\n<p>Outro crit\u00e9rio de julgamento da Cooperativa, com peso tr\u00eas na avalia\u00e7\u00e3o, refere-se \u00e0 evolu\u00e7\u00e3o anual conjunta que analisa o n\u00famero de Cooperados, o Ativo Total, as Opera\u00e7\u00f5es de Cr\u00e9dito, os dep\u00f3sitos realizados e o patrim\u00f4nio l\u00edquido no per\u00edodo, em compara\u00e7\u00e3o ao exerc\u00edcio passado.<\/p>\n<p>As cooperativas s\u00e3o julgadas em duas etapas. A primeira delas, pelo Comit\u00ea Gestor de Sicoob Central Cecresp composto pelos gestores funcionais das \u00e1reas t\u00e9cnicas e da Diretoria Executiva. A segunda etapa do julgamento \u00e9 realizada pelo Conselho de Administra\u00e7\u00e3o da Sicob Central Cecresp.<\/p>\n<p>\u201cO pr\u00eamio \u00e9 uma ferramenta para o autoconhecimento da nossa cooperativa. Mais do que o resultado alcan\u00e7ado, o ranking 2019 aponta para a constru\u00e7\u00e3o de novos objetivos estrat\u00e9gicos\u201d, salienta o presidente da Credcol, Valter Marcos Lorenti. \u201cEsse resultado deve ser compartilhado com todos. \u00c9 a presen\u00e7a do\u00a0 associado que contribui para o crescimento da Credcol e seu reconhecimento como um importante pilar do microcr\u00e9dito paulista. Somos destaque e isso \u00e9 muito positivo para todos n\u00f3s que formamos esta Cooperativa\u201d, destaca Jos\u00e9 Eduardo Paterra, gerente da Credcol.<\/p>\n<p>A Entrega do trof\u00e9u em homenagem \u00e0 Credcol foi entregue durante cerim\u00f4nia, seguida de festa de confraterniza\u00e7\u00e3o realizada no dia 6 de dezembro em S\u00e3o Paulo. O conselheiro da Credcol\u00a0 Jos\u00e9 M\u00e1rio Gi\u00e1gio representou a Cooperativa na solenidade de entrega do trof\u00e9u que j\u00e1 est\u00e1 exposto na cooperativa, para lembrar a conquista da organiza\u00e7\u00e3o junto aos associados.<\/p>\n","protected":false},"excerpt":{"rendered":"<p>A Credcol Cooperativa de Economia e Cr\u00e9dito M\u00fatuo dos Empregados do Grupo est\u00e1 entre as duas primeiras Cooperativas de Cr\u00e9dito do Estado de S\u00e3o Paulo no Ranking de Capital e&#8230;<\/p>\n","protected":false},"author":2,"featured_media":2316,"comment_status":"open","ping_status":"open","sticky":false,"template":"","format":"standard","meta":{"footnotes":""},"categories":[11,10],"tags":[],"class_list":{"0":"post-2315","1":"post","2":"type-post","3":"status-publish","4":"format-standard","5":"has-post-thumbnail","7":"category-acontece-na-colorado","8":"category-credcol"},"_links":{"self":[{"href":"https:\/\/www.colorado.com.br\/nosdacolorado\/wp-json\/wp\/v2\/posts\/2315","targetHints":{"allow":["GET"]}}],"collection":[{"href":"https:\/\/www.colorado.com.br\/nosdacolorado\/wp-json\/wp\/v2\/posts"}],"about":[{"href":"https:\/\/www.colorado.com.br\/nosdacolorado\/wp-json\/wp\/v2\/types\/post"}],"author":[{"embeddable":true,"href":"https:\/\/www.colorado.com.br\/nosdacolorado\/wp-json\/wp\/v2\/users\/2"}],"replies":[{"embeddable":true,"href":"https:\/\/www.colorado.com.br\/nosdacolorado\/wp-json\/wp\/v2\/comments?post=2315"}],"version-history":[{"count":1,"href":"https:\/\/www.colorado.com.br\/nosdacolorado\/wp-json\/wp\/v2\/posts\/2315\/revisions"}],"predecessor-version":[{"id":2317,"href":"https:\/\/www.colorado.com.br\/nosdacolorado\/wp-json\/wp\/v2\/posts\/2315\/revisions\/2317"}],"wp:featuredmedia":[{"embeddable":true,"href":"https:\/\/www.colorado.com.br\/nosdacolorado\/wp-json\/wp\/v2\/media\/2316"}],"wp:attachment":[{"href":"https:\/\/www.colorado.com.br\/nosdacolorado\/wp-json\/wp\/v2\/media?parent=2315"}],"wp:term":[{"taxonomy":"category","embeddable":true,"href":"https:\/\/www.colorado.com.br\/nosdacolorado\/wp-json\/wp\/v2\/categories?post=2315"},{"taxonomy":"post_tag","embeddable":true,"href":"https:\/\/www.colorado.com.br\/nosdacolorado\/wp-json\/wp\/v2\/tags?post=2315"}],"curies":[{"name":"wp","href":"https:\/\/api.w.org\/{rel}","templated":true}]}}