{"id":2318,"date":"2019-12-20T16:05:59","date_gmt":"2019-12-20T18:05:59","guid":{"rendered":"http:\/\/www.colorado.com.br\/nosdacolorado\/?p=2318"},"modified":"2020-01-15T16:09:52","modified_gmt":"2020-01-15T18:09:52","slug":"associado-credcol-tem-linhas-de-credito-especiais-para-comecar-bem-2020","status":"publish","type":"post","link":"https:\/\/www.colorado.com.br\/nosdacolorado\/associado-credcol-tem-linhas-de-credito-especiais-para-comecar-bem-2020\/","title":{"rendered":"Associado Credcol tem linhas de  cr\u00e9dito especiais para come\u00e7ar bem 2020"},"content":{"rendered":"<p>Para atender o perfil de consumo de seus associados, a Credcol lan\u00e7a novamente em janeiro de 2020 as Linhas de Cr\u00e9dito Especiais de In\u00edcio de Ano. O objetivo \u00e9 garantir que o associado tenha saldo suficiente para fazer frente \u00e0s despesas t\u00edpicas deste \u00e9poca, como pagamento de impostos e aquisi\u00e7\u00e3o de material escolar.<\/p>\n<p>Para quem gosta de levar o planejamento financeiro na ponta do l\u00e1pis, essas linhas de cr\u00e9dito s\u00e3o oportunidades perfeitas para come\u00e7ar o ano livre de aperto. A boa not\u00edcia \u00e9 que as taxas de juros est\u00e3o ainda mais atrativas. Confira as linhas dispon\u00edveis:<\/p>\n<p><strong>IPVA e Licenciamento de Ve\u00edculos<\/strong><\/p>\n<p>A partir de 02\/01\/2020 a Credcol come\u00e7ar\u00e1 receber os informes de pagamento desse imposto. O empr\u00e9stimo pode ser feito em at\u00e9 cinco meses a taxa de juros mensais de 0,50%+SELIC MENSAL. O primeiro desconto ser\u00e1 feito em cinco de mar\u00e7o de 2020.<\/p>\n<p><strong>Material Escolar<\/strong><\/p>\n<p>A Credcol j\u00e1 iniciou a cota\u00e7\u00e3o do material escolar nas principais papelarias e livrarias das cidades da regi\u00e3o e vai divulgar em breve o in\u00edcio da entrega das autoriza\u00e7\u00f5es de compra. Essa linha de cr\u00e9dito \u00e9 exclusiva:\u00a0 a Credcol paga uma parte da compra e o restante pode ser parcelado em at\u00e9 oito meses a uma taxa de juros mensais de 0,50%+SELIC MENSAL com o primeiro desconto para dia cinco de abril\u00a0 de 2020.<\/p>\n<p><strong>IPTU<\/strong><\/p>\n<p>A Credcol orienta o associado a informar-se junto \u00e0 Prefeitura da cidade do im\u00f3vel sobre a data de entrega do boleto do IPTU. Na maioria das vezes quando pago at\u00e9 o vencimento em parcela \u00fanica, o munic\u00edpio oferece um\u00a0 desconto consider\u00e1vel. A partir do dia 2 de janeiro de 2020 a Credcol passar\u00e1 a receber os boletos para pagamento desse imposto. O empr\u00e9stimo pode ser feito em at\u00e9 oito meses a uma taxa de juros mensal de 0,50%+SELIC MENSAL com o\u00a0 primeiro desconto para dia\u00a0 cinco de mar\u00e7o de 2020. As condi\u00e7\u00f5es de pagamento e taxa de juros estabelecidas s\u00e3o v\u00e1lidas apenas para os tributos que ainda n\u00e3o est\u00e3o vencidos.<\/p>\n","protected":false},"excerpt":{"rendered":"<p>Para atender o perfil de consumo de seus associados, a Credcol lan\u00e7a novamente em janeiro de 2020 as Linhas de Cr\u00e9dito Especiais de In\u00edcio de Ano. O objetivo \u00e9 garantir&#8230;<\/p>\n","protected":false},"author":2,"featured_media":2319,"comment_status":"open","ping_status":"open","sticky":false,"template":"","format":"standard","meta":{"footnotes":""},"categories":[11,10],"tags":[],"class_list":{"0":"post-2318","1":"post","2":"type-post","3":"status-publish","4":"format-standard","5":"has-post-thumbnail","7":"category-acontece-na-colorado","8":"category-credcol"},"_links":{"self":[{"href":"https:\/\/www.colorado.com.br\/nosdacolorado\/wp-json\/wp\/v2\/posts\/2318","targetHints":{"allow":["GET"]}}],"collection":[{"href":"https:\/\/www.colorado.com.br\/nosdacolorado\/wp-json\/wp\/v2\/posts"}],"about":[{"href":"https:\/\/www.colorado.com.br\/nosdacolorado\/wp-json\/wp\/v2\/types\/post"}],"author":[{"embeddable":true,"href":"https:\/\/www.colorado.com.br\/nosdacolorado\/wp-json\/wp\/v2\/users\/2"}],"replies":[{"embeddable":true,"href":"https:\/\/www.colorado.com.br\/nosdacolorado\/wp-json\/wp\/v2\/comments?post=2318"}],"version-history":[{"count":1,"href":"https:\/\/www.colorado.com.br\/nosdacolorado\/wp-json\/wp\/v2\/posts\/2318\/revisions"}],"predecessor-version":[{"id":2320,"href":"https:\/\/www.colorado.com.br\/nosdacolorado\/wp-json\/wp\/v2\/posts\/2318\/revisions\/2320"}],"wp:featuredmedia":[{"embeddable":true,"href":"https:\/\/www.colorado.com.br\/nosdacolorado\/wp-json\/wp\/v2\/media\/2319"}],"wp:attachment":[{"href":"https:\/\/www.colorado.com.br\/nosdacolorado\/wp-json\/wp\/v2\/media?parent=2318"}],"wp:term":[{"taxonomy":"category","embeddable":true,"href":"https:\/\/www.colorado.com.br\/nosdacolorado\/wp-json\/wp\/v2\/categories?post=2318"},{"taxonomy":"post_tag","embeddable":true,"href":"https:\/\/www.colorado.com.br\/nosdacolorado\/wp-json\/wp\/v2\/tags?post=2318"}],"curies":[{"name":"wp","href":"https:\/\/api.w.org\/{rel}","templated":true}]}}