{"id":2372,"date":"2019-12-20T17:08:54","date_gmt":"2019-12-20T19:08:54","guid":{"rendered":"http:\/\/www.colorado.com.br\/nosdacolorado\/?p=2372"},"modified":"2020-01-15T17:35:12","modified_gmt":"2020-01-15T19:35:12","slug":"i-corrida-do-bem-contou-com-patrocinio-da-colorado-maquinas-e-recebeu-doacoes-para-a-santa-casa-de-guaira","status":"publish","type":"post","link":"https:\/\/www.colorado.com.br\/nosdacolorado\/i-corrida-do-bem-contou-com-patrocinio-da-colorado-maquinas-e-recebeu-doacoes-para-a-santa-casa-de-guaira\/","title":{"rendered":"I Corrida do Bem contou com patroc\u00ednio da Colorado M\u00e1quinas e recebeu doa\u00e7\u00f5es para a Santa Casa de Gua\u00edra"},"content":{"rendered":"<p><strong><em>Colaboradores do Grupo Colorado conquistam p\u00f3dio da competi\u00e7\u00e3o\u00a0<\/em><\/strong><strong><em>que se firma no calend\u00e1rio de eventos de Gua\u00edra no pr\u00f3ximo ano<\/em><\/strong><\/p>\n<p>Mais do que uma prova esportiva, a I Corrida do Bem realizada no dia 8 de dezembro em Gua\u00edra foi um evento da solidariedade. Os participantes fizeram doa\u00e7\u00f5es de 36 pacotes de caf\u00e9 e 166 litros de leite longa vida que foram doados para a Santa Casa de Gua\u00edra.<\/p>\n<p>\u201cEm nome da Santa Casa de Gua\u00edra venho por este meio agradecer pela campanha realizada em prol a Nossa Santa Casa. Obrigada a todos!\u201d, agradeceu a administradora Hospitalar Naiara Delavalentina.<\/p>\n<p>A promo\u00e7\u00e3o conjunta do Instituto Oswaldo Ribeiro de Mendon\u00e7a \u2013 IORM,\u00a0 da Prefeitura Municipal de Gua\u00edra, por meio do Departamento Municipal de Esportes, contou com o apoio da Damata Team e Lance Brazil, reuniu\u00a0 420 participantes, com idades entre 14 e 70 anos de idade para a Corrida com percurso de seis quil\u00f4metros e caminhada de tr\u00eas quil\u00f4metros.<\/p>\n<p>A Colorado M\u00e1quinas foi uma das empresas patrocinadoras e participou ativamente da Corrida por meio da ades\u00e3o de 13 colaboradores com 4 acompanhantes que disputaram a prova, entre eles o gerente administrativo Ant\u00f4nio Carlos Zufellato, que representou a Colorado M\u00e1quinas durante a entrega de medalhas.<\/p>\n<p>Colaboradores da Usina Colorado conquistaram o p\u00f3dio da competi\u00e7\u00e3o, como Matheus Nunes Gon\u00e7alves, que \u00e9 balanceiro da\u00a0 Balan\u00e7a e pesagem de Cana , conquistou o 2\u00ba lugar com o tempo de 24m57s,\u00a0 na categoria\u00a0 20 a 29 anos;\u00a0\u00a0 Ademir Nunes Gon\u00e7alves, que \u00e9 mec\u00e2nico de Manuten\u00e7\u00e3o Industrial da Oficina de Manuten\u00e7\u00e3o Ind\u00fastria\u00a0\u00a0 ficou com o 3\u00ba lugar com o tempo de 26m4s na\u00a0 categoria 40 a 49 anos\u00a0 e Norivaldo Moreira Quintiliano, pedreiro do setor de Manuten\u00e7\u00e3o e Constru\u00e7\u00e3o Civil da Ind\u00fastria, que conquistou o\u00a0 3\u00ba lugar com o tempo de 28m11s na categoria\u00a0 50 a 59 anos.<\/p>\n<p>Al\u00e9m dos participantes de Gua\u00edra, a prova contou com a ades\u00e3o de participantes que vieram de toda a regi\u00e3o, como Ribeir\u00e3o Preto, Colina, Orl\u00e2ndia, Miguel\u00f3polis, Barretos, Planura, Frutal, S\u00e3o Joaquim da Barra e S\u00e3o Paulo. A Corrida foi a oportunidade perfeita para conhecerem o principal cart\u00e3o postal de Gua\u00edra, o Lago Marac\u00e1 e se encantarem com a enorme possibilidade de lazer oferecida por esse espa\u00e7o natural.<\/p>\n<p>O sucesso do evento foi comemorado ao som da Banda guairense de pop rock Medida Provis\u00f3ria, que embalou os participantes e a plateia da corrida com muita m\u00fasica. As fam\u00edlias compareceram ao Lago Marac\u00e1 e trouxeram a crian\u00e7ada para brincar nos brinquedos infl\u00e1veis e no pula-pula que foram colocados \u00e0 disposi\u00e7\u00e3o da comunidade.<\/p>\n<p>A 1\u00aa Corrida do Bem contou com o patroc\u00ednio de Colorado Com\u00e9rcio de M\u00e1quinas Agr\u00edcolas \u2013 John Deere, Unimed Nordeste Paulista, Grupo Aguetoni, Aplitec, RC Construtora, Droga Marca, Fazenda Nossa Senhora de F\u00e1tima e Max Muscle.20<\/p>\n\n\t\t<style type=\"text\/css\">\n\t\t\t#gallery-1 {\n\t\t\t\tmargin: auto;\n\t\t\t}\n\t\t\t#gallery-1 .gallery-item {\n\t\t\t\tfloat: left;\n\t\t\t\tmargin-top: 10px;\n\t\t\t\ttext-align: center;\n\t\t\t\twidth: 33%;\n\t\t\t}\n\t\t\t#gallery-1 img {\n\t\t\t\tborder: 2px solid #cfcfcf;\n\t\t\t}\n\t\t\t#gallery-1 .gallery-caption {\n\t\t\t\tmargin-left: 0;\n\t\t\t}\n\t\t\t\/* see gallery_shortcode() in wp-includes\/media.php *\/\n\t\t<\/style>\n\t\t<div data-carousel-extra='{\"blog_id\":1,\"permalink\":\"https:\\\/\\\/www.colorado.com.br\\\/nosdacolorado\\\/i-corrida-do-bem-contou-com-patrocinio-da-colorado-maquinas-e-recebeu-doacoes-para-a-santa-casa-de-guaira\\\/\"}' id='gallery-1' class='gallery galleryid-2372 gallery-columns-3 gallery-size-full'><dl class='gallery-item'>\n\t\t\t<dt class='gallery-icon landscape'>\n\t\t\t\t<a href='https:\/\/www.colorado.com.br\/nosdacolorado\/wp-content\/uploads\/2020\/01\/WhatsApp-Image-2019-12-18-at-10.32.01.jpeg'><img loading=\"lazy\" decoding=\"async\" data-attachment-id=\"2386\" data-orig-file=\"https:\/\/www.colorado.com.br\/nosdacolorado\/wp-content\/uploads\/2020\/01\/WhatsApp-Image-2019-12-18-at-10.32.01.jpeg\" data-orig-size=\"2362,1772\" data-comments-opened=\"1\" data-image-meta=\"{&quot;aperture&quot;:&quot;0&quot;,&quot;credit&quot;:&quot;&quot;,&quot;camera&quot;:&quot;&quot;,&quot;caption&quot;:&quot;&quot;,&quot;created_timestamp&quot;:&quot;0&quot;,&quot;copyright&quot;:&quot;&quot;,&quot;focal_length&quot;:&quot;0&quot;,&quot;iso&quot;:&quot;0&quot;,&quot;shutter_speed&quot;:&quot;0&quot;,&quot;title&quot;:&quot;&quot;,&quot;orientation&quot;:&quot;1&quot;,&quot;keywords&quot;:&quot;Array&quot;}\" data-image-title=\"WhatsApp Image 2019-12-18 at 10.32.01\" data-image-description=\"\" data-medium-file=\"https:\/\/www.colorado.com.br\/nosdacolorado\/wp-content\/uploads\/2020\/01\/WhatsApp-Image-2019-12-18-at-10.32.01-300x225.jpeg\" data-large-file=\"https:\/\/www.colorado.com.br\/nosdacolorado\/wp-content\/uploads\/2020\/01\/WhatsApp-Image-2019-12-18-at-10.32.01-1024x768.jpeg\" width=\"2362\" height=\"1772\" src=\"https:\/\/www.colorado.com.br\/nosdacolorado\/wp-content\/uploads\/2020\/01\/WhatsApp-Image-2019-12-18-at-10.32.01.jpeg\" class=\"attachment-full size-full\" alt=\"\" srcset=\"https:\/\/www.colorado.com.br\/nosdacolorado\/wp-content\/uploads\/2020\/01\/WhatsApp-Image-2019-12-18-at-10.32.01.jpeg 2362w, https:\/\/www.colorado.com.br\/nosdacolorado\/wp-content\/uploads\/2020\/01\/WhatsApp-Image-2019-12-18-at-10.32.01-300x225.jpeg 300w, https:\/\/www.colorado.com.br\/nosdacolorado\/wp-content\/uploads\/2020\/01\/WhatsApp-Image-2019-12-18-at-10.32.01-768x576.jpeg 768w, https:\/\/www.colorado.com.br\/nosdacolorado\/wp-content\/uploads\/2020\/01\/WhatsApp-Image-2019-12-18-at-10.32.01-1024x768.jpeg 1024w\" sizes=\"auto, (max-width: 2362px) 100vw, 2362px\" \/><\/a>\n\t\t\t<\/dt><\/dl><dl class='gallery-item'>\n\t\t\t<dt class='gallery-icon landscape'>\n\t\t\t\t<a href='https:\/\/www.colorado.com.br\/nosdacolorado\/wp-content\/uploads\/2020\/01\/corridabem-2.jpg'><img loading=\"lazy\" decoding=\"async\" data-attachment-id=\"2390\" data-orig-file=\"https:\/\/www.colorado.com.br\/nosdacolorado\/wp-content\/uploads\/2020\/01\/corridabem-2.jpg\" data-orig-size=\"2362,1574\" data-comments-opened=\"1\" data-image-meta=\"{&quot;aperture&quot;:&quot;8&quot;,&quot;credit&quot;:&quot;&quot;,&quot;camera&quot;:&quot;Canon EOS REBEL T5&quot;,&quot;caption&quot;:&quot;&quot;,&quot;created_timestamp&quot;:&quot;1575795752&quot;,&quot;copyright&quot;:&quot;&quot;,&quot;focal_length&quot;:&quot;18&quot;,&quot;iso&quot;:&quot;100&quot;,&quot;shutter_speed&quot;:&quot;0.005&quot;,&quot;title&quot;:&quot;&quot;,&quot;orientation&quot;:&quot;1&quot;,&quot;keywords&quot;:&quot;Array&quot;}\" data-image-title=\"corridabem (2)\" data-image-description=\"\" data-medium-file=\"https:\/\/www.colorado.com.br\/nosdacolorado\/wp-content\/uploads\/2020\/01\/corridabem-2-300x200.jpg\" data-large-file=\"https:\/\/www.colorado.com.br\/nosdacolorado\/wp-content\/uploads\/2020\/01\/corridabem-2-1024x682.jpg\" width=\"2362\" height=\"1574\" src=\"https:\/\/www.colorado.com.br\/nosdacolorado\/wp-content\/uploads\/2020\/01\/corridabem-2.jpg\" class=\"attachment-full size-full\" alt=\"\" srcset=\"https:\/\/www.colorado.com.br\/nosdacolorado\/wp-content\/uploads\/2020\/01\/corridabem-2.jpg 2362w, https:\/\/www.colorado.com.br\/nosdacolorado\/wp-content\/uploads\/2020\/01\/corridabem-2-300x200.jpg 300w, https:\/\/www.colorado.com.br\/nosdacolorado\/wp-content\/uploads\/2020\/01\/corridabem-2-768x512.jpg 768w, https:\/\/www.colorado.com.br\/nosdacolorado\/wp-content\/uploads\/2020\/01\/corridabem-2-1024x682.jpg 1024w, https:\/\/www.colorado.com.br\/nosdacolorado\/wp-content\/uploads\/2020\/01\/corridabem-2-900x600.jpg 900w\" sizes=\"auto, (max-width: 2362px) 100vw, 2362px\" \/><\/a>\n\t\t\t<\/dt><\/dl><dl class='gallery-item'>\n\t\t\t<dt class='gallery-icon landscape'>\n\t\t\t\t<a href='https:\/\/www.colorado.com.br\/nosdacolorado\/wp-content\/uploads\/2020\/01\/corridabem-3.jpg'><img loading=\"lazy\" decoding=\"async\" data-attachment-id=\"2391\" data-orig-file=\"https:\/\/www.colorado.com.br\/nosdacolorado\/wp-content\/uploads\/2020\/01\/corridabem-3.jpg\" data-orig-size=\"2362,1574\" data-comments-opened=\"1\" data-image-meta=\"{&quot;aperture&quot;:&quot;20&quot;,&quot;credit&quot;:&quot;&quot;,&quot;camera&quot;:&quot;Canon EOS REBEL T5&quot;,&quot;caption&quot;:&quot;&quot;,&quot;created_timestamp&quot;:&quot;1575796338&quot;,&quot;copyright&quot;:&quot;&quot;,&quot;focal_length&quot;:&quot;18&quot;,&quot;iso&quot;:&quot;800&quot;,&quot;shutter_speed&quot;:&quot;0.005&quot;,&quot;title&quot;:&quot;&quot;,&quot;orientation&quot;:&quot;1&quot;,&quot;keywords&quot;:&quot;Array&quot;}\" data-image-title=\"corridabem (3)\" data-image-description=\"\" data-medium-file=\"https:\/\/www.colorado.com.br\/nosdacolorado\/wp-content\/uploads\/2020\/01\/corridabem-3-300x200.jpg\" data-large-file=\"https:\/\/www.colorado.com.br\/nosdacolorado\/wp-content\/uploads\/2020\/01\/corridabem-3-1024x682.jpg\" width=\"2362\" height=\"1574\" src=\"https:\/\/www.colorado.com.br\/nosdacolorado\/wp-content\/uploads\/2020\/01\/corridabem-3.jpg\" class=\"attachment-full size-full\" alt=\"\" srcset=\"https:\/\/www.colorado.com.br\/nosdacolorado\/wp-content\/uploads\/2020\/01\/corridabem-3.jpg 2362w, https:\/\/www.colorado.com.br\/nosdacolorado\/wp-content\/uploads\/2020\/01\/corridabem-3-300x200.jpg 300w, https:\/\/www.colorado.com.br\/nosdacolorado\/wp-content\/uploads\/2020\/01\/corridabem-3-768x512.jpg 768w, https:\/\/www.colorado.com.br\/nosdacolorado\/wp-content\/uploads\/2020\/01\/corridabem-3-1024x682.jpg 1024w, https:\/\/www.colorado.com.br\/nosdacolorado\/wp-content\/uploads\/2020\/01\/corridabem-3-900x600.jpg 900w\" sizes=\"auto, (max-width: 2362px) 100vw, 2362px\" \/><\/a>\n\t\t\t<\/dt><\/dl><br style=\"clear: both\" \/><dl class='gallery-item'>\n\t\t\t<dt class='gallery-icon landscape'>\n\t\t\t\t<a href='https:\/\/www.colorado.com.br\/nosdacolorado\/wp-content\/uploads\/2020\/01\/corridabem-4.jpg'><img loading=\"lazy\" decoding=\"async\" data-attachment-id=\"2392\" data-orig-file=\"https:\/\/www.colorado.com.br\/nosdacolorado\/wp-content\/uploads\/2020\/01\/corridabem-4.jpg\" data-orig-size=\"2362,1574\" data-comments-opened=\"1\" data-image-meta=\"{&quot;aperture&quot;:&quot;22&quot;,&quot;credit&quot;:&quot;&quot;,&quot;camera&quot;:&quot;Canon EOS REBEL T5&quot;,&quot;caption&quot;:&quot;&quot;,&quot;created_timestamp&quot;:&quot;1575796476&quot;,&quot;copyright&quot;:&quot;&quot;,&quot;focal_length&quot;:&quot;20&quot;,&quot;iso&quot;:&quot;640&quot;,&quot;shutter_speed&quot;:&quot;0.005&quot;,&quot;title&quot;:&quot;&quot;,&quot;orientation&quot;:&quot;1&quot;,&quot;keywords&quot;:&quot;Array&quot;}\" data-image-title=\"corridabem (4)\" data-image-description=\"\" data-medium-file=\"https:\/\/www.colorado.com.br\/nosdacolorado\/wp-content\/uploads\/2020\/01\/corridabem-4-300x200.jpg\" data-large-file=\"https:\/\/www.colorado.com.br\/nosdacolorado\/wp-content\/uploads\/2020\/01\/corridabem-4-1024x682.jpg\" width=\"2362\" height=\"1574\" src=\"https:\/\/www.colorado.com.br\/nosdacolorado\/wp-content\/uploads\/2020\/01\/corridabem-4.jpg\" class=\"attachment-full size-full\" alt=\"\" srcset=\"https:\/\/www.colorado.com.br\/nosdacolorado\/wp-content\/uploads\/2020\/01\/corridabem-4.jpg 2362w, https:\/\/www.colorado.com.br\/nosdacolorado\/wp-content\/uploads\/2020\/01\/corridabem-4-300x200.jpg 300w, https:\/\/www.colorado.com.br\/nosdacolorado\/wp-content\/uploads\/2020\/01\/corridabem-4-768x512.jpg 768w, https:\/\/www.colorado.com.br\/nosdacolorado\/wp-content\/uploads\/2020\/01\/corridabem-4-1024x682.jpg 1024w, https:\/\/www.colorado.com.br\/nosdacolorado\/wp-content\/uploads\/2020\/01\/corridabem-4-900x600.jpg 900w\" sizes=\"auto, (max-width: 2362px) 100vw, 2362px\" \/><\/a>\n\t\t\t<\/dt><\/dl><dl class='gallery-item'>\n\t\t\t<dt class='gallery-icon landscape'>\n\t\t\t\t<a href='https:\/\/www.colorado.com.br\/nosdacolorado\/wp-content\/uploads\/2020\/01\/corridabem-5.jpg'><img loading=\"lazy\" decoding=\"async\" data-attachment-id=\"2393\" data-orig-file=\"https:\/\/www.colorado.com.br\/nosdacolorado\/wp-content\/uploads\/2020\/01\/corridabem-5.jpg\" data-orig-size=\"2362,1574\" data-comments-opened=\"1\" data-image-meta=\"{&quot;aperture&quot;:&quot;9&quot;,&quot;credit&quot;:&quot;&quot;,&quot;camera&quot;:&quot;Canon EOS REBEL T5&quot;,&quot;caption&quot;:&quot;&quot;,&quot;created_timestamp&quot;:&quot;1575796940&quot;,&quot;copyright&quot;:&quot;&quot;,&quot;focal_length&quot;:&quot;18&quot;,&quot;iso&quot;:&quot;100&quot;,&quot;shutter_speed&quot;:&quot;0.005&quot;,&quot;title&quot;:&quot;&quot;,&quot;orientation&quot;:&quot;1&quot;,&quot;keywords&quot;:&quot;Array&quot;}\" data-image-title=\"corridabem (5)\" data-image-description=\"\" data-medium-file=\"https:\/\/www.colorado.com.br\/nosdacolorado\/wp-content\/uploads\/2020\/01\/corridabem-5-300x200.jpg\" data-large-file=\"https:\/\/www.colorado.com.br\/nosdacolorado\/wp-content\/uploads\/2020\/01\/corridabem-5-1024x682.jpg\" width=\"2362\" height=\"1574\" src=\"https:\/\/www.colorado.com.br\/nosdacolorado\/wp-content\/uploads\/2020\/01\/corridabem-5.jpg\" class=\"attachment-full size-full\" alt=\"\" srcset=\"https:\/\/www.colorado.com.br\/nosdacolorado\/wp-content\/uploads\/2020\/01\/corridabem-5.jpg 2362w, https:\/\/www.colorado.com.br\/nosdacolorado\/wp-content\/uploads\/2020\/01\/corridabem-5-300x200.jpg 300w, https:\/\/www.colorado.com.br\/nosdacolorado\/wp-content\/uploads\/2020\/01\/corridabem-5-768x512.jpg 768w, https:\/\/www.colorado.com.br\/nosdacolorado\/wp-content\/uploads\/2020\/01\/corridabem-5-1024x682.jpg 1024w, https:\/\/www.colorado.com.br\/nosdacolorado\/wp-content\/uploads\/2020\/01\/corridabem-5-900x600.jpg 900w\" sizes=\"auto, (max-width: 2362px) 100vw, 2362px\" \/><\/a>\n\t\t\t<\/dt><\/dl><dl class='gallery-item'>\n\t\t\t<dt class='gallery-icon landscape'>\n\t\t\t\t<a href='https:\/\/www.colorado.com.br\/nosdacolorado\/wp-content\/uploads\/2020\/01\/corridabem-6.jpg'><img loading=\"lazy\" decoding=\"async\" data-attachment-id=\"2394\" data-orig-file=\"https:\/\/www.colorado.com.br\/nosdacolorado\/wp-content\/uploads\/2020\/01\/corridabem-6.jpg\" data-orig-size=\"2362,1574\" data-comments-opened=\"1\" data-image-meta=\"{&quot;aperture&quot;:&quot;9&quot;,&quot;credit&quot;:&quot;&quot;,&quot;camera&quot;:&quot;Canon EOS REBEL T5&quot;,&quot;caption&quot;:&quot;&quot;,&quot;created_timestamp&quot;:&quot;1575798049&quot;,&quot;copyright&quot;:&quot;&quot;,&quot;focal_length&quot;:&quot;35&quot;,&quot;iso&quot;:&quot;100&quot;,&quot;shutter_speed&quot;:&quot;0.005&quot;,&quot;title&quot;:&quot;&quot;,&quot;orientation&quot;:&quot;1&quot;,&quot;keywords&quot;:&quot;Array&quot;}\" data-image-title=\"corridabem (6)\" data-image-description=\"\" data-medium-file=\"https:\/\/www.colorado.com.br\/nosdacolorado\/wp-content\/uploads\/2020\/01\/corridabem-6-300x200.jpg\" data-large-file=\"https:\/\/www.colorado.com.br\/nosdacolorado\/wp-content\/uploads\/2020\/01\/corridabem-6-1024x682.jpg\" width=\"2362\" height=\"1574\" src=\"https:\/\/www.colorado.com.br\/nosdacolorado\/wp-content\/uploads\/2020\/01\/corridabem-6.jpg\" class=\"attachment-full size-full\" alt=\"\" srcset=\"https:\/\/www.colorado.com.br\/nosdacolorado\/wp-content\/uploads\/2020\/01\/corridabem-6.jpg 2362w, https:\/\/www.colorado.com.br\/nosdacolorado\/wp-content\/uploads\/2020\/01\/corridabem-6-300x200.jpg 300w, https:\/\/www.colorado.com.br\/nosdacolorado\/wp-content\/uploads\/2020\/01\/corridabem-6-768x512.jpg 768w, https:\/\/www.colorado.com.br\/nosdacolorado\/wp-content\/uploads\/2020\/01\/corridabem-6-1024x682.jpg 1024w, https:\/\/www.colorado.com.br\/nosdacolorado\/wp-content\/uploads\/2020\/01\/corridabem-6-900x600.jpg 900w\" sizes=\"auto, (max-width: 2362px) 100vw, 2362px\" \/><\/a>\n\t\t\t<\/dt><\/dl><br style=\"clear: both\" \/><dl class='gallery-item'>\n\t\t\t<dt class='gallery-icon landscape'>\n\t\t\t\t<a href='https:\/\/www.colorado.com.br\/nosdacolorado\/wp-content\/uploads\/2020\/01\/corridabem-7.jpg'><img loading=\"lazy\" decoding=\"async\" data-attachment-id=\"2395\" data-orig-file=\"https:\/\/www.colorado.com.br\/nosdacolorado\/wp-content\/uploads\/2020\/01\/corridabem-7.jpg\" data-orig-size=\"2362,1574\" data-comments-opened=\"1\" data-image-meta=\"{&quot;aperture&quot;:&quot;8&quot;,&quot;credit&quot;:&quot;&quot;,&quot;camera&quot;:&quot;Canon EOS REBEL T5&quot;,&quot;caption&quot;:&quot;&quot;,&quot;created_timestamp&quot;:&quot;1575798246&quot;,&quot;copyright&quot;:&quot;&quot;,&quot;focal_length&quot;:&quot;36&quot;,&quot;iso&quot;:&quot;100&quot;,&quot;shutter_speed&quot;:&quot;0.005&quot;,&quot;title&quot;:&quot;&quot;,&quot;orientation&quot;:&quot;1&quot;,&quot;keywords&quot;:&quot;Array&quot;}\" data-image-title=\"corridabem (7)\" data-image-description=\"\" data-medium-file=\"https:\/\/www.colorado.com.br\/nosdacolorado\/wp-content\/uploads\/2020\/01\/corridabem-7-300x200.jpg\" data-large-file=\"https:\/\/www.colorado.com.br\/nosdacolorado\/wp-content\/uploads\/2020\/01\/corridabem-7-1024x682.jpg\" width=\"2362\" height=\"1574\" src=\"https:\/\/www.colorado.com.br\/nosdacolorado\/wp-content\/uploads\/2020\/01\/corridabem-7.jpg\" class=\"attachment-full size-full\" alt=\"\" srcset=\"https:\/\/www.colorado.com.br\/nosdacolorado\/wp-content\/uploads\/2020\/01\/corridabem-7.jpg 2362w, https:\/\/www.colorado.com.br\/nosdacolorado\/wp-content\/uploads\/2020\/01\/corridabem-7-300x200.jpg 300w, https:\/\/www.colorado.com.br\/nosdacolorado\/wp-content\/uploads\/2020\/01\/corridabem-7-768x512.jpg 768w, https:\/\/www.colorado.com.br\/nosdacolorado\/wp-content\/uploads\/2020\/01\/corridabem-7-1024x682.jpg 1024w, https:\/\/www.colorado.com.br\/nosdacolorado\/wp-content\/uploads\/2020\/01\/corridabem-7-900x600.jpg 900w\" sizes=\"auto, (max-width: 2362px) 100vw, 2362px\" \/><\/a>\n\t\t\t<\/dt><\/dl><dl class='gallery-item'>\n\t\t\t<dt class='gallery-icon landscape'>\n\t\t\t\t<a href='https:\/\/www.colorado.com.br\/nosdacolorado\/wp-content\/uploads\/2020\/01\/corridabem-8.jpg'><img loading=\"lazy\" decoding=\"async\" data-attachment-id=\"2396\" data-orig-file=\"https:\/\/www.colorado.com.br\/nosdacolorado\/wp-content\/uploads\/2020\/01\/corridabem-8.jpg\" data-orig-size=\"2362,1574\" data-comments-opened=\"1\" data-image-meta=\"{&quot;aperture&quot;:&quot;10&quot;,&quot;credit&quot;:&quot;&quot;,&quot;camera&quot;:&quot;Canon EOS REBEL T5&quot;,&quot;caption&quot;:&quot;&quot;,&quot;created_timestamp&quot;:&quot;1575798676&quot;,&quot;copyright&quot;:&quot;&quot;,&quot;focal_length&quot;:&quot;27&quot;,&quot;iso&quot;:&quot;100&quot;,&quot;shutter_speed&quot;:&quot;0.004&quot;,&quot;title&quot;:&quot;&quot;,&quot;orientation&quot;:&quot;1&quot;,&quot;keywords&quot;:&quot;Array&quot;}\" data-image-title=\"corridabem (8)\" data-image-description=\"\" data-medium-file=\"https:\/\/www.colorado.com.br\/nosdacolorado\/wp-content\/uploads\/2020\/01\/corridabem-8-300x200.jpg\" data-large-file=\"https:\/\/www.colorado.com.br\/nosdacolorado\/wp-content\/uploads\/2020\/01\/corridabem-8-1024x682.jpg\" width=\"2362\" height=\"1574\" src=\"https:\/\/www.colorado.com.br\/nosdacolorado\/wp-content\/uploads\/2020\/01\/corridabem-8.jpg\" class=\"attachment-full size-full\" alt=\"\" srcset=\"https:\/\/www.colorado.com.br\/nosdacolorado\/wp-content\/uploads\/2020\/01\/corridabem-8.jpg 2362w, https:\/\/www.colorado.com.br\/nosdacolorado\/wp-content\/uploads\/2020\/01\/corridabem-8-300x200.jpg 300w, https:\/\/www.colorado.com.br\/nosdacolorado\/wp-content\/uploads\/2020\/01\/corridabem-8-768x512.jpg 768w, https:\/\/www.colorado.com.br\/nosdacolorado\/wp-content\/uploads\/2020\/01\/corridabem-8-1024x682.jpg 1024w, https:\/\/www.colorado.com.br\/nosdacolorado\/wp-content\/uploads\/2020\/01\/corridabem-8-900x600.jpg 900w\" sizes=\"auto, (max-width: 2362px) 100vw, 2362px\" \/><\/a>\n\t\t\t<\/dt><\/dl><dl class='gallery-item'>\n\t\t\t<dt class='gallery-icon landscape'>\n\t\t\t\t<a href='https:\/\/www.colorado.com.br\/nosdacolorado\/wp-content\/uploads\/2020\/01\/corridabem-9.jpg'><img loading=\"lazy\" decoding=\"async\" data-attachment-id=\"2397\" data-orig-file=\"https:\/\/www.colorado.com.br\/nosdacolorado\/wp-content\/uploads\/2020\/01\/corridabem-9.jpg\" data-orig-size=\"2362,1574\" data-comments-opened=\"1\" data-image-meta=\"{&quot;aperture&quot;:&quot;10&quot;,&quot;credit&quot;:&quot;&quot;,&quot;camera&quot;:&quot;Canon EOS REBEL T5&quot;,&quot;caption&quot;:&quot;&quot;,&quot;created_timestamp&quot;:&quot;1575799131&quot;,&quot;copyright&quot;:&quot;&quot;,&quot;focal_length&quot;:&quot;36&quot;,&quot;iso&quot;:&quot;100&quot;,&quot;shutter_speed&quot;:&quot;0.004&quot;,&quot;title&quot;:&quot;&quot;,&quot;orientation&quot;:&quot;1&quot;,&quot;keywords&quot;:&quot;Array&quot;}\" data-image-title=\"corridabem (9)\" data-image-description=\"\" data-medium-file=\"https:\/\/www.colorado.com.br\/nosdacolorado\/wp-content\/uploads\/2020\/01\/corridabem-9-300x200.jpg\" data-large-file=\"https:\/\/www.colorado.com.br\/nosdacolorado\/wp-content\/uploads\/2020\/01\/corridabem-9-1024x682.jpg\" width=\"2362\" height=\"1574\" src=\"https:\/\/www.colorado.com.br\/nosdacolorado\/wp-content\/uploads\/2020\/01\/corridabem-9.jpg\" class=\"attachment-full size-full\" alt=\"\" srcset=\"https:\/\/www.colorado.com.br\/nosdacolorado\/wp-content\/uploads\/2020\/01\/corridabem-9.jpg 2362w, https:\/\/www.colorado.com.br\/nosdacolorado\/wp-content\/uploads\/2020\/01\/corridabem-9-300x200.jpg 300w, https:\/\/www.colorado.com.br\/nosdacolorado\/wp-content\/uploads\/2020\/01\/corridabem-9-768x512.jpg 768w, https:\/\/www.colorado.com.br\/nosdacolorado\/wp-content\/uploads\/2020\/01\/corridabem-9-1024x682.jpg 1024w, https:\/\/www.colorado.com.br\/nosdacolorado\/wp-content\/uploads\/2020\/01\/corridabem-9-900x600.jpg 900w\" sizes=\"auto, (max-width: 2362px) 100vw, 2362px\" \/><\/a>\n\t\t\t<\/dt><\/dl><br style=\"clear: both\" \/><dl class='gallery-item'>\n\t\t\t<dt class='gallery-icon landscape'>\n\t\t\t\t<a href='https:\/\/www.colorado.com.br\/nosdacolorado\/wp-content\/uploads\/2020\/01\/corridabem-10.jpg'><img loading=\"lazy\" decoding=\"async\" data-attachment-id=\"2398\" data-orig-file=\"https:\/\/www.colorado.com.br\/nosdacolorado\/wp-content\/uploads\/2020\/01\/corridabem-10.jpg\" data-orig-size=\"2362,1574\" data-comments-opened=\"1\" data-image-meta=\"{&quot;aperture&quot;:&quot;9&quot;,&quot;credit&quot;:&quot;&quot;,&quot;camera&quot;:&quot;Canon EOS REBEL T5&quot;,&quot;caption&quot;:&quot;&quot;,&quot;created_timestamp&quot;:&quot;1575799599&quot;,&quot;copyright&quot;:&quot;&quot;,&quot;focal_length&quot;:&quot;18&quot;,&quot;iso&quot;:&quot;100&quot;,&quot;shutter_speed&quot;:&quot;0.004&quot;,&quot;title&quot;:&quot;&quot;,&quot;orientation&quot;:&quot;1&quot;,&quot;keywords&quot;:&quot;Array&quot;}\" data-image-title=\"corridabem (10)\" data-image-description=\"\" data-medium-file=\"https:\/\/www.colorado.com.br\/nosdacolorado\/wp-content\/uploads\/2020\/01\/corridabem-10-300x200.jpg\" data-large-file=\"https:\/\/www.colorado.com.br\/nosdacolorado\/wp-content\/uploads\/2020\/01\/corridabem-10-1024x682.jpg\" width=\"2362\" height=\"1574\" src=\"https:\/\/www.colorado.com.br\/nosdacolorado\/wp-content\/uploads\/2020\/01\/corridabem-10.jpg\" class=\"attachment-full size-full\" alt=\"\" srcset=\"https:\/\/www.colorado.com.br\/nosdacolorado\/wp-content\/uploads\/2020\/01\/corridabem-10.jpg 2362w, https:\/\/www.colorado.com.br\/nosdacolorado\/wp-content\/uploads\/2020\/01\/corridabem-10-300x200.jpg 300w, https:\/\/www.colorado.com.br\/nosdacolorado\/wp-content\/uploads\/2020\/01\/corridabem-10-768x512.jpg 768w, https:\/\/www.colorado.com.br\/nosdacolorado\/wp-content\/uploads\/2020\/01\/corridabem-10-1024x682.jpg 1024w, https:\/\/www.colorado.com.br\/nosdacolorado\/wp-content\/uploads\/2020\/01\/corridabem-10-900x600.jpg 900w\" sizes=\"auto, (max-width: 2362px) 100vw, 2362px\" \/><\/a>\n\t\t\t<\/dt><\/dl><dl class='gallery-item'>\n\t\t\t<dt class='gallery-icon landscape'>\n\t\t\t\t<a href='https:\/\/www.colorado.com.br\/nosdacolorado\/wp-content\/uploads\/2020\/01\/corridabem-11.jpg'><img loading=\"lazy\" decoding=\"async\" data-attachment-id=\"2399\" data-orig-file=\"https:\/\/www.colorado.com.br\/nosdacolorado\/wp-content\/uploads\/2020\/01\/corridabem-11.jpg\" data-orig-size=\"2362,1574\" data-comments-opened=\"1\" data-image-meta=\"{&quot;aperture&quot;:&quot;10&quot;,&quot;credit&quot;:&quot;&quot;,&quot;camera&quot;:&quot;Canon EOS REBEL T5&quot;,&quot;caption&quot;:&quot;&quot;,&quot;created_timestamp&quot;:&quot;1575800207&quot;,&quot;copyright&quot;:&quot;&quot;,&quot;focal_length&quot;:&quot;18&quot;,&quot;iso&quot;:&quot;100&quot;,&quot;shutter_speed&quot;:&quot;0.004&quot;,&quot;title&quot;:&quot;&quot;,&quot;orientation&quot;:&quot;1&quot;,&quot;keywords&quot;:&quot;Array&quot;}\" data-image-title=\"corridabem (11)\" data-image-description=\"\" data-medium-file=\"https:\/\/www.colorado.com.br\/nosdacolorado\/wp-content\/uploads\/2020\/01\/corridabem-11-300x200.jpg\" data-large-file=\"https:\/\/www.colorado.com.br\/nosdacolorado\/wp-content\/uploads\/2020\/01\/corridabem-11-1024x682.jpg\" width=\"2362\" height=\"1574\" src=\"https:\/\/www.colorado.com.br\/nosdacolorado\/wp-content\/uploads\/2020\/01\/corridabem-11.jpg\" class=\"attachment-full size-full\" alt=\"\" srcset=\"https:\/\/www.colorado.com.br\/nosdacolorado\/wp-content\/uploads\/2020\/01\/corridabem-11.jpg 2362w, https:\/\/www.colorado.com.br\/nosdacolorado\/wp-content\/uploads\/2020\/01\/corridabem-11-300x200.jpg 300w, https:\/\/www.colorado.com.br\/nosdacolorado\/wp-content\/uploads\/2020\/01\/corridabem-11-768x512.jpg 768w, https:\/\/www.colorado.com.br\/nosdacolorado\/wp-content\/uploads\/2020\/01\/corridabem-11-1024x682.jpg 1024w, https:\/\/www.colorado.com.br\/nosdacolorado\/wp-content\/uploads\/2020\/01\/corridabem-11-900x600.jpg 900w\" sizes=\"auto, (max-width: 2362px) 100vw, 2362px\" \/><\/a>\n\t\t\t<\/dt><\/dl><dl class='gallery-item'>\n\t\t\t<dt class='gallery-icon landscape'>\n\t\t\t\t<a href='https:\/\/www.colorado.com.br\/nosdacolorado\/wp-content\/uploads\/2020\/01\/corridabem-12.jpg'><img loading=\"lazy\" decoding=\"async\" data-attachment-id=\"2400\" data-orig-file=\"https:\/\/www.colorado.com.br\/nosdacolorado\/wp-content\/uploads\/2020\/01\/corridabem-12.jpg\" data-orig-size=\"2362,1772\" data-comments-opened=\"1\" data-image-meta=\"{&quot;aperture&quot;:&quot;0&quot;,&quot;credit&quot;:&quot;&quot;,&quot;camera&quot;:&quot;&quot;,&quot;caption&quot;:&quot;&quot;,&quot;created_timestamp&quot;:&quot;0&quot;,&quot;copyright&quot;:&quot;&quot;,&quot;focal_length&quot;:&quot;0&quot;,&quot;iso&quot;:&quot;0&quot;,&quot;shutter_speed&quot;:&quot;0&quot;,&quot;title&quot;:&quot;&quot;,&quot;orientation&quot;:&quot;1&quot;,&quot;keywords&quot;:&quot;Array&quot;}\" data-image-title=\"corridabem (12)\" data-image-description=\"\" data-medium-file=\"https:\/\/www.colorado.com.br\/nosdacolorado\/wp-content\/uploads\/2020\/01\/corridabem-12-300x225.jpg\" data-large-file=\"https:\/\/www.colorado.com.br\/nosdacolorado\/wp-content\/uploads\/2020\/01\/corridabem-12-1024x768.jpg\" width=\"2362\" height=\"1772\" src=\"https:\/\/www.colorado.com.br\/nosdacolorado\/wp-content\/uploads\/2020\/01\/corridabem-12.jpg\" class=\"attachment-full size-full\" alt=\"\" srcset=\"https:\/\/www.colorado.com.br\/nosdacolorado\/wp-content\/uploads\/2020\/01\/corridabem-12.jpg 2362w, https:\/\/www.colorado.com.br\/nosdacolorado\/wp-content\/uploads\/2020\/01\/corridabem-12-300x225.jpg 300w, https:\/\/www.colorado.com.br\/nosdacolorado\/wp-content\/uploads\/2020\/01\/corridabem-12-768x576.jpg 768w, https:\/\/www.colorado.com.br\/nosdacolorado\/wp-content\/uploads\/2020\/01\/corridabem-12-1024x768.jpg 1024w\" sizes=\"auto, (max-width: 2362px) 100vw, 2362px\" \/><\/a>\n\t\t\t<\/dt><\/dl><br style=\"clear: both\" \/><dl class='gallery-item'>\n\t\t\t<dt class='gallery-icon landscape'>\n\t\t\t\t<a href='https:\/\/www.colorado.com.br\/nosdacolorado\/wp-content\/uploads\/2020\/01\/corridabem-13.jpg'><img loading=\"lazy\" decoding=\"async\" data-attachment-id=\"2401\" data-orig-file=\"https:\/\/www.colorado.com.br\/nosdacolorado\/wp-content\/uploads\/2020\/01\/corridabem-13.jpg\" data-orig-size=\"2362,1574\" data-comments-opened=\"1\" data-image-meta=\"{&quot;aperture&quot;:&quot;9&quot;,&quot;credit&quot;:&quot;&quot;,&quot;camera&quot;:&quot;Canon EOS REBEL T5&quot;,&quot;caption&quot;:&quot;&quot;,&quot;created_timestamp&quot;:&quot;1575800927&quot;,&quot;copyright&quot;:&quot;&quot;,&quot;focal_length&quot;:&quot;24&quot;,&quot;iso&quot;:&quot;100&quot;,&quot;shutter_speed&quot;:&quot;0.00625&quot;,&quot;title&quot;:&quot;&quot;,&quot;orientation&quot;:&quot;1&quot;,&quot;keywords&quot;:&quot;Array&quot;}\" data-image-title=\"corridabem (13)\" data-image-description=\"\" data-medium-file=\"https:\/\/www.colorado.com.br\/nosdacolorado\/wp-content\/uploads\/2020\/01\/corridabem-13-300x200.jpg\" data-large-file=\"https:\/\/www.colorado.com.br\/nosdacolorado\/wp-content\/uploads\/2020\/01\/corridabem-13-1024x682.jpg\" width=\"2362\" height=\"1574\" src=\"https:\/\/www.colorado.com.br\/nosdacolorado\/wp-content\/uploads\/2020\/01\/corridabem-13.jpg\" class=\"attachment-full size-full\" alt=\"\" srcset=\"https:\/\/www.colorado.com.br\/nosdacolorado\/wp-content\/uploads\/2020\/01\/corridabem-13.jpg 2362w, https:\/\/www.colorado.com.br\/nosdacolorado\/wp-content\/uploads\/2020\/01\/corridabem-13-300x200.jpg 300w, https:\/\/www.colorado.com.br\/nosdacolorado\/wp-content\/uploads\/2020\/01\/corridabem-13-768x512.jpg 768w, https:\/\/www.colorado.com.br\/nosdacolorado\/wp-content\/uploads\/2020\/01\/corridabem-13-1024x682.jpg 1024w, https:\/\/www.colorado.com.br\/nosdacolorado\/wp-content\/uploads\/2020\/01\/corridabem-13-900x600.jpg 900w\" sizes=\"auto, (max-width: 2362px) 100vw, 2362px\" \/><\/a>\n\t\t\t<\/dt><\/dl><dl class='gallery-item'>\n\t\t\t<dt class='gallery-icon landscape'>\n\t\t\t\t<a href='https:\/\/www.colorado.com.br\/nosdacolorado\/wp-content\/uploads\/2020\/01\/corridabem-14.jpg'><img loading=\"lazy\" decoding=\"async\" data-attachment-id=\"2402\" data-orig-file=\"https:\/\/www.colorado.com.br\/nosdacolorado\/wp-content\/uploads\/2020\/01\/corridabem-14.jpg\" data-orig-size=\"2362,1574\" data-comments-opened=\"1\" data-image-meta=\"{&quot;aperture&quot;:&quot;10&quot;,&quot;credit&quot;:&quot;&quot;,&quot;camera&quot;:&quot;Canon EOS REBEL T5&quot;,&quot;caption&quot;:&quot;&quot;,&quot;created_timestamp&quot;:&quot;1575800108&quot;,&quot;copyright&quot;:&quot;&quot;,&quot;focal_length&quot;:&quot;18&quot;,&quot;iso&quot;:&quot;100&quot;,&quot;shutter_speed&quot;:&quot;0.004&quot;,&quot;title&quot;:&quot;&quot;,&quot;orientation&quot;:&quot;1&quot;,&quot;keywords&quot;:&quot;Array&quot;}\" data-image-title=\"corridabem (14)\" data-image-description=\"\" data-medium-file=\"https:\/\/www.colorado.com.br\/nosdacolorado\/wp-content\/uploads\/2020\/01\/corridabem-14-300x200.jpg\" data-large-file=\"https:\/\/www.colorado.com.br\/nosdacolorado\/wp-content\/uploads\/2020\/01\/corridabem-14-1024x682.jpg\" width=\"2362\" height=\"1574\" src=\"https:\/\/www.colorado.com.br\/nosdacolorado\/wp-content\/uploads\/2020\/01\/corridabem-14.jpg\" class=\"attachment-full size-full\" alt=\"\" srcset=\"https:\/\/www.colorado.com.br\/nosdacolorado\/wp-content\/uploads\/2020\/01\/corridabem-14.jpg 2362w, https:\/\/www.colorado.com.br\/nosdacolorado\/wp-content\/uploads\/2020\/01\/corridabem-14-300x200.jpg 300w, https:\/\/www.colorado.com.br\/nosdacolorado\/wp-content\/uploads\/2020\/01\/corridabem-14-768x512.jpg 768w, https:\/\/www.colorado.com.br\/nosdacolorado\/wp-content\/uploads\/2020\/01\/corridabem-14-1024x682.jpg 1024w, https:\/\/www.colorado.com.br\/nosdacolorado\/wp-content\/uploads\/2020\/01\/corridabem-14-900x600.jpg 900w\" sizes=\"auto, (max-width: 2362px) 100vw, 2362px\" \/><\/a>\n\t\t\t<\/dt><\/dl>\n\t\t\t<br style='clear: both' \/>\n\t\t<\/div>\n\n","protected":false},"excerpt":{"rendered":"<p>Colaboradores do Grupo Colorado conquistam p\u00f3dio da competi\u00e7\u00e3o\u00a0que se firma no calend\u00e1rio de eventos de Gua\u00edra no pr\u00f3ximo ano Mais do que uma prova esportiva, a I Corrida do Bem&#8230;<\/p>\n","protected":false},"author":2,"featured_media":2389,"comment_status":"open","ping_status":"open","sticky":false,"template":"","format":"standard","meta":{"footnotes":""},"categories":[13],"tags":[],"class_list":{"0":"post-2372","1":"post","2":"type-post","3":"status-publish","4":"format-standard","5":"has-post-thumbnail","7":"category-na-cidade"},"_links":{"self":[{"href":"https:\/\/www.colorado.com.br\/nosdacolorado\/wp-json\/wp\/v2\/posts\/2372","targetHints":{"allow":["GET"]}}],"collection":[{"href":"https:\/\/www.colorado.com.br\/nosdacolorado\/wp-json\/wp\/v2\/posts"}],"about":[{"href":"https:\/\/www.colorado.com.br\/nosdacolorado\/wp-json\/wp\/v2\/types\/post"}],"author":[{"embeddable":true,"href":"https:\/\/www.colorado.com.br\/nosdacolorado\/wp-json\/wp\/v2\/users\/2"}],"replies":[{"embeddable":true,"href":"https:\/\/www.colorado.com.br\/nosdacolorado\/wp-json\/wp\/v2\/comments?post=2372"}],"version-history":[{"count":1,"href":"https:\/\/www.colorado.com.br\/nosdacolorado\/wp-json\/wp\/v2\/posts\/2372\/revisions"}],"predecessor-version":[{"id":2403,"href":"https:\/\/www.colorado.com.br\/nosdacolorado\/wp-json\/wp\/v2\/posts\/2372\/revisions\/2403"}],"wp:featuredmedia":[{"embeddable":true,"href":"https:\/\/www.colorado.com.br\/nosdacolorado\/wp-json\/wp\/v2\/media\/2389"}],"wp:attachment":[{"href":"https:\/\/www.colorado.com.br\/nosdacolorado\/wp-json\/wp\/v2\/media?parent=2372"}],"wp:term":[{"taxonomy":"category","embeddable":true,"href":"https:\/\/www.colorado.com.br\/nosdacolorado\/wp-json\/wp\/v2\/categories?post=2372"},{"taxonomy":"post_tag","embeddable":true,"href":"https:\/\/www.colorado.com.br\/nosdacolorado\/wp-json\/wp\/v2\/tags?post=2372"}],"curies":[{"name":"wp","href":"https:\/\/api.w.org\/{rel}","templated":true}]}}