{"id":24005,"date":"2024-09-20T10:54:39","date_gmt":"2024-09-20T13:54:39","guid":{"rendered":"https:\/\/www.colorado.com.br\/nosdacolorado\/?p=24005"},"modified":"2024-09-20T13:57:49","modified_gmt":"2024-09-20T16:57:49","slug":"usina-colorado-patrocina-apresentacoes-gratuitas-de-o-grande-circo-musical-em-miguelopolis-guaira-e-ipua","status":"publish","type":"post","link":"https:\/\/www.colorado.com.br\/nosdacolorado\/usina-colorado-patrocina-apresentacoes-gratuitas-de-o-grande-circo-musical-em-miguelopolis-guaira-e-ipua\/","title":{"rendered":"Usina Colorado patrocina apresenta\u00e7\u00f5es gratuitas de O Grande Circo Musical em Miguel\u00f3polis, Gua\u00edra e Ipu\u00e3"},"content":{"rendered":"<p style=\"font-weight: 400;\"><a href=\"https:\/\/www.colorado.com.br\/nosdacolorado\/wp-content\/uploads\/2024\/09\/MG_2518.jpg\" rel=\"prettyPhoto[gallery-DWu6]\"><img loading=\"lazy\" decoding=\"async\" class=\"aligncenter size-full wp-image-24011\" src=\"https:\/\/www.colorado.com.br\/nosdacolorado\/wp-content\/uploads\/2024\/09\/MG_2518.jpg\" alt=\"\" width=\"1280\" height=\"853\" srcset=\"https:\/\/www.colorado.com.br\/nosdacolorado\/wp-content\/uploads\/2024\/09\/MG_2518.jpg 1280w, https:\/\/www.colorado.com.br\/nosdacolorado\/wp-content\/uploads\/2024\/09\/MG_2518-300x200.jpg 300w, https:\/\/www.colorado.com.br\/nosdacolorado\/wp-content\/uploads\/2024\/09\/MG_2518-1024x682.jpg 1024w, https:\/\/www.colorado.com.br\/nosdacolorado\/wp-content\/uploads\/2024\/09\/MG_2518-768x512.jpg 768w, https:\/\/www.colorado.com.br\/nosdacolorado\/wp-content\/uploads\/2024\/09\/MG_2518-900x600.jpg 900w\" sizes=\"auto, (max-width: 1280px) 100vw, 1280px\" \/><\/a><\/p>\n<p style=\"font-weight: 400;\">Miguel\u00f3polis, Gua\u00edra e Ipu\u00e3, v\u00e3o receber apresenta\u00e7\u00f5es gratuitas de O Grande Circo Musical, uma verdadeira brincadeira circense apresentada pela Cia. Minaz. Voltado para o p\u00fablico infanto-juvenil e para toda a fam\u00edlia, o espet\u00e1culo divertido e muito movimentado envolve a plateia que, canta, dan\u00e7a e responde \u00e0s mais estranhas perguntas dos palha\u00e7os cantores.<\/p>\n<p style=\"font-weight: 400;\">A Cia Minaz tem o\u00a0 patroc\u00ednio da\u00a0 Usina Colorado por meio de destina\u00e7\u00e3o de incentivos fiscais e \u00e9 uma grande oportunidade de lazer de qualidade para o p\u00fablico das cidades da regi\u00e3o. A apresenta\u00e7\u00e3o dos palha\u00e7os se mistura a m\u00fasicas do folclore brasileiros, interpretadas pelos pr\u00f3prios palha\u00e7os, sanfoneiro, um violonista, um percussionista, um tecladista e um quarteto vocal que encantam crian\u00e7as, jovens e adultos.<\/p>\n<p style=\"font-weight: 400;\">A primeira apresenta\u00e7\u00e3o acontece no dia 9 de outubro em Miguel\u00f3polis\u00a0 no Centro Cultural Ragih Miguel \u00e0s 19 horas . Gua\u00edra receber\u00e1 o espet\u00e1culo no dia 10 de outubro, em duas apresenta\u00e7\u00f5es, \u00e0s 16h00min e \u00e0s 19 horas no Sal\u00e3o do Clube do Bem, Gr\u00eamio Colorado. Ipu\u00e3 ser\u00e1 a \u00faltima cidade da regi\u00e3o a receber o espet\u00e1culo, no dia 11 de outubro, \u00e0s 13h30 e \u00e0s 15 horas no Audit\u00f3rio da Secretaria Municipal de Educa\u00e7\u00e3o e Cultura.<\/p>\n<p style=\"font-weight: 400;\"><strong>Para as apresenta\u00e7\u00f5es de Miguel\u00f3polis e Gua\u00edra, o<\/strong><strong>s ingressos gratuitos dever\u00e3o ser retirados a partir do dia 26 de setembro ,\u00a0<\/strong><strong>em Miguel\u00f3polis no Centro Cultural e em Gua\u00edra\u00a0<\/strong><strong>\u00a0no\u00a0 Instituto Oswaldo Ribeiro de Mendon\u00e7a \u2013 IORM ,\u00a0 mediante doa\u00e7\u00e3o de um quilo de alimento n\u00e3o perec\u00edvel ou um produto de limpeza ou higiene pessoal . Itens sugeridos :\u00a0 pacote de papel higi\u00eanico , sabonete\u00a0l\u00edquido , \u00e1gua sanit\u00e1ria , macarr\u00e3o, arroz e\u00a0 massa de tomate .\u00a0<\/strong><\/p>\n<p style=\"font-weight: 400;\">Em Ipu\u00e3 o espet\u00e1culo ser\u00e1 assistido pelos alunos dos projetos do IORM , e\u00a0\u00a0alunos da rede oficial de ensino do munic\u00edpio. N\u00e3o haver\u00e1 distribui\u00e7\u00e3o de convites.<\/p>\n<p style=\"font-weight: 400;\"><strong>Servi\u00e7o<\/strong><\/p>\n<p style=\"font-weight: 400;\">Espet\u00e1culo<\/p>\n<p style=\"font-weight: 400;\">Grande Circo Musical<\/p>\n<p style=\"font-weight: 400;\">Com a Cia. Minaz<\/p>\n<p style=\"font-weight: 400;\"><strong>Miguel\u00f3polis<\/strong><\/p>\n<p style=\"font-weight: 400;\">Data: 09 de outubro<\/p>\n<p style=\"font-weight: 400;\">Local: Centro Cultural Ragih Miguel Sawan<\/p>\n<p style=\"font-weight: 400;\">Hor\u00e1rio: 19horas<\/p>\n<p style=\"font-weight: 400;\">Retirada de convite\u00a0 com doa\u00e7\u00e3o para entidade no Centro Cultural<\/p>\n<p style=\"font-weight: 400;\">\u00a0Mais informa\u00e7\u00f5es pelo telefone\u00a0 :\u00a0(16) 3835-0255,<\/p>\n<p style=\"font-weight: 400;\"><strong>Gua\u00edra<\/strong><\/p>\n<p style=\"font-weight: 400;\">Data: 10\/10<\/p>\n<p style=\"font-weight: 400;\">Local: Sal\u00e3o do Clube\u00a0do Bem &#8211;\u00a0\u00a0Gr\u00eamio Colorado,\u00a0Av. Takeo Saito, 100<\/p>\n<p style=\"font-weight: 400;\">Em dois hor\u00e1rios: \u00e0s 16horas e \u00e0s 19horas<\/p>\n<p style=\"font-weight: 400;\">Retirada de convite com doa\u00e7\u00e3o para entidade\u00a0 no Instituto ORM<\/p>\n<p style=\"font-weight: 400;\">Mais informa\u00e7\u00f5es pelo telefone\u00a0 : ( 17 )\u00a0 3331 6132<\/p>\n<p style=\"font-weight: 400;\"><strong>Ipu\u00e3<\/strong><\/p>\n<p style=\"font-weight: 400;\">Data: 11\/10<\/p>\n<p style=\"font-weight: 400;\">Em dois hor\u00e1rios: \u00e0s 13h30 e \u00e0s 15horas<\/p>\n<p style=\"font-weight: 400;\">Local:<strong>\u00a0<\/strong> Audit\u00f3rio da Secretaria Municipal de Educa\u00e7\u00e3o e Cultura, \u00e0 Avenida Santana dos Olhos D&#8217;\u00c1gua, 477.<\/p>\n","protected":false},"excerpt":{"rendered":"<p>Miguel\u00f3polis, Gua\u00edra e Ipu\u00e3, v\u00e3o receber apresenta\u00e7\u00f5es gratuitas de O Grande Circo Musical, uma verdadeira brincadeira circense apresentada pela Cia. Minaz. Voltado para o p\u00fablico infanto-juvenil e para toda a&#8230;<\/p>\n","protected":false},"author":2,"featured_media":24009,"comment_status":"closed","ping_status":"open","sticky":false,"template":"","format":"standard","meta":{"footnotes":""},"categories":[11],"tags":[],"class_list":{"0":"post-24005","1":"post","2":"type-post","3":"status-publish","4":"format-standard","5":"has-post-thumbnail","7":"category-acontece-na-colorado"},"_links":{"self":[{"href":"https:\/\/www.colorado.com.br\/nosdacolorado\/wp-json\/wp\/v2\/posts\/24005","targetHints":{"allow":["GET"]}}],"collection":[{"href":"https:\/\/www.colorado.com.br\/nosdacolorado\/wp-json\/wp\/v2\/posts"}],"about":[{"href":"https:\/\/www.colorado.com.br\/nosdacolorado\/wp-json\/wp\/v2\/types\/post"}],"author":[{"embeddable":true,"href":"https:\/\/www.colorado.com.br\/nosdacolorado\/wp-json\/wp\/v2\/users\/2"}],"replies":[{"embeddable":true,"href":"https:\/\/www.colorado.com.br\/nosdacolorado\/wp-json\/wp\/v2\/comments?post=24005"}],"version-history":[{"count":2,"href":"https:\/\/www.colorado.com.br\/nosdacolorado\/wp-json\/wp\/v2\/posts\/24005\/revisions"}],"predecessor-version":[{"id":24013,"href":"https:\/\/www.colorado.com.br\/nosdacolorado\/wp-json\/wp\/v2\/posts\/24005\/revisions\/24013"}],"wp:featuredmedia":[{"embeddable":true,"href":"https:\/\/www.colorado.com.br\/nosdacolorado\/wp-json\/wp\/v2\/media\/24009"}],"wp:attachment":[{"href":"https:\/\/www.colorado.com.br\/nosdacolorado\/wp-json\/wp\/v2\/media?parent=24005"}],"wp:term":[{"taxonomy":"category","embeddable":true,"href":"https:\/\/www.colorado.com.br\/nosdacolorado\/wp-json\/wp\/v2\/categories?post=24005"},{"taxonomy":"post_tag","embeddable":true,"href":"https:\/\/www.colorado.com.br\/nosdacolorado\/wp-json\/wp\/v2\/tags?post=24005"}],"curies":[{"name":"wp","href":"https:\/\/api.w.org\/{rel}","templated":true}]}}