{"id":2404,"date":"2019-12-20T17:37:26","date_gmt":"2019-12-20T19:37:26","guid":{"rendered":"http:\/\/www.colorado.com.br\/nosdacolorado\/?p=2404"},"modified":"2020-01-15T17:39:16","modified_gmt":"2020-01-15T19:39:16","slug":"destaque-o-amor-pela-corrida-une-a-familia-nunes","status":"publish","type":"post","link":"https:\/\/www.colorado.com.br\/nosdacolorado\/destaque-o-amor-pela-corrida-une-a-familia-nunes\/","title":{"rendered":"DESTAQUE: O amor pela corrida une a Fam\u00edlia Nunes"},"content":{"rendered":"<p>Mauro Nunes Gon\u00e7alves \u00e9 L\u00edder de Manuten\u00e7\u00e3o El\u00e9trica e, nas horas vagas&#8230; corredor.<\/p>\n<p>Seu orgulho \u00e9 a fam\u00edlia que formou junto com a esposa Silvana. O casal tem dois filhos, Emiliane, que \u00e9 farmac\u00eautica em Ribeir\u00e3o Preto e Matheus, que que \u00e9 balanceiro da Balan\u00e7a e pesagem de Cana.<br \/>\nA paix\u00e3o pelo esporte virou coisa de fam\u00edlia. Matheus acaba de conquistar o 2\u00ba lugar na categoria 20 a 29 anos da I Corrida do Bem de Gua\u00edra, com o tempo de 24m57s. Ele divide com o pai o gosto pelas pistas de corrida. Assim como o irm\u00e3o de Maurinho, Ademir Nunes Gon\u00e7alves, que \u00e9 mec\u00e2nico de Manuten\u00e7\u00e3o Industrial da Oficina de Manuten\u00e7\u00e3o Ind\u00fastria Colorado e que tamb\u00e9m se destacou na Corrida do Bem, ficando com o 3\u00ba lugar com o tempo de 26m4s na categoria 40 a 49 anos. Wesley, motorista canavieiro, filho de Ademir e sobrinho de Maurinho, tamb\u00e9m corre nas horas vagas.<br \/>\nPara Maurinho, a corrida serve tamb\u00e9m como terapia. \u201cTive um ataque de ansiedade e Dr. Pedro indicou a pr\u00e1tica de esportes. Comecei a correr para fugir dos problemas. Em tr\u00eas meses fiquei livre dos rem\u00e9dios.\u201d.<br \/>\nEle conta que come\u00e7ou com caminhadas leves: \u201candava cem metros e j\u00e1 sentia o batimento card\u00edaco. Hoje corro 5 quil\u00f4metros sem altera\u00e7\u00e3o\u201d, conta. Precavido, Maurinho recomenda muito aquecimento para driblar o risco de contus\u00f5es.<br \/>\n\u201cEu caminhava e a\u00ed me inscrevi na Night Run em Barretos h\u00e1 dois anos, quando passei a correr. Gosto do desafio e da supera\u00e7\u00e3o de vencer o tempo. Al\u00e9m de se livrar da ansiedade, com a corrida Maurinho deixou para tr\u00e1s o excesso de peso.<br \/>\nPerdeu 7 quilos e hoje est\u00e1 feliz com os atuais 83 quilos. \u201cCorrer me fez muito bem mesmo. Mudei minha alimenta\u00e7\u00e3o. Hoje tenho uma nutricionista que me orienta. Uma hora antes de correr, me alimento de frutas ou isot\u00f4nico\u201d.<br \/>\nMaurinho frequenta a Academia \u00c1gua Viva e escolheu a pista de atletismo do Parque Marac\u00e1 para os treinos ao ar livre.<br \/>\nMas em que voc\u00ea pensa enquanto est\u00e1 correndo? \u201c\u2013 Em nada, penso em chegar logo e melhorar o tempo\u201d, responde. Agora ele se prepara para mais um desafio: quer se tornar maratonista percorrendo 42 quil\u00f4metros. Uma verdadeira supera\u00e7\u00e3o. J\u00e1 estamos torcendo por mais esta conquista.<\/p>\n\n\t\t<style type=\"text\/css\">\n\t\t\t#gallery-1 {\n\t\t\t\tmargin: auto;\n\t\t\t}\n\t\t\t#gallery-1 .gallery-item {\n\t\t\t\tfloat: left;\n\t\t\t\tmargin-top: 10px;\n\t\t\t\ttext-align: center;\n\t\t\t\twidth: 50%;\n\t\t\t}\n\t\t\t#gallery-1 img {\n\t\t\t\tborder: 2px solid #cfcfcf;\n\t\t\t}\n\t\t\t#gallery-1 .gallery-caption {\n\t\t\t\tmargin-left: 0;\n\t\t\t}\n\t\t\t\/* see gallery_shortcode() in wp-includes\/media.php *\/\n\t\t<\/style>\n\t\t<div data-carousel-extra='{\"blog_id\":1,\"permalink\":\"https:\\\/\\\/www.colorado.com.br\\\/nosdacolorado\\\/destaque-o-amor-pela-corrida-une-a-familia-nunes\\\/\"}' id='gallery-1' class='gallery galleryid-2404 gallery-columns-2 gallery-size-full'><dl class='gallery-item'>\n\t\t\t<dt class='gallery-icon portrait'>\n\t\t\t\t<a href='https:\/\/www.colorado.com.br\/nosdacolorado\/wp-content\/uploads\/2020\/01\/WhatsApp-Image-2019-12-18-at-10.33.24.jpeg'><img loading=\"lazy\" decoding=\"async\" data-attachment-id=\"2388\" data-orig-file=\"https:\/\/www.colorado.com.br\/nosdacolorado\/wp-content\/uploads\/2020\/01\/WhatsApp-Image-2019-12-18-at-10.33.24.jpeg\" data-orig-size=\"1772,2365\" data-comments-opened=\"1\" data-image-meta=\"{&quot;aperture&quot;:&quot;0&quot;,&quot;credit&quot;:&quot;&quot;,&quot;camera&quot;:&quot;&quot;,&quot;caption&quot;:&quot;&quot;,&quot;created_timestamp&quot;:&quot;0&quot;,&quot;copyright&quot;:&quot;&quot;,&quot;focal_length&quot;:&quot;0&quot;,&quot;iso&quot;:&quot;0&quot;,&quot;shutter_speed&quot;:&quot;0&quot;,&quot;title&quot;:&quot;&quot;,&quot;orientation&quot;:&quot;1&quot;,&quot;keywords&quot;:&quot;Array&quot;}\" data-image-title=\"WhatsApp Image 2019-12-18 at 10.33.24\" data-image-description=\"\" data-medium-file=\"https:\/\/www.colorado.com.br\/nosdacolorado\/wp-content\/uploads\/2020\/01\/WhatsApp-Image-2019-12-18-at-10.33.24-225x300.jpeg\" data-large-file=\"https:\/\/www.colorado.com.br\/nosdacolorado\/wp-content\/uploads\/2020\/01\/WhatsApp-Image-2019-12-18-at-10.33.24-767x1024.jpeg\" width=\"1772\" height=\"2365\" src=\"https:\/\/www.colorado.com.br\/nosdacolorado\/wp-content\/uploads\/2020\/01\/WhatsApp-Image-2019-12-18-at-10.33.24.jpeg\" class=\"attachment-full size-full\" alt=\"\" srcset=\"https:\/\/www.colorado.com.br\/nosdacolorado\/wp-content\/uploads\/2020\/01\/WhatsApp-Image-2019-12-18-at-10.33.24.jpeg 1772w, https:\/\/www.colorado.com.br\/nosdacolorado\/wp-content\/uploads\/2020\/01\/WhatsApp-Image-2019-12-18-at-10.33.24-225x300.jpeg 225w, https:\/\/www.colorado.com.br\/nosdacolorado\/wp-content\/uploads\/2020\/01\/WhatsApp-Image-2019-12-18-at-10.33.24-768x1025.jpeg 768w, https:\/\/www.colorado.com.br\/nosdacolorado\/wp-content\/uploads\/2020\/01\/WhatsApp-Image-2019-12-18-at-10.33.24-767x1024.jpeg 767w\" sizes=\"auto, (max-width: 1772px) 100vw, 1772px\" \/><\/a>\n\t\t\t<\/dt><\/dl><dl class='gallery-item'>\n\t\t\t<dt class='gallery-icon landscape'>\n\t\t\t\t<a href='https:\/\/www.colorado.com.br\/nosdacolorado\/wp-content\/uploads\/2020\/01\/WhatsApp-Image-2019-12-18-at-10.32.01.jpeg'><img loading=\"lazy\" decoding=\"async\" data-attachment-id=\"2386\" data-orig-file=\"https:\/\/www.colorado.com.br\/nosdacolorado\/wp-content\/uploads\/2020\/01\/WhatsApp-Image-2019-12-18-at-10.32.01.jpeg\" data-orig-size=\"2362,1772\" data-comments-opened=\"1\" data-image-meta=\"{&quot;aperture&quot;:&quot;0&quot;,&quot;credit&quot;:&quot;&quot;,&quot;camera&quot;:&quot;&quot;,&quot;caption&quot;:&quot;&quot;,&quot;created_timestamp&quot;:&quot;0&quot;,&quot;copyright&quot;:&quot;&quot;,&quot;focal_length&quot;:&quot;0&quot;,&quot;iso&quot;:&quot;0&quot;,&quot;shutter_speed&quot;:&quot;0&quot;,&quot;title&quot;:&quot;&quot;,&quot;orientation&quot;:&quot;1&quot;,&quot;keywords&quot;:&quot;Array&quot;}\" data-image-title=\"WhatsApp Image 2019-12-18 at 10.32.01\" data-image-description=\"\" data-medium-file=\"https:\/\/www.colorado.com.br\/nosdacolorado\/wp-content\/uploads\/2020\/01\/WhatsApp-Image-2019-12-18-at-10.32.01-300x225.jpeg\" data-large-file=\"https:\/\/www.colorado.com.br\/nosdacolorado\/wp-content\/uploads\/2020\/01\/WhatsApp-Image-2019-12-18-at-10.32.01-1024x768.jpeg\" width=\"2362\" height=\"1772\" src=\"https:\/\/www.colorado.com.br\/nosdacolorado\/wp-content\/uploads\/2020\/01\/WhatsApp-Image-2019-12-18-at-10.32.01.jpeg\" class=\"attachment-full size-full\" alt=\"\" srcset=\"https:\/\/www.colorado.com.br\/nosdacolorado\/wp-content\/uploads\/2020\/01\/WhatsApp-Image-2019-12-18-at-10.32.01.jpeg 2362w, https:\/\/www.colorado.com.br\/nosdacolorado\/wp-content\/uploads\/2020\/01\/WhatsApp-Image-2019-12-18-at-10.32.01-300x225.jpeg 300w, https:\/\/www.colorado.com.br\/nosdacolorado\/wp-content\/uploads\/2020\/01\/WhatsApp-Image-2019-12-18-at-10.32.01-768x576.jpeg 768w, https:\/\/www.colorado.com.br\/nosdacolorado\/wp-content\/uploads\/2020\/01\/WhatsApp-Image-2019-12-18-at-10.32.01-1024x768.jpeg 1024w\" sizes=\"auto, (max-width: 2362px) 100vw, 2362px\" \/><\/a>\n\t\t\t<\/dt><\/dl><br style=\"clear: both\" \/>\n\t\t<\/div>\n\n","protected":false},"excerpt":{"rendered":"<p>Mauro Nunes Gon\u00e7alves \u00e9 L\u00edder de Manuten\u00e7\u00e3o El\u00e9trica e, nas horas vagas&#8230; corredor. Seu orgulho \u00e9 a fam\u00edlia que formou junto com a esposa Silvana. O casal tem dois filhos,&#8230;<\/p>\n","protected":false},"author":2,"featured_media":2387,"comment_status":"open","ping_status":"open","sticky":false,"template":"","format":"standard","meta":{"footnotes":""},"categories":[11],"tags":[],"class_list":{"0":"post-2404","1":"post","2":"type-post","3":"status-publish","4":"format-standard","5":"has-post-thumbnail","7":"category-acontece-na-colorado"},"_links":{"self":[{"href":"https:\/\/www.colorado.com.br\/nosdacolorado\/wp-json\/wp\/v2\/posts\/2404","targetHints":{"allow":["GET"]}}],"collection":[{"href":"https:\/\/www.colorado.com.br\/nosdacolorado\/wp-json\/wp\/v2\/posts"}],"about":[{"href":"https:\/\/www.colorado.com.br\/nosdacolorado\/wp-json\/wp\/v2\/types\/post"}],"author":[{"embeddable":true,"href":"https:\/\/www.colorado.com.br\/nosdacolorado\/wp-json\/wp\/v2\/users\/2"}],"replies":[{"embeddable":true,"href":"https:\/\/www.colorado.com.br\/nosdacolorado\/wp-json\/wp\/v2\/comments?post=2404"}],"version-history":[{"count":1,"href":"https:\/\/www.colorado.com.br\/nosdacolorado\/wp-json\/wp\/v2\/posts\/2404\/revisions"}],"predecessor-version":[{"id":2405,"href":"https:\/\/www.colorado.com.br\/nosdacolorado\/wp-json\/wp\/v2\/posts\/2404\/revisions\/2405"}],"wp:featuredmedia":[{"embeddable":true,"href":"https:\/\/www.colorado.com.br\/nosdacolorado\/wp-json\/wp\/v2\/media\/2387"}],"wp:attachment":[{"href":"https:\/\/www.colorado.com.br\/nosdacolorado\/wp-json\/wp\/v2\/media?parent=2404"}],"wp:term":[{"taxonomy":"category","embeddable":true,"href":"https:\/\/www.colorado.com.br\/nosdacolorado\/wp-json\/wp\/v2\/categories?post=2404"},{"taxonomy":"post_tag","embeddable":true,"href":"https:\/\/www.colorado.com.br\/nosdacolorado\/wp-json\/wp\/v2\/tags?post=2404"}],"curies":[{"name":"wp","href":"https:\/\/api.w.org\/{rel}","templated":true}]}}