{"id":24233,"date":"2024-10-14T17:24:00","date_gmt":"2024-10-14T20:24:00","guid":{"rendered":"https:\/\/www.colorado.com.br\/nosdacolorado\/?p=24233"},"modified":"2024-10-14T17:24:00","modified_gmt":"2024-10-14T20:24:00","slug":"mocao-de-congratulacoes-as-brigadas-das-usinas-colorado","status":"publish","type":"post","link":"https:\/\/www.colorado.com.br\/nosdacolorado\/mocao-de-congratulacoes-as-brigadas-das-usinas-colorado\/","title":{"rendered":"Mo\u00e7\u00e3o de Congratula\u00e7\u00f5es \u00e0s brigadas das Usinas Colorado"},"content":{"rendered":"<p><img loading=\"lazy\" decoding=\"async\" class=\"aligncenter wp-image-24234\" src=\"https:\/\/www.colorado.com.br\/nosdacolorado\/wp-content\/uploads\/2024\/10\/WhatsApp-Image-2024-10-14-at-16.06.07.jpeg\" alt=\"\" width=\"800\" height=\"880\" srcset=\"https:\/\/www.colorado.com.br\/nosdacolorado\/wp-content\/uploads\/2024\/10\/WhatsApp-Image-2024-10-14-at-16.06.07.jpeg 1454w, https:\/\/www.colorado.com.br\/nosdacolorado\/wp-content\/uploads\/2024\/10\/WhatsApp-Image-2024-10-14-at-16.06.07-273x300.jpeg 273w, https:\/\/www.colorado.com.br\/nosdacolorado\/wp-content\/uploads\/2024\/10\/WhatsApp-Image-2024-10-14-at-16.06.07-931x1024.jpeg 931w, https:\/\/www.colorado.com.br\/nosdacolorado\/wp-content\/uploads\/2024\/10\/WhatsApp-Image-2024-10-14-at-16.06.07-768x845.jpeg 768w, https:\/\/www.colorado.com.br\/nosdacolorado\/wp-content\/uploads\/2024\/10\/WhatsApp-Image-2024-10-14-at-16.06.07-1396x1536.jpeg 1396w\" sizes=\"auto, (max-width: 800px) 100vw, 800px\" \/><\/p>\n<p>O importante trabalho realizado pelas equipes do PAME no combate e preven\u00e7\u00e3o aos inc\u00eandios criminosos e acidentais foi reconhecido pela C\u00e2mara Municipal de Gua\u00edra que acaba de aprovar Mo\u00e7\u00e3o de Congratula\u00e7\u00f5es \u00e0s brigadas das Usinas Colorado, Gua\u00edra e Alta Mogiana que atuam de forma articulada para prote\u00e7\u00e3o do campo e da cidade contra os efeitos do fogo.<\/p>\n","protected":false},"excerpt":{"rendered":"<p>O importante trabalho realizado pelas equipes do PAME no combate e preven\u00e7\u00e3o aos inc\u00eandios criminosos e acidentais foi reconhecido pela C\u00e2mara Municipal de Gua\u00edra que acaba de aprovar Mo\u00e7\u00e3o de&#8230;<\/p>\n","protected":false},"author":1,"featured_media":24234,"comment_status":"closed","ping_status":"open","sticky":false,"template":"","format":"standard","meta":{"footnotes":""},"categories":[11,9],"tags":[],"class_list":{"0":"post-24233","1":"post","2":"type-post","3":"status-publish","4":"format-standard","5":"has-post-thumbnail","7":"category-acontece-na-colorado","8":"category-saude-e-seguranca"},"_links":{"self":[{"href":"https:\/\/www.colorado.com.br\/nosdacolorado\/wp-json\/wp\/v2\/posts\/24233","targetHints":{"allow":["GET"]}}],"collection":[{"href":"https:\/\/www.colorado.com.br\/nosdacolorado\/wp-json\/wp\/v2\/posts"}],"about":[{"href":"https:\/\/www.colorado.com.br\/nosdacolorado\/wp-json\/wp\/v2\/types\/post"}],"author":[{"embeddable":true,"href":"https:\/\/www.colorado.com.br\/nosdacolorado\/wp-json\/wp\/v2\/users\/1"}],"replies":[{"embeddable":true,"href":"https:\/\/www.colorado.com.br\/nosdacolorado\/wp-json\/wp\/v2\/comments?post=24233"}],"version-history":[{"count":1,"href":"https:\/\/www.colorado.com.br\/nosdacolorado\/wp-json\/wp\/v2\/posts\/24233\/revisions"}],"predecessor-version":[{"id":24235,"href":"https:\/\/www.colorado.com.br\/nosdacolorado\/wp-json\/wp\/v2\/posts\/24233\/revisions\/24235"}],"wp:featuredmedia":[{"embeddable":true,"href":"https:\/\/www.colorado.com.br\/nosdacolorado\/wp-json\/wp\/v2\/media\/24234"}],"wp:attachment":[{"href":"https:\/\/www.colorado.com.br\/nosdacolorado\/wp-json\/wp\/v2\/media?parent=24233"}],"wp:term":[{"taxonomy":"category","embeddable":true,"href":"https:\/\/www.colorado.com.br\/nosdacolorado\/wp-json\/wp\/v2\/categories?post=24233"},{"taxonomy":"post_tag","embeddable":true,"href":"https:\/\/www.colorado.com.br\/nosdacolorado\/wp-json\/wp\/v2\/tags?post=24233"}],"curies":[{"name":"wp","href":"https:\/\/api.w.org\/{rel}","templated":true}]}}