{"id":25069,"date":"2025-01-30T16:45:39","date_gmt":"2025-01-30T19:45:39","guid":{"rendered":"https:\/\/www.colorado.com.br\/nosdacolorado\/?p=25069"},"modified":"2025-01-30T16:45:39","modified_gmt":"2025-01-30T19:45:39","slug":"grupo-colorado-segue-comprometido-com-a-protecao-de-dados","status":"publish","type":"post","link":"https:\/\/www.colorado.com.br\/nosdacolorado\/grupo-colorado-segue-comprometido-com-a-protecao-de-dados\/","title":{"rendered":"Grupo Colorado segue comprometido com a prote\u00e7\u00e3o de dados"},"content":{"rendered":"<p>A prote\u00e7\u00e3o de dados pessoais \u00e9 vital para a seguran\u00e7a, privacidade e confian\u00e7a na sociedade digital. \u00a0Em setembro de 2020, entrou em vigor no Brasil a Lei Geral de Prote\u00e7\u00e3o de Dados, LGPD, que garante a privacidade dos indiv\u00edduos, permitindo que as pessoas tenham controle sobre suas informa\u00e7\u00f5es pessoais e decidam como e quando essas informa\u00e7\u00f5es poder\u00e3o ser compartilhadas. A \u00a0prote\u00e7\u00e3o de dados ajuda a prevenir fraudes e abusos, como roubo de identidade e uso indevido de informa\u00e7\u00f5es sens\u00edveis.<\/p>\n<p>A prote\u00e7\u00e3o de dados \u00e9 essencial para a confian\u00e7a nas intera\u00e7\u00f5es online, que s\u00e3o a base da sociedade moderna. Quando as pessoas sabem que seus dados est\u00e3o seguros, elas se sentem mais \u00e0 vontade para utilizar servi\u00e7os digitais, o que \u00e9 crucial para o desenvolvimento de neg\u00f3cios e inova\u00e7\u00e3o.<\/p>\n<h2><strong>Intera\u00e7\u00f5es on-line<\/strong><\/h2>\n<p>A LGPD regula como empresas e organiza\u00e7\u00f5es devem tratar os dados pessoais, garantindo direitos fundamentais aos cidad\u00e3os, como privacidade, transpar\u00eancia e seguran\u00e7a. Entre os direitos assegurados est\u00e3o o acesso \u00e0s informa\u00e7\u00f5es, a possibilidade de corre\u00e7\u00e3o de dados e o controle sobre o uso das informa\u00e7\u00f5es compartilhadas.<\/p>\n<blockquote><p>\u201cReafirmando nosso compromisso com a \u00e9tica e a responsabilidade no tratamento de dados, as empresas do Grupo Colorado adotaram pr\u00e1ticas rigorosas de prote\u00e7\u00e3o de dados, contribuindo para a responsabilidade e transpar\u00eancia nas opera\u00e7\u00f5es comerciais.\u201d afirma o Coordenador de Recursos Humanos do Grupo Colorado, Jos\u00e9 Antonio Pimenta.<\/p><\/blockquote>\n<p>&nbsp;<\/p>\n<blockquote><p>\u201cA prote\u00e7\u00e3o de dados j\u00e1 est\u00e1 implantada e trabalhamos constantemente para garantir que as informa\u00e7\u00f5es pessoais de nossos colaboradores, clientes e parceiros estejam seguras.\u201d, ressalta o Encarregado de Prote\u00e7\u00e3o de Dados \u2013 DPO, Anderson Ferraz.<\/p><\/blockquote>\n<p>Ele informa que o amplo trabalho realizado para a adequa\u00e7\u00e3o \u00e0 LGPD, incluiu v\u00e1rias etapas, entre as quais, o levantamento geral de todos os departamentos que lidam com dados pessoais. A empresa revisou seu site, pol\u00edticas internas, pol\u00edticas de RH, contratos de trabalho e contratos de presta\u00e7\u00e3o de servi\u00e7os terceirizados em atendimento \u00e0s exig\u00eancias da lei.<\/p>\n<p>Uma das importantes iniciativas foi a realiza\u00e7\u00e3o de palestras e a elabora\u00e7\u00e3o de uma cartilha explicativa para disseminar junto a todos os colaboradores os princ\u00edpios da lei. Outra medida foi a nomea\u00e7\u00e3o do DPO, profissional dedicado a garantir que a empresa siga a leis de prote\u00e7\u00e3o aos dados pessoais.<\/p>\n<p>&nbsp;<\/p>\n\n\t\t<style type=\"text\/css\">\n\t\t\t#gallery-1 {\n\t\t\t\tmargin: auto;\n\t\t\t}\n\t\t\t#gallery-1 .gallery-item {\n\t\t\t\tfloat: left;\n\t\t\t\tmargin-top: 10px;\n\t\t\t\ttext-align: center;\n\t\t\t\twidth: 33%;\n\t\t\t}\n\t\t\t#gallery-1 img {\n\t\t\t\tborder: 2px solid #cfcfcf;\n\t\t\t}\n\t\t\t#gallery-1 .gallery-caption {\n\t\t\t\tmargin-left: 0;\n\t\t\t}\n\t\t\t\/* see gallery_shortcode() in wp-includes\/media.php *\/\n\t\t<\/style>\n\t\t<div data-carousel-extra='{\"blog_id\":1,\"permalink\":\"https:\\\/\\\/www.colorado.com.br\\\/nosdacolorado\\\/grupo-colorado-segue-comprometido-com-a-protecao-de-dados\\\/\"}' id='gallery-1' class='gallery galleryid-25069 gallery-columns-3 gallery-size-thumbnail'><dl class='gallery-item'>\n\t\t\t<dt class='gallery-icon landscape'>\n\t\t\t\t<a href='https:\/\/www.colorado.com.br\/nosdacolorado\/wp-content\/uploads\/2025\/01\/20230720_164556-scaled.jpg'><img loading=\"lazy\" decoding=\"async\" data-attachment-id=\"25072\" data-orig-file=\"https:\/\/www.colorado.com.br\/nosdacolorado\/wp-content\/uploads\/2025\/01\/20230720_164556-scaled.jpg\" data-orig-size=\"2560,1213\" data-comments-opened=\"0\" data-image-meta=\"{&quot;aperture&quot;:&quot;2.2&quot;,&quot;credit&quot;:&quot;&quot;,&quot;camera&quot;:&quot;SM-G970F&quot;,&quot;caption&quot;:&quot;&quot;,&quot;created_timestamp&quot;:&quot;1689871556&quot;,&quot;copyright&quot;:&quot;&quot;,&quot;focal_length&quot;:&quot;1.8&quot;,&quot;iso&quot;:&quot;320&quot;,&quot;shutter_speed&quot;:&quot;0.016666666666667&quot;,&quot;title&quot;:&quot;&quot;,&quot;orientation&quot;:&quot;1&quot;,&quot;keywords&quot;:&quot;Array&quot;}\" data-image-title=\"20230720_164556\" data-image-description=\"\" data-medium-file=\"https:\/\/www.colorado.com.br\/nosdacolorado\/wp-content\/uploads\/2025\/01\/20230720_164556-300x142.jpg\" data-large-file=\"https:\/\/www.colorado.com.br\/nosdacolorado\/wp-content\/uploads\/2025\/01\/20230720_164556-1024x485.jpg\" width=\"150\" height=\"150\" src=\"https:\/\/www.colorado.com.br\/nosdacolorado\/wp-content\/uploads\/2025\/01\/20230720_164556-150x150.jpg\" class=\"attachment-thumbnail size-thumbnail\" alt=\"\" srcset=\"https:\/\/www.colorado.com.br\/nosdacolorado\/wp-content\/uploads\/2025\/01\/20230720_164556-150x150.jpg 150w, https:\/\/www.colorado.com.br\/nosdacolorado\/wp-content\/uploads\/2025\/01\/20230720_164556-140x140.jpg 140w, https:\/\/www.colorado.com.br\/nosdacolorado\/wp-content\/uploads\/2025\/01\/20230720_164556-100x100.jpg 100w, https:\/\/www.colorado.com.br\/nosdacolorado\/wp-content\/uploads\/2025\/01\/20230720_164556-500x500.jpg 500w, https:\/\/www.colorado.com.br\/nosdacolorado\/wp-content\/uploads\/2025\/01\/20230720_164556-350x350.jpg 350w, https:\/\/www.colorado.com.br\/nosdacolorado\/wp-content\/uploads\/2025\/01\/20230720_164556-1000x1000.jpg 1000w, https:\/\/www.colorado.com.br\/nosdacolorado\/wp-content\/uploads\/2025\/01\/20230720_164556-800x800.jpg 800w\" sizes=\"auto, (max-width: 150px) 100vw, 150px\" \/><\/a>\n\t\t\t<\/dt><\/dl><dl class='gallery-item'>\n\t\t\t<dt class='gallery-icon landscape'>\n\t\t\t\t<a href='https:\/\/www.colorado.com.br\/nosdacolorado\/wp-content\/uploads\/2025\/01\/WhatsApp-Image-2023-07-18-at-14.23.09.jpeg'><img loading=\"lazy\" decoding=\"async\" data-attachment-id=\"25071\" data-orig-file=\"https:\/\/www.colorado.com.br\/nosdacolorado\/wp-content\/uploads\/2025\/01\/WhatsApp-Image-2023-07-18-at-14.23.09.jpeg\" data-orig-size=\"1600,1200\" data-comments-opened=\"0\" data-image-meta=\"{&quot;aperture&quot;:&quot;0&quot;,&quot;credit&quot;:&quot;&quot;,&quot;camera&quot;:&quot;&quot;,&quot;caption&quot;:&quot;&quot;,&quot;created_timestamp&quot;:&quot;0&quot;,&quot;copyright&quot;:&quot;&quot;,&quot;focal_length&quot;:&quot;0&quot;,&quot;iso&quot;:&quot;0&quot;,&quot;shutter_speed&quot;:&quot;0&quot;,&quot;title&quot;:&quot;&quot;,&quot;orientation&quot;:&quot;0&quot;,&quot;keywords&quot;:&quot;Array&quot;}\" data-image-title=\"WhatsApp Image 2023-07-18 at 14.23.09\" data-image-description=\"\" data-medium-file=\"https:\/\/www.colorado.com.br\/nosdacolorado\/wp-content\/uploads\/2025\/01\/WhatsApp-Image-2023-07-18-at-14.23.09-300x225.jpeg\" data-large-file=\"https:\/\/www.colorado.com.br\/nosdacolorado\/wp-content\/uploads\/2025\/01\/WhatsApp-Image-2023-07-18-at-14.23.09-1024x768.jpeg\" width=\"150\" height=\"150\" src=\"https:\/\/www.colorado.com.br\/nosdacolorado\/wp-content\/uploads\/2025\/01\/WhatsApp-Image-2023-07-18-at-14.23.09-150x150.jpeg\" class=\"attachment-thumbnail size-thumbnail\" alt=\"\" srcset=\"https:\/\/www.colorado.com.br\/nosdacolorado\/wp-content\/uploads\/2025\/01\/WhatsApp-Image-2023-07-18-at-14.23.09-150x150.jpeg 150w, https:\/\/www.colorado.com.br\/nosdacolorado\/wp-content\/uploads\/2025\/01\/WhatsApp-Image-2023-07-18-at-14.23.09-140x140.jpeg 140w, https:\/\/www.colorado.com.br\/nosdacolorado\/wp-content\/uploads\/2025\/01\/WhatsApp-Image-2023-07-18-at-14.23.09-100x100.jpeg 100w, https:\/\/www.colorado.com.br\/nosdacolorado\/wp-content\/uploads\/2025\/01\/WhatsApp-Image-2023-07-18-at-14.23.09-500x500.jpeg 500w, https:\/\/www.colorado.com.br\/nosdacolorado\/wp-content\/uploads\/2025\/01\/WhatsApp-Image-2023-07-18-at-14.23.09-350x350.jpeg 350w, https:\/\/www.colorado.com.br\/nosdacolorado\/wp-content\/uploads\/2025\/01\/WhatsApp-Image-2023-07-18-at-14.23.09-1000x1000.jpeg 1000w, https:\/\/www.colorado.com.br\/nosdacolorado\/wp-content\/uploads\/2025\/01\/WhatsApp-Image-2023-07-18-at-14.23.09-800x800.jpeg 800w\" sizes=\"auto, (max-width: 150px) 100vw, 150px\" \/><\/a>\n\t\t\t<\/dt><\/dl><dl class='gallery-item'>\n\t\t\t<dt class='gallery-icon landscape'>\n\t\t\t\t<a href='https:\/\/www.colorado.com.br\/nosdacolorado\/wp-content\/uploads\/2025\/01\/WhatsApp-Image-2023-07-19-at-16.37.04-1.jpeg'><img loading=\"lazy\" decoding=\"async\" data-attachment-id=\"25070\" data-orig-file=\"https:\/\/www.colorado.com.br\/nosdacolorado\/wp-content\/uploads\/2025\/01\/WhatsApp-Image-2023-07-19-at-16.37.04-1.jpeg\" data-orig-size=\"1600,1200\" data-comments-opened=\"0\" data-image-meta=\"{&quot;aperture&quot;:&quot;0&quot;,&quot;credit&quot;:&quot;&quot;,&quot;camera&quot;:&quot;&quot;,&quot;caption&quot;:&quot;&quot;,&quot;created_timestamp&quot;:&quot;0&quot;,&quot;copyright&quot;:&quot;&quot;,&quot;focal_length&quot;:&quot;0&quot;,&quot;iso&quot;:&quot;0&quot;,&quot;shutter_speed&quot;:&quot;0&quot;,&quot;title&quot;:&quot;&quot;,&quot;orientation&quot;:&quot;0&quot;,&quot;keywords&quot;:&quot;Array&quot;}\" data-image-title=\"WhatsApp Image 2023-07-19 at 16.37.04 (1)\" data-image-description=\"\" data-medium-file=\"https:\/\/www.colorado.com.br\/nosdacolorado\/wp-content\/uploads\/2025\/01\/WhatsApp-Image-2023-07-19-at-16.37.04-1-300x225.jpeg\" data-large-file=\"https:\/\/www.colorado.com.br\/nosdacolorado\/wp-content\/uploads\/2025\/01\/WhatsApp-Image-2023-07-19-at-16.37.04-1-1024x768.jpeg\" width=\"150\" height=\"150\" src=\"https:\/\/www.colorado.com.br\/nosdacolorado\/wp-content\/uploads\/2025\/01\/WhatsApp-Image-2023-07-19-at-16.37.04-1-150x150.jpeg\" class=\"attachment-thumbnail size-thumbnail\" alt=\"\" srcset=\"https:\/\/www.colorado.com.br\/nosdacolorado\/wp-content\/uploads\/2025\/01\/WhatsApp-Image-2023-07-19-at-16.37.04-1-150x150.jpeg 150w, https:\/\/www.colorado.com.br\/nosdacolorado\/wp-content\/uploads\/2025\/01\/WhatsApp-Image-2023-07-19-at-16.37.04-1-140x140.jpeg 140w, https:\/\/www.colorado.com.br\/nosdacolorado\/wp-content\/uploads\/2025\/01\/WhatsApp-Image-2023-07-19-at-16.37.04-1-100x100.jpeg 100w, https:\/\/www.colorado.com.br\/nosdacolorado\/wp-content\/uploads\/2025\/01\/WhatsApp-Image-2023-07-19-at-16.37.04-1-500x500.jpeg 500w, https:\/\/www.colorado.com.br\/nosdacolorado\/wp-content\/uploads\/2025\/01\/WhatsApp-Image-2023-07-19-at-16.37.04-1-350x350.jpeg 350w, https:\/\/www.colorado.com.br\/nosdacolorado\/wp-content\/uploads\/2025\/01\/WhatsApp-Image-2023-07-19-at-16.37.04-1-1000x1000.jpeg 1000w, https:\/\/www.colorado.com.br\/nosdacolorado\/wp-content\/uploads\/2025\/01\/WhatsApp-Image-2023-07-19-at-16.37.04-1-800x800.jpeg 800w\" sizes=\"auto, (max-width: 150px) 100vw, 150px\" \/><\/a>\n\t\t\t<\/dt><\/dl><br style=\"clear: both\" \/>\n\t\t<\/div>\n\n<p><a href=\"https:\/\/www.colorado.com.br\/nosdacolorado\/wp-content\/uploads\/2025\/01\/Cartilha-LGPD.pdf\">Cartilha LGPD<\/a><\/p>\n","protected":false},"excerpt":{"rendered":"<p>A prote\u00e7\u00e3o de dados pessoais \u00e9 vital para a seguran\u00e7a, privacidade e confian\u00e7a na sociedade digital. \u00a0Em setembro de 2020, entrou em vigor no Brasil a Lei Geral de Prote\u00e7\u00e3o&#8230;<\/p>\n","protected":false},"author":2,"featured_media":25072,"comment_status":"closed","ping_status":"open","sticky":false,"template":"","format":"standard","meta":{"footnotes":""},"categories":[11],"tags":[],"class_list":{"0":"post-25069","1":"post","2":"type-post","3":"status-publish","4":"format-standard","5":"has-post-thumbnail","7":"category-acontece-na-colorado"},"_links":{"self":[{"href":"https:\/\/www.colorado.com.br\/nosdacolorado\/wp-json\/wp\/v2\/posts\/25069","targetHints":{"allow":["GET"]}}],"collection":[{"href":"https:\/\/www.colorado.com.br\/nosdacolorado\/wp-json\/wp\/v2\/posts"}],"about":[{"href":"https:\/\/www.colorado.com.br\/nosdacolorado\/wp-json\/wp\/v2\/types\/post"}],"author":[{"embeddable":true,"href":"https:\/\/www.colorado.com.br\/nosdacolorado\/wp-json\/wp\/v2\/users\/2"}],"replies":[{"embeddable":true,"href":"https:\/\/www.colorado.com.br\/nosdacolorado\/wp-json\/wp\/v2\/comments?post=25069"}],"version-history":[{"count":1,"href":"https:\/\/www.colorado.com.br\/nosdacolorado\/wp-json\/wp\/v2\/posts\/25069\/revisions"}],"predecessor-version":[{"id":25074,"href":"https:\/\/www.colorado.com.br\/nosdacolorado\/wp-json\/wp\/v2\/posts\/25069\/revisions\/25074"}],"wp:featuredmedia":[{"embeddable":true,"href":"https:\/\/www.colorado.com.br\/nosdacolorado\/wp-json\/wp\/v2\/media\/25072"}],"wp:attachment":[{"href":"https:\/\/www.colorado.com.br\/nosdacolorado\/wp-json\/wp\/v2\/media?parent=25069"}],"wp:term":[{"taxonomy":"category","embeddable":true,"href":"https:\/\/www.colorado.com.br\/nosdacolorado\/wp-json\/wp\/v2\/categories?post=25069"},{"taxonomy":"post_tag","embeddable":true,"href":"https:\/\/www.colorado.com.br\/nosdacolorado\/wp-json\/wp\/v2\/tags?post=25069"}],"curies":[{"name":"wp","href":"https:\/\/api.w.org\/{rel}","templated":true}]}}