{"id":25120,"date":"2025-02-19T16:47:56","date_gmt":"2025-02-19T19:47:56","guid":{"rendered":"https:\/\/www.colorado.com.br\/nosdacolorado\/?p=25120"},"modified":"2025-02-19T16:47:56","modified_gmt":"2025-02-19T19:47:56","slug":"equipes-da-usina-colorado-realizam-segundo-arrastao-contra-a-dengue-nas-instalacoes-da-empresa","status":"publish","type":"post","link":"https:\/\/www.colorado.com.br\/nosdacolorado\/equipes-da-usina-colorado-realizam-segundo-arrastao-contra-a-dengue-nas-instalacoes-da-empresa\/","title":{"rendered":"Equipes da Usina Colorado realizam segundo arrast\u00e3o contra a dengue nas instala\u00e7\u00f5es da empresa"},"content":{"rendered":"<p>Participar do esfor\u00e7o da comunidade no combate \u00e0 dengue \u00e9 um compromisso da Usina Colorado que no dia 14 de fevereiro reuniu as equipes do Departamento de Seguran\u00e7a do Trabalho e de Transporte para realizar um arrast\u00e3o contra o mosquito transmissor da doen\u00e7a nas instala\u00e7\u00f5es da empresa.<\/p>\n<p>Este foi o segundo arrast\u00e3o de limpeza realizado pela empresa neste ano e resultou na retirada de res\u00edduos que acumulam \u00e1gua e outros materiais que podem se tornar poss\u00edveis criadouros do mosquito transmissor da dengue. A redu\u00e7\u00e3o de focos de \u00e1gua parada est\u00e1 diretamente relacionada \u00e0 diminui\u00e7\u00e3o do n\u00famero de casos da doen\u00e7a.<\/p>\n<p>O arrast\u00e3o abrangeu v\u00e1rias \u00e1reas da Usina Colorado, entre elas a planta industrial, a manuten\u00e7\u00e3o automotiva, o setor de insumos, os p\u00e1tios de Implementos e o setor de manuten\u00e7\u00e3o prim\u00e1ria.<\/p>\n<p>O balan\u00e7o da opera\u00e7\u00e3o foi considerado positivo pelas equipes envolvidas. \u201cComo parte do arrast\u00e3o, o Departamento de Seguran\u00e7a do Trabalho orientou os profissionais e gestores da empresa sobre as medidas de preven\u00e7\u00e3o contra a prolifera\u00e7\u00e3o do Aedes aegypti\u201d, destacou Caique\u00a0Marquiori\u00a0Barbosa, t\u00e9cnico de Seguran\u00e7a do Trabalho da Usina Colorado.<\/p>\n\n\t\t<style type=\"text\/css\">\n\t\t\t#gallery-1 {\n\t\t\t\tmargin: auto;\n\t\t\t}\n\t\t\t#gallery-1 .gallery-item {\n\t\t\t\tfloat: left;\n\t\t\t\tmargin-top: 10px;\n\t\t\t\ttext-align: center;\n\t\t\t\twidth: 33%;\n\t\t\t}\n\t\t\t#gallery-1 img {\n\t\t\t\tborder: 2px solid #cfcfcf;\n\t\t\t}\n\t\t\t#gallery-1 .gallery-caption {\n\t\t\t\tmargin-left: 0;\n\t\t\t}\n\t\t\t\/* see gallery_shortcode() in wp-includes\/media.php *\/\n\t\t<\/style>\n\t\t<div data-carousel-extra='{\"blog_id\":1,\"permalink\":\"https:\\\/\\\/www.colorado.com.br\\\/nosdacolorado\\\/equipes-da-usina-colorado-realizam-segundo-arrastao-contra-a-dengue-nas-instalacoes-da-empresa\\\/\"}' id='gallery-1' class='gallery galleryid-25120 gallery-columns-3 gallery-size-large'><dl class='gallery-item'>\n\t\t\t<dt class='gallery-icon landscape'>\n\t\t\t\t<a href='https:\/\/www.colorado.com.br\/nosdacolorado\/wp-content\/uploads\/2025\/02\/Fotos-Arrastao-4.jpg'><img loading=\"lazy\" decoding=\"async\" data-attachment-id=\"25110\" data-orig-file=\"https:\/\/www.colorado.com.br\/nosdacolorado\/wp-content\/uploads\/2025\/02\/Fotos-Arrastao-4.jpg\" data-orig-size=\"533,400\" data-comments-opened=\"0\" data-image-meta=\"{&quot;aperture&quot;:&quot;2&quot;,&quot;credit&quot;:&quot;&quot;,&quot;camera&quot;:&quot;SM-A315G&quot;,&quot;caption&quot;:&quot;&quot;,&quot;created_timestamp&quot;:&quot;1739520900&quot;,&quot;copyright&quot;:&quot;&quot;,&quot;focal_length&quot;:&quot;4.6&quot;,&quot;iso&quot;:&quot;50&quot;,&quot;shutter_speed&quot;:&quot;0.020007&quot;,&quot;title&quot;:&quot;&quot;,&quot;orientation&quot;:&quot;1&quot;,&quot;keywords&quot;:&quot;Array&quot;}\" data-image-title=\"Fotos Arrasta\u0303o (4)\" data-image-description=\"\" data-medium-file=\"https:\/\/www.colorado.com.br\/nosdacolorado\/wp-content\/uploads\/2025\/02\/Fotos-Arrastao-4-300x225.jpg\" data-large-file=\"https:\/\/www.colorado.com.br\/nosdacolorado\/wp-content\/uploads\/2025\/02\/Fotos-Arrastao-4.jpg\" width=\"533\" height=\"400\" src=\"https:\/\/www.colorado.com.br\/nosdacolorado\/wp-content\/uploads\/2025\/02\/Fotos-Arrastao-4.jpg\" class=\"attachment-large size-large\" alt=\"\" srcset=\"https:\/\/www.colorado.com.br\/nosdacolorado\/wp-content\/uploads\/2025\/02\/Fotos-Arrastao-4.jpg 533w, https:\/\/www.colorado.com.br\/nosdacolorado\/wp-content\/uploads\/2025\/02\/Fotos-Arrastao-4-300x225.jpg 300w\" sizes=\"auto, (max-width: 533px) 100vw, 533px\" \/><\/a>\n\t\t\t<\/dt><\/dl><dl class='gallery-item'>\n\t\t\t<dt class='gallery-icon landscape'>\n\t\t\t\t<a href='https:\/\/www.colorado.com.br\/nosdacolorado\/wp-content\/uploads\/2025\/02\/Fotos-Arrastao-5.jpg'><img loading=\"lazy\" decoding=\"async\" data-attachment-id=\"25111\" data-orig-file=\"https:\/\/www.colorado.com.br\/nosdacolorado\/wp-content\/uploads\/2025\/02\/Fotos-Arrastao-5.jpg\" data-orig-size=\"533,400\" data-comments-opened=\"0\" data-image-meta=\"{&quot;aperture&quot;:&quot;2&quot;,&quot;credit&quot;:&quot;&quot;,&quot;camera&quot;:&quot;SM-A315G&quot;,&quot;caption&quot;:&quot;&quot;,&quot;created_timestamp&quot;:&quot;1739521177&quot;,&quot;copyright&quot;:&quot;&quot;,&quot;focal_length&quot;:&quot;4.6&quot;,&quot;iso&quot;:&quot;25&quot;,&quot;shutter_speed&quot;:&quot;0.004982&quot;,&quot;title&quot;:&quot;&quot;,&quot;orientation&quot;:&quot;1&quot;,&quot;keywords&quot;:&quot;Array&quot;}\" data-image-title=\"Fotos Arrasta\u0303o (5)\" data-image-description=\"\" data-medium-file=\"https:\/\/www.colorado.com.br\/nosdacolorado\/wp-content\/uploads\/2025\/02\/Fotos-Arrastao-5-300x225.jpg\" data-large-file=\"https:\/\/www.colorado.com.br\/nosdacolorado\/wp-content\/uploads\/2025\/02\/Fotos-Arrastao-5.jpg\" width=\"533\" height=\"400\" src=\"https:\/\/www.colorado.com.br\/nosdacolorado\/wp-content\/uploads\/2025\/02\/Fotos-Arrastao-5.jpg\" class=\"attachment-large size-large\" alt=\"\" srcset=\"https:\/\/www.colorado.com.br\/nosdacolorado\/wp-content\/uploads\/2025\/02\/Fotos-Arrastao-5.jpg 533w, https:\/\/www.colorado.com.br\/nosdacolorado\/wp-content\/uploads\/2025\/02\/Fotos-Arrastao-5-300x225.jpg 300w\" sizes=\"auto, (max-width: 533px) 100vw, 533px\" \/><\/a>\n\t\t\t<\/dt><\/dl><dl class='gallery-item'>\n\t\t\t<dt class='gallery-icon landscape'>\n\t\t\t\t<a href='https:\/\/www.colorado.com.br\/nosdacolorado\/wp-content\/uploads\/2025\/02\/Fotos-Arrastao-6.jpg'><img loading=\"lazy\" decoding=\"async\" data-attachment-id=\"25112\" data-orig-file=\"https:\/\/www.colorado.com.br\/nosdacolorado\/wp-content\/uploads\/2025\/02\/Fotos-Arrastao-6.jpg\" data-orig-size=\"533,400\" data-comments-opened=\"0\" data-image-meta=\"{&quot;aperture&quot;:&quot;2&quot;,&quot;credit&quot;:&quot;&quot;,&quot;camera&quot;:&quot;SM-A315G&quot;,&quot;caption&quot;:&quot;&quot;,&quot;created_timestamp&quot;:&quot;1739521770&quot;,&quot;copyright&quot;:&quot;&quot;,&quot;focal_length&quot;:&quot;4.6&quot;,&quot;iso&quot;:&quot;25&quot;,&quot;shutter_speed&quot;:&quot;0.001645&quot;,&quot;title&quot;:&quot;&quot;,&quot;orientation&quot;:&quot;1&quot;,&quot;keywords&quot;:&quot;Array&quot;}\" data-image-title=\"Fotos Arrasta\u0303o (6)\" data-image-description=\"\" data-medium-file=\"https:\/\/www.colorado.com.br\/nosdacolorado\/wp-content\/uploads\/2025\/02\/Fotos-Arrastao-6-300x225.jpg\" data-large-file=\"https:\/\/www.colorado.com.br\/nosdacolorado\/wp-content\/uploads\/2025\/02\/Fotos-Arrastao-6.jpg\" width=\"533\" height=\"400\" src=\"https:\/\/www.colorado.com.br\/nosdacolorado\/wp-content\/uploads\/2025\/02\/Fotos-Arrastao-6.jpg\" class=\"attachment-large size-large\" alt=\"\" srcset=\"https:\/\/www.colorado.com.br\/nosdacolorado\/wp-content\/uploads\/2025\/02\/Fotos-Arrastao-6.jpg 533w, https:\/\/www.colorado.com.br\/nosdacolorado\/wp-content\/uploads\/2025\/02\/Fotos-Arrastao-6-300x225.jpg 300w\" sizes=\"auto, (max-width: 533px) 100vw, 533px\" \/><\/a>\n\t\t\t<\/dt><\/dl><br style=\"clear: both\" \/><dl class='gallery-item'>\n\t\t\t<dt class='gallery-icon landscape'>\n\t\t\t\t<a href='https:\/\/www.colorado.com.br\/nosdacolorado\/wp-content\/uploads\/2025\/02\/Fotos-Arrastao-7.jpg'><img loading=\"lazy\" decoding=\"async\" data-attachment-id=\"25113\" data-orig-file=\"https:\/\/www.colorado.com.br\/nosdacolorado\/wp-content\/uploads\/2025\/02\/Fotos-Arrastao-7.jpg\" data-orig-size=\"533,400\" data-comments-opened=\"0\" data-image-meta=\"{&quot;aperture&quot;:&quot;2&quot;,&quot;credit&quot;:&quot;&quot;,&quot;camera&quot;:&quot;SM-A315G&quot;,&quot;caption&quot;:&quot;&quot;,&quot;created_timestamp&quot;:&quot;1739522757&quot;,&quot;copyright&quot;:&quot;&quot;,&quot;focal_length&quot;:&quot;4.6&quot;,&quot;iso&quot;:&quot;25&quot;,&quot;shutter_speed&quot;:&quot;0.006595&quot;,&quot;title&quot;:&quot;&quot;,&quot;orientation&quot;:&quot;1&quot;,&quot;keywords&quot;:&quot;Array&quot;}\" data-image-title=\"Fotos Arrasta\u0303o (7)\" data-image-description=\"\" data-medium-file=\"https:\/\/www.colorado.com.br\/nosdacolorado\/wp-content\/uploads\/2025\/02\/Fotos-Arrastao-7-300x225.jpg\" data-large-file=\"https:\/\/www.colorado.com.br\/nosdacolorado\/wp-content\/uploads\/2025\/02\/Fotos-Arrastao-7.jpg\" width=\"533\" height=\"400\" src=\"https:\/\/www.colorado.com.br\/nosdacolorado\/wp-content\/uploads\/2025\/02\/Fotos-Arrastao-7.jpg\" class=\"attachment-large size-large\" alt=\"\" srcset=\"https:\/\/www.colorado.com.br\/nosdacolorado\/wp-content\/uploads\/2025\/02\/Fotos-Arrastao-7.jpg 533w, https:\/\/www.colorado.com.br\/nosdacolorado\/wp-content\/uploads\/2025\/02\/Fotos-Arrastao-7-300x225.jpg 300w\" sizes=\"auto, (max-width: 533px) 100vw, 533px\" \/><\/a>\n\t\t\t<\/dt><\/dl><dl class='gallery-item'>\n\t\t\t<dt class='gallery-icon landscape'>\n\t\t\t\t<a href='https:\/\/www.colorado.com.br\/nosdacolorado\/wp-content\/uploads\/2025\/02\/Fotos-Arrastao-8.jpg'><img loading=\"lazy\" decoding=\"async\" data-attachment-id=\"25114\" data-orig-file=\"https:\/\/www.colorado.com.br\/nosdacolorado\/wp-content\/uploads\/2025\/02\/Fotos-Arrastao-8.jpg\" data-orig-size=\"533,400\" data-comments-opened=\"0\" data-image-meta=\"{&quot;aperture&quot;:&quot;2&quot;,&quot;credit&quot;:&quot;&quot;,&quot;camera&quot;:&quot;SM-A315G&quot;,&quot;caption&quot;:&quot;&quot;,&quot;created_timestamp&quot;:&quot;1739523267&quot;,&quot;copyright&quot;:&quot;&quot;,&quot;focal_length&quot;:&quot;4.6&quot;,&quot;iso&quot;:&quot;25&quot;,&quot;shutter_speed&quot;:&quot;0.004344&quot;,&quot;title&quot;:&quot;&quot;,&quot;orientation&quot;:&quot;1&quot;,&quot;keywords&quot;:&quot;Array&quot;}\" data-image-title=\"Fotos Arrasta\u0303o (8)\" data-image-description=\"\" data-medium-file=\"https:\/\/www.colorado.com.br\/nosdacolorado\/wp-content\/uploads\/2025\/02\/Fotos-Arrastao-8-300x225.jpg\" data-large-file=\"https:\/\/www.colorado.com.br\/nosdacolorado\/wp-content\/uploads\/2025\/02\/Fotos-Arrastao-8.jpg\" width=\"533\" height=\"400\" src=\"https:\/\/www.colorado.com.br\/nosdacolorado\/wp-content\/uploads\/2025\/02\/Fotos-Arrastao-8.jpg\" class=\"attachment-large size-large\" alt=\"\" srcset=\"https:\/\/www.colorado.com.br\/nosdacolorado\/wp-content\/uploads\/2025\/02\/Fotos-Arrastao-8.jpg 533w, https:\/\/www.colorado.com.br\/nosdacolorado\/wp-content\/uploads\/2025\/02\/Fotos-Arrastao-8-300x225.jpg 300w\" sizes=\"auto, (max-width: 533px) 100vw, 533px\" \/><\/a>\n\t\t\t<\/dt><\/dl><dl class='gallery-item'>\n\t\t\t<dt class='gallery-icon landscape'>\n\t\t\t\t<a href='https:\/\/www.colorado.com.br\/nosdacolorado\/wp-content\/uploads\/2025\/02\/Fotos-Arrastao-9.jpg'><img loading=\"lazy\" decoding=\"async\" data-attachment-id=\"25115\" data-orig-file=\"https:\/\/www.colorado.com.br\/nosdacolorado\/wp-content\/uploads\/2025\/02\/Fotos-Arrastao-9.jpg\" data-orig-size=\"533,400\" data-comments-opened=\"0\" data-image-meta=\"{&quot;aperture&quot;:&quot;2&quot;,&quot;credit&quot;:&quot;&quot;,&quot;camera&quot;:&quot;SM-A315G&quot;,&quot;caption&quot;:&quot;&quot;,&quot;created_timestamp&quot;:&quot;1739523388&quot;,&quot;copyright&quot;:&quot;&quot;,&quot;focal_length&quot;:&quot;4.6&quot;,&quot;iso&quot;:&quot;25&quot;,&quot;shutter_speed&quot;:&quot;0.009309&quot;,&quot;title&quot;:&quot;&quot;,&quot;orientation&quot;:&quot;1&quot;,&quot;keywords&quot;:&quot;Array&quot;}\" data-image-title=\"Fotos Arrasta\u0303o (9)\" data-image-description=\"\" data-medium-file=\"https:\/\/www.colorado.com.br\/nosdacolorado\/wp-content\/uploads\/2025\/02\/Fotos-Arrastao-9-300x225.jpg\" data-large-file=\"https:\/\/www.colorado.com.br\/nosdacolorado\/wp-content\/uploads\/2025\/02\/Fotos-Arrastao-9.jpg\" width=\"533\" height=\"400\" src=\"https:\/\/www.colorado.com.br\/nosdacolorado\/wp-content\/uploads\/2025\/02\/Fotos-Arrastao-9.jpg\" class=\"attachment-large size-large\" alt=\"\" srcset=\"https:\/\/www.colorado.com.br\/nosdacolorado\/wp-content\/uploads\/2025\/02\/Fotos-Arrastao-9.jpg 533w, https:\/\/www.colorado.com.br\/nosdacolorado\/wp-content\/uploads\/2025\/02\/Fotos-Arrastao-9-300x225.jpg 300w\" sizes=\"auto, (max-width: 533px) 100vw, 533px\" \/><\/a>\n\t\t\t<\/dt><\/dl><br style=\"clear: both\" \/><dl class='gallery-item'>\n\t\t\t<dt class='gallery-icon landscape'>\n\t\t\t\t<a href='https:\/\/www.colorado.com.br\/nosdacolorado\/wp-content\/uploads\/2025\/02\/Fotos-Arrastao.jpeg'><img loading=\"lazy\" decoding=\"async\" data-attachment-id=\"25116\" data-orig-file=\"https:\/\/www.colorado.com.br\/nosdacolorado\/wp-content\/uploads\/2025\/02\/Fotos-Arrastao.jpeg\" data-orig-size=\"533,400\" data-comments-opened=\"0\" data-image-meta=\"{&quot;aperture&quot;:&quot;0&quot;,&quot;credit&quot;:&quot;&quot;,&quot;camera&quot;:&quot;&quot;,&quot;caption&quot;:&quot;&quot;,&quot;created_timestamp&quot;:&quot;0&quot;,&quot;copyright&quot;:&quot;&quot;,&quot;focal_length&quot;:&quot;0&quot;,&quot;iso&quot;:&quot;0&quot;,&quot;shutter_speed&quot;:&quot;0&quot;,&quot;title&quot;:&quot;&quot;,&quot;orientation&quot;:&quot;1&quot;,&quot;keywords&quot;:&quot;Array&quot;}\" data-image-title=\"Fotos Arrasta\u0303o\" data-image-description=\"\" data-medium-file=\"https:\/\/www.colorado.com.br\/nosdacolorado\/wp-content\/uploads\/2025\/02\/Fotos-Arrastao-300x225.jpeg\" data-large-file=\"https:\/\/www.colorado.com.br\/nosdacolorado\/wp-content\/uploads\/2025\/02\/Fotos-Arrastao.jpeg\" width=\"533\" height=\"400\" src=\"https:\/\/www.colorado.com.br\/nosdacolorado\/wp-content\/uploads\/2025\/02\/Fotos-Arrastao.jpeg\" class=\"attachment-large size-large\" alt=\"\" srcset=\"https:\/\/www.colorado.com.br\/nosdacolorado\/wp-content\/uploads\/2025\/02\/Fotos-Arrastao.jpeg 533w, https:\/\/www.colorado.com.br\/nosdacolorado\/wp-content\/uploads\/2025\/02\/Fotos-Arrastao-300x225.jpeg 300w\" sizes=\"auto, (max-width: 533px) 100vw, 533px\" \/><\/a>\n\t\t\t<\/dt><\/dl><dl class='gallery-item'>\n\t\t\t<dt class='gallery-icon landscape'>\n\t\t\t\t<a href='https:\/\/www.colorado.com.br\/nosdacolorado\/wp-content\/uploads\/2025\/02\/Fotos-Arrastao-1.jpg'><img loading=\"lazy\" decoding=\"async\" data-attachment-id=\"25117\" data-orig-file=\"https:\/\/www.colorado.com.br\/nosdacolorado\/wp-content\/uploads\/2025\/02\/Fotos-Arrastao-1.jpg\" data-orig-size=\"533,400\" data-comments-opened=\"0\" data-image-meta=\"{&quot;aperture&quot;:&quot;2&quot;,&quot;credit&quot;:&quot;&quot;,&quot;camera&quot;:&quot;SM-A315G&quot;,&quot;caption&quot;:&quot;&quot;,&quot;created_timestamp&quot;:&quot;1739524909&quot;,&quot;copyright&quot;:&quot;&quot;,&quot;focal_length&quot;:&quot;4.6&quot;,&quot;iso&quot;:&quot;25&quot;,&quot;shutter_speed&quot;:&quot;0.001422&quot;,&quot;title&quot;:&quot;&quot;,&quot;orientation&quot;:&quot;1&quot;,&quot;keywords&quot;:&quot;Array&quot;}\" data-image-title=\"Fotos Arrasta\u0303o (1)\" data-image-description=\"\" data-medium-file=\"https:\/\/www.colorado.com.br\/nosdacolorado\/wp-content\/uploads\/2025\/02\/Fotos-Arrastao-1-300x225.jpg\" data-large-file=\"https:\/\/www.colorado.com.br\/nosdacolorado\/wp-content\/uploads\/2025\/02\/Fotos-Arrastao-1.jpg\" width=\"533\" height=\"400\" src=\"https:\/\/www.colorado.com.br\/nosdacolorado\/wp-content\/uploads\/2025\/02\/Fotos-Arrastao-1.jpg\" class=\"attachment-large size-large\" alt=\"\" aria-describedby=\"gallery-1-25117\" srcset=\"https:\/\/www.colorado.com.br\/nosdacolorado\/wp-content\/uploads\/2025\/02\/Fotos-Arrastao-1.jpg 533w, https:\/\/www.colorado.com.br\/nosdacolorado\/wp-content\/uploads\/2025\/02\/Fotos-Arrastao-1-300x225.jpg 300w\" sizes=\"auto, (max-width: 533px) 100vw, 533px\" \/><\/a>\n\t\t\t<\/dt>\n\t\t\t\t<dd class='wp-caption-text gallery-caption' id='gallery-1-25117'>\n\t\t\t\t<strong>Corint<\/strong>\ndddddddd\n\t\t\t\t<\/dd><\/dl><dl class='gallery-item'>\n\t\t\t<dt class='gallery-icon landscape'>\n\t\t\t\t<a href='https:\/\/www.colorado.com.br\/nosdacolorado\/wp-content\/uploads\/2025\/02\/Fotos-Arrastao-2.jpg'><img loading=\"lazy\" decoding=\"async\" data-attachment-id=\"25118\" data-orig-file=\"https:\/\/www.colorado.com.br\/nosdacolorado\/wp-content\/uploads\/2025\/02\/Fotos-Arrastao-2.jpg\" data-orig-size=\"533,400\" data-comments-opened=\"0\" data-image-meta=\"{&quot;aperture&quot;:&quot;2&quot;,&quot;credit&quot;:&quot;&quot;,&quot;camera&quot;:&quot;SM-A315G&quot;,&quot;caption&quot;:&quot;&quot;,&quot;created_timestamp&quot;:&quot;1739520774&quot;,&quot;copyright&quot;:&quot;&quot;,&quot;focal_length&quot;:&quot;4.6&quot;,&quot;iso&quot;:&quot;25&quot;,&quot;shutter_speed&quot;:&quot;0.004344&quot;,&quot;title&quot;:&quot;&quot;,&quot;orientation&quot;:&quot;1&quot;,&quot;keywords&quot;:&quot;Array&quot;}\" data-image-title=\"Fotos Arrasta\u0303o (2)\" data-image-description=\"\" data-medium-file=\"https:\/\/www.colorado.com.br\/nosdacolorado\/wp-content\/uploads\/2025\/02\/Fotos-Arrastao-2-300x225.jpg\" data-large-file=\"https:\/\/www.colorado.com.br\/nosdacolorado\/wp-content\/uploads\/2025\/02\/Fotos-Arrastao-2.jpg\" width=\"533\" height=\"400\" src=\"https:\/\/www.colorado.com.br\/nosdacolorado\/wp-content\/uploads\/2025\/02\/Fotos-Arrastao-2.jpg\" class=\"attachment-large size-large\" alt=\"\" srcset=\"https:\/\/www.colorado.com.br\/nosdacolorado\/wp-content\/uploads\/2025\/02\/Fotos-Arrastao-2.jpg 533w, https:\/\/www.colorado.com.br\/nosdacolorado\/wp-content\/uploads\/2025\/02\/Fotos-Arrastao-2-300x225.jpg 300w\" sizes=\"auto, (max-width: 533px) 100vw, 533px\" \/><\/a>\n\t\t\t<\/dt><\/dl><br style=\"clear: both\" \/>\n\t\t<\/div>\n\n","protected":false},"excerpt":{"rendered":"<p>Participar do esfor\u00e7o da comunidade no combate \u00e0 dengue \u00e9 um compromisso da Usina Colorado que no dia 14 de fevereiro reuniu as equipes do Departamento de Seguran\u00e7a do Trabalho&#8230;<\/p>\n","protected":false},"author":1,"featured_media":25116,"comment_status":"closed","ping_status":"open","sticky":false,"template":"","format":"standard","meta":{"footnotes":""},"categories":[11,9],"tags":[],"class_list":{"0":"post-25120","1":"post","2":"type-post","3":"status-publish","4":"format-standard","5":"has-post-thumbnail","7":"category-acontece-na-colorado","8":"category-saude-e-seguranca"},"_links":{"self":[{"href":"https:\/\/www.colorado.com.br\/nosdacolorado\/wp-json\/wp\/v2\/posts\/25120","targetHints":{"allow":["GET"]}}],"collection":[{"href":"https:\/\/www.colorado.com.br\/nosdacolorado\/wp-json\/wp\/v2\/posts"}],"about":[{"href":"https:\/\/www.colorado.com.br\/nosdacolorado\/wp-json\/wp\/v2\/types\/post"}],"author":[{"embeddable":true,"href":"https:\/\/www.colorado.com.br\/nosdacolorado\/wp-json\/wp\/v2\/users\/1"}],"replies":[{"embeddable":true,"href":"https:\/\/www.colorado.com.br\/nosdacolorado\/wp-json\/wp\/v2\/comments?post=25120"}],"version-history":[{"count":1,"href":"https:\/\/www.colorado.com.br\/nosdacolorado\/wp-json\/wp\/v2\/posts\/25120\/revisions"}],"predecessor-version":[{"id":25121,"href":"https:\/\/www.colorado.com.br\/nosdacolorado\/wp-json\/wp\/v2\/posts\/25120\/revisions\/25121"}],"wp:featuredmedia":[{"embeddable":true,"href":"https:\/\/www.colorado.com.br\/nosdacolorado\/wp-json\/wp\/v2\/media\/25116"}],"wp:attachment":[{"href":"https:\/\/www.colorado.com.br\/nosdacolorado\/wp-json\/wp\/v2\/media?parent=25120"}],"wp:term":[{"taxonomy":"category","embeddable":true,"href":"https:\/\/www.colorado.com.br\/nosdacolorado\/wp-json\/wp\/v2\/categories?post=25120"},{"taxonomy":"post_tag","embeddable":true,"href":"https:\/\/www.colorado.com.br\/nosdacolorado\/wp-json\/wp\/v2\/tags?post=25120"}],"curies":[{"name":"wp","href":"https:\/\/api.w.org\/{rel}","templated":true}]}}