{"id":25125,"date":"2025-02-21T10:02:35","date_gmt":"2025-02-21T13:02:35","guid":{"rendered":"https:\/\/www.colorado.com.br\/nosdacolorado\/?p=25125"},"modified":"2026-03-04T10:54:37","modified_gmt":"2026-03-04T13:54:37","slug":"muitos-gols-agitam-o-campeonato-de-futebol-society-2025-do-grupo-colorado","status":"publish","type":"post","link":"https:\/\/www.colorado.com.br\/nosdacolorado\/muitos-gols-agitam-o-campeonato-de-futebol-society-2025-do-grupo-colorado\/","title":{"rendered":"Muitos gols agitam o Campeonato de Futebol Society 2025 do Grupo Colorado"},"content":{"rendered":"<p data-start=\"153\" data-end=\"417\"><a href=\"https:\/\/www.colorado.com.br\/nosdacolorado\/wp-content\/uploads\/2019\/02\/ecard-9.png\" rel=\"prettyPhoto[gallery-9lQ8]\"><img loading=\"lazy\" decoding=\"async\" class=\"aligncenter wp-image-25141 size-large\" src=\"https:\/\/www.colorado.com.br\/nosdacolorado\/wp-content\/uploads\/2019\/02\/ecard-9-819x1024.png\" alt=\"\" width=\"819\" height=\"1024\" srcset=\"https:\/\/www.colorado.com.br\/nosdacolorado\/wp-content\/uploads\/2019\/02\/ecard-9-819x1024.png 819w, https:\/\/www.colorado.com.br\/nosdacolorado\/wp-content\/uploads\/2019\/02\/ecard-9-240x300.png 240w, https:\/\/www.colorado.com.br\/nosdacolorado\/wp-content\/uploads\/2019\/02\/ecard-9-768x960.png 768w, https:\/\/www.colorado.com.br\/nosdacolorado\/wp-content\/uploads\/2019\/02\/ecard-9-1229x1536.png 1229w, https:\/\/www.colorado.com.br\/nosdacolorado\/wp-content\/uploads\/2019\/02\/ecard-9-1638x2048.png 1638w\" sizes=\"auto, (max-width: 819px) 100vw, 819px\" \/><\/a><\/p>\n<p data-start=\"153\" data-end=\"417\">O <strong data-start=\"155\" data-end=\"193\">Campeonato de Futebol Society 2025<\/strong>, que re\u00fane <strong data-start=\"205\" data-end=\"240\">colaboradores do Grupo Colorado<\/strong>, come\u00e7ou com tudo e j\u00e1 trouxe placares impressionantes! Na noite de <strong data-start=\"309\" data-end=\"328\">18 de fevereiro<\/strong>, o Corinthians protagonizou uma vit\u00f3ria hist\u00f3rica ao vencer o Botafogo por <strong data-start=\"404\" data-end=\"414\">17 a 0<\/strong>.<\/p>\n<p data-start=\"419\" data-end=\"646\">O torneio \u00e9 um evento tradicional no calend\u00e1rio da <strong data-start=\"470\" data-end=\"503\">entressafra do Grupo Colorado<\/strong> e acontece anualmente no <strong data-start=\"529\" data-end=\"545\">Clube do Bem<\/strong>, reunindo uma torcida vibrante composta por familiares, amigos dos jogadores e amantes do futebol.<\/p>\n<p data-start=\"648\" data-end=\"761\">No mesmo dia, a segunda partida da noite terminou com um empate emocionante: <strong data-start=\"725\" data-end=\"758\">S\u00e3o Paulo 3 x 3 Internacional<\/strong>.<\/p>\n<p data-start=\"763\" data-end=\"1046\">E a rede continuou balan\u00e7ando! Na rodada seguinte, realizada na <strong data-start=\"827\" data-end=\"860\">quinta-feira, 20 de fevereiro<\/strong>, o Cruzeiro aplicou outra goleada marcante, vencendo o Flamengo por <strong data-start=\"929\" data-end=\"939\">15 a 1<\/strong>. J\u00e1 o segundo confronto da noite foi mais equilibrado, com o <strong data-start=\"1001\" data-end=\"1043\">Santos superando o Palmeiras por 5 a 3<\/strong>.<\/p>\n<p data-start=\"1048\" data-end=\"1319\">O Campeonato re\u00fane <strong data-start=\"1067\" data-end=\"1113\">10 times e 100 jogadores de quatro cidades<\/strong>: <strong data-start=\"1115\" data-end=\"1157\">Miguel\u00f3polis, Gua\u00edra, Ituverava e Ipu\u00e3<\/strong>. As partidas acontecem sempre <strong data-start=\"1188\" data-end=\"1218\">\u00e0s ter\u00e7as e quintas-feiras<\/strong> e s\u00e3o <strong data-start=\"1225\" data-end=\"1247\">abertas ao p\u00fablico<\/strong>, que pode comparecer para apoiar e torcer por suas equipes favoritas.<\/p>\n<p data-start=\"1321\" data-end=\"1479\">E para conhecer melhor as equipes que est\u00e3o dando um show dentro de campo, confira as fotos dos times que participaram desta primeira rodada do Campeonato! \ud83d\udcf8\u26bd<\/p>\n\n\t\t<style type=\"text\/css\">\n\t\t\t#gallery-1 {\n\t\t\t\tmargin: auto;\n\t\t\t}\n\t\t\t#gallery-1 .gallery-item {\n\t\t\t\tfloat: left;\n\t\t\t\tmargin-top: 10px;\n\t\t\t\ttext-align: center;\n\t\t\t\twidth: 25%;\n\t\t\t}\n\t\t\t#gallery-1 img {\n\t\t\t\tborder: 2px solid #cfcfcf;\n\t\t\t}\n\t\t\t#gallery-1 .gallery-caption {\n\t\t\t\tmargin-left: 0;\n\t\t\t}\n\t\t\t\/* see gallery_shortcode() in wp-includes\/media.php *\/\n\t\t<\/style>\n\t\t<div data-carousel-extra='{\"blog_id\":1,\"permalink\":\"https:\\\/\\\/www.colorado.com.br\\\/nosdacolorado\\\/muitos-gols-agitam-o-campeonato-de-futebol-society-2025-do-grupo-colorado\\\/\"}' id='gallery-1' class='gallery galleryid-25125 gallery-columns-4 gallery-size-large'><dl class='gallery-item'>\n\t\t\t<dt class='gallery-icon landscape'>\n\t\t\t\t<a href='https:\/\/www.colorado.com.br\/nosdacolorado\/wp-content\/uploads\/2025\/02\/01-Corinthians.png'><img loading=\"lazy\" decoding=\"async\" data-attachment-id=\"25127\" data-orig-file=\"https:\/\/www.colorado.com.br\/nosdacolorado\/wp-content\/uploads\/2025\/02\/01-Corinthians.png\" data-orig-size=\"1250,834\" data-comments-opened=\"0\" data-image-meta=\"{&quot;aperture&quot;:&quot;0&quot;,&quot;credit&quot;:&quot;&quot;,&quot;camera&quot;:&quot;&quot;,&quot;caption&quot;:&quot;&quot;,&quot;created_timestamp&quot;:&quot;0&quot;,&quot;copyright&quot;:&quot;&quot;,&quot;focal_length&quot;:&quot;0&quot;,&quot;iso&quot;:&quot;0&quot;,&quot;shutter_speed&quot;:&quot;0&quot;,&quot;title&quot;:&quot;&quot;,&quot;orientation&quot;:&quot;0&quot;,&quot;keywords&quot;:&quot;Array&quot;}\" data-image-title=\"01 &#8211; Corinthians\" data-image-description=\"\" data-medium-file=\"https:\/\/www.colorado.com.br\/nosdacolorado\/wp-content\/uploads\/2025\/02\/01-Corinthians-300x200.png\" data-large-file=\"https:\/\/www.colorado.com.br\/nosdacolorado\/wp-content\/uploads\/2025\/02\/01-Corinthians-1024x683.png\" width=\"1024\" height=\"683\" src=\"https:\/\/www.colorado.com.br\/nosdacolorado\/wp-content\/uploads\/2025\/02\/01-Corinthians-1024x683.png\" class=\"attachment-large size-large\" alt=\"\" aria-describedby=\"gallery-1-25127\" srcset=\"https:\/\/www.colorado.com.br\/nosdacolorado\/wp-content\/uploads\/2025\/02\/01-Corinthians-1024x683.png 1024w, https:\/\/www.colorado.com.br\/nosdacolorado\/wp-content\/uploads\/2025\/02\/01-Corinthians-300x200.png 300w, https:\/\/www.colorado.com.br\/nosdacolorado\/wp-content\/uploads\/2025\/02\/01-Corinthians-768x512.png 768w, https:\/\/www.colorado.com.br\/nosdacolorado\/wp-content\/uploads\/2025\/02\/01-Corinthians-900x600.png 900w, https:\/\/www.colorado.com.br\/nosdacolorado\/wp-content\/uploads\/2025\/02\/01-Corinthians.png 1250w\" sizes=\"auto, (max-width: 1024px) 100vw, 1024px\" \/><\/a>\n\t\t\t<\/dt>\n\t\t\t\t<dd class='wp-caption-text gallery-caption' id='gallery-1-25127'>\n\t\t\t\t<strong>Corinthians<\/strong><br>Iago Maciel de Lima Souza, Rodrigo Vicente Gon\u00e7alves, Rildo Inacio da Cruz, Luiz Ricardo de Oliveira Ferreira, Marcio Moreira Saud, Jo\u00e3o Gabriel Ribeiro Pasquim, Matheus Rodrigues da Silva, Andrew Concei\u00e7\u00e3o, Adriano da Silva Guilherme, Cristian da Silva Teodoro Freire, Gabriel da Costa Santos e Airton Rodrigues Ferreira\n\t\t\t\t<\/dd><\/dl><dl class='gallery-item'>\n\t\t\t<dt class='gallery-icon landscape'>\n\t\t\t\t<a href='https:\/\/www.colorado.com.br\/nosdacolorado\/wp-content\/uploads\/2025\/02\/02-Botafogo.png'><img loading=\"lazy\" decoding=\"async\" data-attachment-id=\"25128\" data-orig-file=\"https:\/\/www.colorado.com.br\/nosdacolorado\/wp-content\/uploads\/2025\/02\/02-Botafogo.png\" data-orig-size=\"1250,834\" data-comments-opened=\"0\" data-image-meta=\"{&quot;aperture&quot;:&quot;0&quot;,&quot;credit&quot;:&quot;&quot;,&quot;camera&quot;:&quot;&quot;,&quot;caption&quot;:&quot;&quot;,&quot;created_timestamp&quot;:&quot;0&quot;,&quot;copyright&quot;:&quot;&quot;,&quot;focal_length&quot;:&quot;0&quot;,&quot;iso&quot;:&quot;0&quot;,&quot;shutter_speed&quot;:&quot;0&quot;,&quot;title&quot;:&quot;&quot;,&quot;orientation&quot;:&quot;0&quot;,&quot;keywords&quot;:&quot;Array&quot;}\" data-image-title=\"02 &#8211; Botafogo\" data-image-description=\"\" data-medium-file=\"https:\/\/www.colorado.com.br\/nosdacolorado\/wp-content\/uploads\/2025\/02\/02-Botafogo-300x200.png\" data-large-file=\"https:\/\/www.colorado.com.br\/nosdacolorado\/wp-content\/uploads\/2025\/02\/02-Botafogo-1024x683.png\" width=\"1024\" height=\"683\" src=\"https:\/\/www.colorado.com.br\/nosdacolorado\/wp-content\/uploads\/2025\/02\/02-Botafogo-1024x683.png\" class=\"attachment-large size-large\" alt=\"\" aria-describedby=\"gallery-1-25128\" srcset=\"https:\/\/www.colorado.com.br\/nosdacolorado\/wp-content\/uploads\/2025\/02\/02-Botafogo-1024x683.png 1024w, https:\/\/www.colorado.com.br\/nosdacolorado\/wp-content\/uploads\/2025\/02\/02-Botafogo-300x200.png 300w, https:\/\/www.colorado.com.br\/nosdacolorado\/wp-content\/uploads\/2025\/02\/02-Botafogo-768x512.png 768w, https:\/\/www.colorado.com.br\/nosdacolorado\/wp-content\/uploads\/2025\/02\/02-Botafogo-900x600.png 900w, https:\/\/www.colorado.com.br\/nosdacolorado\/wp-content\/uploads\/2025\/02\/02-Botafogo.png 1250w\" sizes=\"auto, (max-width: 1024px) 100vw, 1024px\" \/><\/a>\n\t\t\t<\/dt>\n\t\t\t\t<dd class='wp-caption-text gallery-caption' id='gallery-1-25128'>\n\t\t\t\t<strong>Botafogo<\/strong><br>Carlos Eduardo, Leonardo Souza, Samuel Alves, Mauricio Candido, Jean Claudio, Luiz Gustavo Corr\u00eaa, Bruno Aparecido Bernardes, Oseas J Paulo, Welinton Fernandes dos Santos, Samuel Morales da Silva, Mateus S. Tomaz e Volmer de Souza Varanda\n\t\t\t\t<\/dd><\/dl><dl class='gallery-item'>\n\t\t\t<dt class='gallery-icon landscape'>\n\t\t\t\t<a href='https:\/\/www.colorado.com.br\/nosdacolorado\/wp-content\/uploads\/2025\/02\/03-Sao-Paulo.png'><img loading=\"lazy\" decoding=\"async\" data-attachment-id=\"25129\" data-orig-file=\"https:\/\/www.colorado.com.br\/nosdacolorado\/wp-content\/uploads\/2025\/02\/03-Sao-Paulo.png\" data-orig-size=\"1250,834\" data-comments-opened=\"0\" data-image-meta=\"{&quot;aperture&quot;:&quot;0&quot;,&quot;credit&quot;:&quot;&quot;,&quot;camera&quot;:&quot;&quot;,&quot;caption&quot;:&quot;&quot;,&quot;created_timestamp&quot;:&quot;0&quot;,&quot;copyright&quot;:&quot;&quot;,&quot;focal_length&quot;:&quot;0&quot;,&quot;iso&quot;:&quot;0&quot;,&quot;shutter_speed&quot;:&quot;0&quot;,&quot;title&quot;:&quot;&quot;,&quot;orientation&quot;:&quot;0&quot;,&quot;keywords&quot;:&quot;Array&quot;}\" data-image-title=\"03 &#8211; Sa\u0303o Paulo\" data-image-description=\"\" data-medium-file=\"https:\/\/www.colorado.com.br\/nosdacolorado\/wp-content\/uploads\/2025\/02\/03-Sao-Paulo-300x200.png\" data-large-file=\"https:\/\/www.colorado.com.br\/nosdacolorado\/wp-content\/uploads\/2025\/02\/03-Sao-Paulo-1024x683.png\" width=\"1024\" height=\"683\" src=\"https:\/\/www.colorado.com.br\/nosdacolorado\/wp-content\/uploads\/2025\/02\/03-Sao-Paulo-1024x683.png\" class=\"attachment-large size-large\" alt=\"\" aria-describedby=\"gallery-1-25129\" srcset=\"https:\/\/www.colorado.com.br\/nosdacolorado\/wp-content\/uploads\/2025\/02\/03-Sao-Paulo-1024x683.png 1024w, https:\/\/www.colorado.com.br\/nosdacolorado\/wp-content\/uploads\/2025\/02\/03-Sao-Paulo-300x200.png 300w, https:\/\/www.colorado.com.br\/nosdacolorado\/wp-content\/uploads\/2025\/02\/03-Sao-Paulo-768x512.png 768w, https:\/\/www.colorado.com.br\/nosdacolorado\/wp-content\/uploads\/2025\/02\/03-Sao-Paulo-900x600.png 900w, https:\/\/www.colorado.com.br\/nosdacolorado\/wp-content\/uploads\/2025\/02\/03-Sao-Paulo.png 1250w\" sizes=\"auto, (max-width: 1024px) 100vw, 1024px\" \/><\/a>\n\t\t\t<\/dt>\n\t\t\t\t<dd class='wp-caption-text gallery-caption' id='gallery-1-25129'>\n\t\t\t\t<strong>S\u00e3o Paulo<\/strong><br>Deivd Willian de Oliveira, Denis Vicente Jacovassi, Taisson Roberto dos Santos, Vitctor Thiago Resende Marsal, Diego Ricardo Pires dos Santos, Cristiano, Jos\u00e9 Domingos dos Reis Neto, Romualdo Aparecido Mendes, Juliano Junior Souza, Lucas Moraes dos Santos, Domingos S. da Silva Rodrigues e Jos\u00e9 Andr\u00e9 de Almeida\n\t\t\t\t<\/dd><\/dl><dl class='gallery-item'>\n\t\t\t<dt class='gallery-icon landscape'>\n\t\t\t\t<a href='https:\/\/www.colorado.com.br\/nosdacolorado\/wp-content\/uploads\/2025\/02\/04-Internacional.png'><img loading=\"lazy\" decoding=\"async\" data-attachment-id=\"25130\" data-orig-file=\"https:\/\/www.colorado.com.br\/nosdacolorado\/wp-content\/uploads\/2025\/02\/04-Internacional.png\" data-orig-size=\"1250,834\" data-comments-opened=\"0\" data-image-meta=\"{&quot;aperture&quot;:&quot;0&quot;,&quot;credit&quot;:&quot;&quot;,&quot;camera&quot;:&quot;&quot;,&quot;caption&quot;:&quot;&quot;,&quot;created_timestamp&quot;:&quot;0&quot;,&quot;copyright&quot;:&quot;&quot;,&quot;focal_length&quot;:&quot;0&quot;,&quot;iso&quot;:&quot;0&quot;,&quot;shutter_speed&quot;:&quot;0&quot;,&quot;title&quot;:&quot;&quot;,&quot;orientation&quot;:&quot;0&quot;,&quot;keywords&quot;:&quot;Array&quot;}\" data-image-title=\"04 &#8211; Internacional\" data-image-description=\"\" data-medium-file=\"https:\/\/www.colorado.com.br\/nosdacolorado\/wp-content\/uploads\/2025\/02\/04-Internacional-300x200.png\" data-large-file=\"https:\/\/www.colorado.com.br\/nosdacolorado\/wp-content\/uploads\/2025\/02\/04-Internacional-1024x683.png\" width=\"1024\" height=\"683\" src=\"https:\/\/www.colorado.com.br\/nosdacolorado\/wp-content\/uploads\/2025\/02\/04-Internacional-1024x683.png\" class=\"attachment-large size-large\" alt=\"\" aria-describedby=\"gallery-1-25130\" srcset=\"https:\/\/www.colorado.com.br\/nosdacolorado\/wp-content\/uploads\/2025\/02\/04-Internacional-1024x683.png 1024w, https:\/\/www.colorado.com.br\/nosdacolorado\/wp-content\/uploads\/2025\/02\/04-Internacional-300x200.png 300w, https:\/\/www.colorado.com.br\/nosdacolorado\/wp-content\/uploads\/2025\/02\/04-Internacional-768x512.png 768w, https:\/\/www.colorado.com.br\/nosdacolorado\/wp-content\/uploads\/2025\/02\/04-Internacional-900x600.png 900w, https:\/\/www.colorado.com.br\/nosdacolorado\/wp-content\/uploads\/2025\/02\/04-Internacional.png 1250w\" sizes=\"auto, (max-width: 1024px) 100vw, 1024px\" \/><\/a>\n\t\t\t<\/dt>\n\t\t\t\t<dd class='wp-caption-text gallery-caption' id='gallery-1-25130'>\n\t\t\t\t<strong>Internacional<\/strong><br>Carlos Eduardo Santos, Luan Pereira Dovigo, Vitor Carrinho, Carlos \u00c2ngelo, Wander Machado, Moiseis Santos, Igor Coscrato, Guilherme de Oliveira Silva, Jo\u00e3o Lucas Am\u00e2nsio, Diego Rodrigues e Deivd Fernando Silva Peres\n\t\t\t\t<\/dd><\/dl><br style=\"clear: both\" \/><dl class='gallery-item'>\n\t\t\t<dt class='gallery-icon landscape'>\n\t\t\t\t<a href='https:\/\/www.colorado.com.br\/nosdacolorado\/wp-content\/uploads\/2025\/02\/05-Cruzeiro.png'><img loading=\"lazy\" decoding=\"async\" data-attachment-id=\"25131\" data-orig-file=\"https:\/\/www.colorado.com.br\/nosdacolorado\/wp-content\/uploads\/2025\/02\/05-Cruzeiro.png\" data-orig-size=\"1250,834\" data-comments-opened=\"0\" data-image-meta=\"{&quot;aperture&quot;:&quot;0&quot;,&quot;credit&quot;:&quot;&quot;,&quot;camera&quot;:&quot;&quot;,&quot;caption&quot;:&quot;&quot;,&quot;created_timestamp&quot;:&quot;0&quot;,&quot;copyright&quot;:&quot;&quot;,&quot;focal_length&quot;:&quot;0&quot;,&quot;iso&quot;:&quot;0&quot;,&quot;shutter_speed&quot;:&quot;0&quot;,&quot;title&quot;:&quot;&quot;,&quot;orientation&quot;:&quot;0&quot;,&quot;keywords&quot;:&quot;Array&quot;}\" data-image-title=\"05 &#8211; Cruzeiro\" data-image-description=\"\" data-medium-file=\"https:\/\/www.colorado.com.br\/nosdacolorado\/wp-content\/uploads\/2025\/02\/05-Cruzeiro-300x200.png\" data-large-file=\"https:\/\/www.colorado.com.br\/nosdacolorado\/wp-content\/uploads\/2025\/02\/05-Cruzeiro-1024x683.png\" width=\"1024\" height=\"683\" src=\"https:\/\/www.colorado.com.br\/nosdacolorado\/wp-content\/uploads\/2025\/02\/05-Cruzeiro-1024x683.png\" class=\"attachment-large size-large\" alt=\"\" aria-describedby=\"gallery-1-25131\" srcset=\"https:\/\/www.colorado.com.br\/nosdacolorado\/wp-content\/uploads\/2025\/02\/05-Cruzeiro-1024x683.png 1024w, https:\/\/www.colorado.com.br\/nosdacolorado\/wp-content\/uploads\/2025\/02\/05-Cruzeiro-300x200.png 300w, https:\/\/www.colorado.com.br\/nosdacolorado\/wp-content\/uploads\/2025\/02\/05-Cruzeiro-768x512.png 768w, https:\/\/www.colorado.com.br\/nosdacolorado\/wp-content\/uploads\/2025\/02\/05-Cruzeiro-900x600.png 900w, https:\/\/www.colorado.com.br\/nosdacolorado\/wp-content\/uploads\/2025\/02\/05-Cruzeiro.png 1250w\" sizes=\"auto, (max-width: 1024px) 100vw, 1024px\" \/><\/a>\n\t\t\t<\/dt>\n\t\t\t\t<dd class='wp-caption-text gallery-caption' id='gallery-1-25131'>\n\t\t\t\t<strong>Cruzeiro<\/strong><br>Alisson Henrique dos Santos, Natan Erli B. G. Ferreira, Fabricio Santos da Silva, Jeferson Araujo da Silva, Eder Francisco Sampaio, Kau\u00ea Santos Silva, Fernando Monteiro, Givanildo Santos da Silva, Claudinei Moreira de Araujo, Bruno Dias de Souza e  Herlen Gabriel Carneiro\n\t\t\t\t<\/dd><\/dl><dl class='gallery-item'>\n\t\t\t<dt class='gallery-icon landscape'>\n\t\t\t\t<a href='https:\/\/www.colorado.com.br\/nosdacolorado\/wp-content\/uploads\/2025\/02\/06-Flamengo.png'><img loading=\"lazy\" decoding=\"async\" data-attachment-id=\"25132\" data-orig-file=\"https:\/\/www.colorado.com.br\/nosdacolorado\/wp-content\/uploads\/2025\/02\/06-Flamengo.png\" data-orig-size=\"1250,834\" data-comments-opened=\"0\" data-image-meta=\"{&quot;aperture&quot;:&quot;0&quot;,&quot;credit&quot;:&quot;&quot;,&quot;camera&quot;:&quot;&quot;,&quot;caption&quot;:&quot;&quot;,&quot;created_timestamp&quot;:&quot;0&quot;,&quot;copyright&quot;:&quot;&quot;,&quot;focal_length&quot;:&quot;0&quot;,&quot;iso&quot;:&quot;0&quot;,&quot;shutter_speed&quot;:&quot;0&quot;,&quot;title&quot;:&quot;&quot;,&quot;orientation&quot;:&quot;0&quot;,&quot;keywords&quot;:&quot;Array&quot;}\" data-image-title=\"06 &#8211; Flamengo\" data-image-description=\"\" data-medium-file=\"https:\/\/www.colorado.com.br\/nosdacolorado\/wp-content\/uploads\/2025\/02\/06-Flamengo-300x200.png\" data-large-file=\"https:\/\/www.colorado.com.br\/nosdacolorado\/wp-content\/uploads\/2025\/02\/06-Flamengo-1024x683.png\" width=\"1024\" height=\"683\" src=\"https:\/\/www.colorado.com.br\/nosdacolorado\/wp-content\/uploads\/2025\/02\/06-Flamengo-1024x683.png\" class=\"attachment-large size-large\" alt=\"\" aria-describedby=\"gallery-1-25132\" srcset=\"https:\/\/www.colorado.com.br\/nosdacolorado\/wp-content\/uploads\/2025\/02\/06-Flamengo-1024x683.png 1024w, https:\/\/www.colorado.com.br\/nosdacolorado\/wp-content\/uploads\/2025\/02\/06-Flamengo-300x200.png 300w, https:\/\/www.colorado.com.br\/nosdacolorado\/wp-content\/uploads\/2025\/02\/06-Flamengo-768x512.png 768w, https:\/\/www.colorado.com.br\/nosdacolorado\/wp-content\/uploads\/2025\/02\/06-Flamengo-900x600.png 900w, https:\/\/www.colorado.com.br\/nosdacolorado\/wp-content\/uploads\/2025\/02\/06-Flamengo.png 1250w\" sizes=\"auto, (max-width: 1024px) 100vw, 1024px\" \/><\/a>\n\t\t\t<\/dt>\n\t\t\t\t<dd class='wp-caption-text gallery-caption' id='gallery-1-25132'>\n\t\t\t\t<strong>Flamengo<\/strong><br>Ot\u00e1vio Oliveira A. dos Santos, Rodrigo Lopes Concei\u00e7\u00e3o, Miguel Ces\u00e1rio da Silva Neto, Jos\u00e9 Luis Silva, Kaua dos Santos Alves, Edson Donizete de O. Nic\u00e1cio, Jo\u00e3o Vitor Ferreria, Pablo Cesar Fernandes da Silva, Edvan Luiz de Lima, Eliel de Sena Costa, Leonardo Liberato Prado Silva e  Eduardo Gon\u00e7alves dos Santos\n\t\t\t\t<\/dd><\/dl><dl class='gallery-item'>\n\t\t\t<dt class='gallery-icon landscape'>\n\t\t\t\t<a href='https:\/\/www.colorado.com.br\/nosdacolorado\/wp-content\/uploads\/2025\/02\/07-Santos.png'><img loading=\"lazy\" decoding=\"async\" data-attachment-id=\"25133\" data-orig-file=\"https:\/\/www.colorado.com.br\/nosdacolorado\/wp-content\/uploads\/2025\/02\/07-Santos.png\" data-orig-size=\"1250,834\" data-comments-opened=\"0\" data-image-meta=\"{&quot;aperture&quot;:&quot;0&quot;,&quot;credit&quot;:&quot;&quot;,&quot;camera&quot;:&quot;&quot;,&quot;caption&quot;:&quot;&quot;,&quot;created_timestamp&quot;:&quot;0&quot;,&quot;copyright&quot;:&quot;&quot;,&quot;focal_length&quot;:&quot;0&quot;,&quot;iso&quot;:&quot;0&quot;,&quot;shutter_speed&quot;:&quot;0&quot;,&quot;title&quot;:&quot;&quot;,&quot;orientation&quot;:&quot;0&quot;,&quot;keywords&quot;:&quot;Array&quot;}\" data-image-title=\"07 &#8211; Santos\" data-image-description=\"\" data-medium-file=\"https:\/\/www.colorado.com.br\/nosdacolorado\/wp-content\/uploads\/2025\/02\/07-Santos-300x200.png\" data-large-file=\"https:\/\/www.colorado.com.br\/nosdacolorado\/wp-content\/uploads\/2025\/02\/07-Santos-1024x683.png\" width=\"1024\" height=\"683\" src=\"https:\/\/www.colorado.com.br\/nosdacolorado\/wp-content\/uploads\/2025\/02\/07-Santos-1024x683.png\" class=\"attachment-large size-large\" alt=\"\" aria-describedby=\"gallery-1-25133\" srcset=\"https:\/\/www.colorado.com.br\/nosdacolorado\/wp-content\/uploads\/2025\/02\/07-Santos-1024x683.png 1024w, https:\/\/www.colorado.com.br\/nosdacolorado\/wp-content\/uploads\/2025\/02\/07-Santos-300x200.png 300w, https:\/\/www.colorado.com.br\/nosdacolorado\/wp-content\/uploads\/2025\/02\/07-Santos-768x512.png 768w, https:\/\/www.colorado.com.br\/nosdacolorado\/wp-content\/uploads\/2025\/02\/07-Santos-900x600.png 900w, https:\/\/www.colorado.com.br\/nosdacolorado\/wp-content\/uploads\/2025\/02\/07-Santos.png 1250w\" sizes=\"auto, (max-width: 1024px) 100vw, 1024px\" \/><\/a>\n\t\t\t<\/dt>\n\t\t\t\t<dd class='wp-caption-text gallery-caption' id='gallery-1-25133'>\n\t\t\t\t<strong>Santos<\/strong><br>Leander Henrique Santos Silva, Danilo Andrade Lima, Marcelo de Oliveira Pereira, Wekisley Gomes da Silva, Wellinton Araujo Garcia, Tiago Martins Sandoval, Rodrigo de Paula Damas, Pablo Reis Barbosa Bertolino, Leonardo dos Santos Rocha, Wesilly Souza Carvalho, Carlos Cesar F. dos Santos e  Luiz Guilherme do Carmo Matias\n\t\t\t\t<\/dd><\/dl><dl class='gallery-item'>\n\t\t\t<dt class='gallery-icon landscape'>\n\t\t\t\t<a href='https:\/\/www.colorado.com.br\/nosdacolorado\/wp-content\/uploads\/2025\/02\/08-Palmeiras.png'><img loading=\"lazy\" decoding=\"async\" data-attachment-id=\"25134\" data-orig-file=\"https:\/\/www.colorado.com.br\/nosdacolorado\/wp-content\/uploads\/2025\/02\/08-Palmeiras.png\" data-orig-size=\"1250,834\" data-comments-opened=\"0\" data-image-meta=\"{&quot;aperture&quot;:&quot;0&quot;,&quot;credit&quot;:&quot;&quot;,&quot;camera&quot;:&quot;&quot;,&quot;caption&quot;:&quot;&quot;,&quot;created_timestamp&quot;:&quot;0&quot;,&quot;copyright&quot;:&quot;&quot;,&quot;focal_length&quot;:&quot;0&quot;,&quot;iso&quot;:&quot;0&quot;,&quot;shutter_speed&quot;:&quot;0&quot;,&quot;title&quot;:&quot;&quot;,&quot;orientation&quot;:&quot;0&quot;,&quot;keywords&quot;:&quot;Array&quot;}\" data-image-title=\"08 &#8211; Palmeiras\" data-image-description=\"\" data-medium-file=\"https:\/\/www.colorado.com.br\/nosdacolorado\/wp-content\/uploads\/2025\/02\/08-Palmeiras-300x200.png\" data-large-file=\"https:\/\/www.colorado.com.br\/nosdacolorado\/wp-content\/uploads\/2025\/02\/08-Palmeiras-1024x683.png\" width=\"1024\" height=\"683\" src=\"https:\/\/www.colorado.com.br\/nosdacolorado\/wp-content\/uploads\/2025\/02\/08-Palmeiras-1024x683.png\" class=\"attachment-large size-large\" alt=\"\" aria-describedby=\"gallery-1-25134\" srcset=\"https:\/\/www.colorado.com.br\/nosdacolorado\/wp-content\/uploads\/2025\/02\/08-Palmeiras-1024x683.png 1024w, https:\/\/www.colorado.com.br\/nosdacolorado\/wp-content\/uploads\/2025\/02\/08-Palmeiras-300x200.png 300w, https:\/\/www.colorado.com.br\/nosdacolorado\/wp-content\/uploads\/2025\/02\/08-Palmeiras-768x512.png 768w, https:\/\/www.colorado.com.br\/nosdacolorado\/wp-content\/uploads\/2025\/02\/08-Palmeiras-900x600.png 900w, https:\/\/www.colorado.com.br\/nosdacolorado\/wp-content\/uploads\/2025\/02\/08-Palmeiras.png 1250w\" sizes=\"auto, (max-width: 1024px) 100vw, 1024px\" \/><\/a>\n\t\t\t<\/dt>\n\t\t\t\t<dd class='wp-caption-text gallery-caption' id='gallery-1-25134'>\n\t\t\t\t<strong>Palmeiras<\/strong><br>Fausto Luis Hor\u00e1cio, Liniker Henrique Ferreira, Lucas dos Santos Ribeiro, Antonio Ernando F. de Oliveira, Andrei Luis Alves Raimundo, Guilherme Alberto dos Santos, Jeferson Braga Garcia, Francisco Miguel Silva Paes, Carlos Antonio, Rafael Cesar, Welington e  Luis Fernando Barbosa de Souza\n\t\t\t\t<\/dd><\/dl><br style=\"clear: both\" \/>\n\t\t<\/div>\n\n","protected":false},"excerpt":{"rendered":"<p>O Campeonato de Futebol Society 2025, que re\u00fane colaboradores do Grupo Colorado, come\u00e7ou com tudo e j\u00e1 trouxe placares impressionantes! Na noite de 18 de fevereiro, o Corinthians protagonizou uma&#8230;<\/p>\n","protected":false},"author":2,"featured_media":25093,"comment_status":"closed","ping_status":"open","sticky":false,"template":"","format":"standard","meta":{"footnotes":""},"categories":[11,42],"tags":[],"class_list":{"0":"post-25125","1":"post","2":"type-post","3":"status-publish","4":"format-standard","5":"has-post-thumbnail","7":"category-acontece-na-colorado","8":"category-copa-society"},"_links":{"self":[{"href":"https:\/\/www.colorado.com.br\/nosdacolorado\/wp-json\/wp\/v2\/posts\/25125","targetHints":{"allow":["GET"]}}],"collection":[{"href":"https:\/\/www.colorado.com.br\/nosdacolorado\/wp-json\/wp\/v2\/posts"}],"about":[{"href":"https:\/\/www.colorado.com.br\/nosdacolorado\/wp-json\/wp\/v2\/types\/post"}],"author":[{"embeddable":true,"href":"https:\/\/www.colorado.com.br\/nosdacolorado\/wp-json\/wp\/v2\/users\/2"}],"replies":[{"embeddable":true,"href":"https:\/\/www.colorado.com.br\/nosdacolorado\/wp-json\/wp\/v2\/comments?post=25125"}],"version-history":[{"count":6,"href":"https:\/\/www.colorado.com.br\/nosdacolorado\/wp-json\/wp\/v2\/posts\/25125\/revisions"}],"predecessor-version":[{"id":25143,"href":"https:\/\/www.colorado.com.br\/nosdacolorado\/wp-json\/wp\/v2\/posts\/25125\/revisions\/25143"}],"wp:featuredmedia":[{"embeddable":true,"href":"https:\/\/www.colorado.com.br\/nosdacolorado\/wp-json\/wp\/v2\/media\/25093"}],"wp:attachment":[{"href":"https:\/\/www.colorado.com.br\/nosdacolorado\/wp-json\/wp\/v2\/media?parent=25125"}],"wp:term":[{"taxonomy":"category","embeddable":true,"href":"https:\/\/www.colorado.com.br\/nosdacolorado\/wp-json\/wp\/v2\/categories?post=25125"},{"taxonomy":"post_tag","embeddable":true,"href":"https:\/\/www.colorado.com.br\/nosdacolorado\/wp-json\/wp\/v2\/tags?post=25125"}],"curies":[{"name":"wp","href":"https:\/\/api.w.org\/{rel}","templated":true}]}}