{"id":25145,"date":"2025-02-25T14:26:51","date_gmt":"2025-02-25T17:26:51","guid":{"rendered":"https:\/\/www.colorado.com.br\/nosdacolorado\/?p=25145"},"modified":"2025-02-25T14:28:54","modified_gmt":"2025-02-25T17:28:54","slug":"plantar-colher-transformar-industrializar-comercializar-preservar","status":"publish","type":"post","link":"https:\/\/www.colorado.com.br\/nosdacolorado\/plantar-colher-transformar-industrializar-comercializar-preservar\/","title":{"rendered":"Plantar, colher, transformar, industrializar, comercializar, preservar&#8230;"},"content":{"rendered":"<p style=\"text-align: center;\">Plantar, colher, transformar, industrializar, comercializar, preservar&#8230; O Agroneg\u00f3cio transforma recursos naturais em trabalho, emprego, sa\u00fade, vida, energia, divisas para o pa\u00eds, fortalecendo a economia. N\u00f3s, do Grupo Colorado, nos orgulhamos de fazer parte deste setor pujante!<\/p>\n<p><img loading=\"lazy\" decoding=\"async\" class=\"aligncenter size-full wp-image-25146\" src=\"https:\/\/www.colorado.com.br\/nosdacolorado\/wp-content\/uploads\/2025\/02\/post-dia-agro.jpg\" alt=\"\" width=\"800\" height=\"1000\" srcset=\"https:\/\/www.colorado.com.br\/nosdacolorado\/wp-content\/uploads\/2025\/02\/post-dia-agro.jpg 800w, https:\/\/www.colorado.com.br\/nosdacolorado\/wp-content\/uploads\/2025\/02\/post-dia-agro-240x300.jpg 240w, https:\/\/www.colorado.com.br\/nosdacolorado\/wp-content\/uploads\/2025\/02\/post-dia-agro-768x960.jpg 768w\" sizes=\"auto, (max-width: 800px) 100vw, 800px\" \/><\/p>\n","protected":false},"excerpt":{"rendered":"<p>Plantar, colher, transformar, industrializar, comercializar, preservar&#8230; O Agroneg\u00f3cio transforma recursos naturais em trabalho, emprego, sa\u00fade, vida, energia, divisas para o pa\u00eds, fortalecendo a economia. N\u00f3s, do Grupo Colorado, nos orgulhamos&#8230;<\/p>\n","protected":false},"author":1,"featured_media":25149,"comment_status":"closed","ping_status":"open","sticky":false,"template":"","format":"standard","meta":{"footnotes":""},"categories":[11],"tags":[],"class_list":{"0":"post-25145","1":"post","2":"type-post","3":"status-publish","4":"format-standard","5":"has-post-thumbnail","7":"category-acontece-na-colorado"},"_links":{"self":[{"href":"https:\/\/www.colorado.com.br\/nosdacolorado\/wp-json\/wp\/v2\/posts\/25145","targetHints":{"allow":["GET"]}}],"collection":[{"href":"https:\/\/www.colorado.com.br\/nosdacolorado\/wp-json\/wp\/v2\/posts"}],"about":[{"href":"https:\/\/www.colorado.com.br\/nosdacolorado\/wp-json\/wp\/v2\/types\/post"}],"author":[{"embeddable":true,"href":"https:\/\/www.colorado.com.br\/nosdacolorado\/wp-json\/wp\/v2\/users\/1"}],"replies":[{"embeddable":true,"href":"https:\/\/www.colorado.com.br\/nosdacolorado\/wp-json\/wp\/v2\/comments?post=25145"}],"version-history":[{"count":1,"href":"https:\/\/www.colorado.com.br\/nosdacolorado\/wp-json\/wp\/v2\/posts\/25145\/revisions"}],"predecessor-version":[{"id":25148,"href":"https:\/\/www.colorado.com.br\/nosdacolorado\/wp-json\/wp\/v2\/posts\/25145\/revisions\/25148"}],"wp:featuredmedia":[{"embeddable":true,"href":"https:\/\/www.colorado.com.br\/nosdacolorado\/wp-json\/wp\/v2\/media\/25149"}],"wp:attachment":[{"href":"https:\/\/www.colorado.com.br\/nosdacolorado\/wp-json\/wp\/v2\/media?parent=25145"}],"wp:term":[{"taxonomy":"category","embeddable":true,"href":"https:\/\/www.colorado.com.br\/nosdacolorado\/wp-json\/wp\/v2\/categories?post=25145"},{"taxonomy":"post_tag","embeddable":true,"href":"https:\/\/www.colorado.com.br\/nosdacolorado\/wp-json\/wp\/v2\/tags?post=25145"}],"curies":[{"name":"wp","href":"https:\/\/api.w.org\/{rel}","templated":true}]}}