{"id":25155,"date":"2025-02-28T16:11:38","date_gmt":"2025-02-28T19:11:38","guid":{"rendered":"https:\/\/www.colorado.com.br\/nosdacolorado\/?p=25155"},"modified":"2026-03-04T10:54:34","modified_gmt":"2026-03-04T13:54:34","slug":"segunda-rodada-do-campeonato-de-futebol-society-tem-goleadas-e-muita-emocao-em-campo","status":"publish","type":"post","link":"https:\/\/www.colorado.com.br\/nosdacolorado\/segunda-rodada-do-campeonato-de-futebol-society-tem-goleadas-e-muita-emocao-em-campo\/","title":{"rendered":"Segunda rodada do Campeonato de Futebol Society tem goleadas e muita emo\u00e7\u00e3o em campo"},"content":{"rendered":"<p data-start=\"153\" data-end=\"417\"><a href=\"https:\/\/www.colorado.com.br\/nosdacolorado\/wp-content\/uploads\/2019\/02\/ecard-9.png\" rel=\"prettyPhoto[gallery-mvAd]\"><img loading=\"lazy\" decoding=\"async\" class=\"aligncenter wp-image-25141 size-large\" src=\"https:\/\/www.colorado.com.br\/nosdacolorado\/wp-content\/uploads\/2019\/02\/ecard-9-819x1024.png\" alt=\"\" width=\"819\" height=\"1024\" srcset=\"https:\/\/www.colorado.com.br\/nosdacolorado\/wp-content\/uploads\/2019\/02\/ecard-9-819x1024.png 819w, https:\/\/www.colorado.com.br\/nosdacolorado\/wp-content\/uploads\/2019\/02\/ecard-9-240x300.png 240w, https:\/\/www.colorado.com.br\/nosdacolorado\/wp-content\/uploads\/2019\/02\/ecard-9-768x960.png 768w, https:\/\/www.colorado.com.br\/nosdacolorado\/wp-content\/uploads\/2019\/02\/ecard-9-1229x1536.png 1229w, https:\/\/www.colorado.com.br\/nosdacolorado\/wp-content\/uploads\/2019\/02\/ecard-9-1638x2048.png 1638w\" sizes=\"auto, (max-width: 819px) 100vw, 819px\" \/><\/a><\/p>\n<p>A segunda rodada do\u00a0<strong>Campeonato de Futebol Society do Grupo Colorado<\/strong>\u00a0foi marcada por grandes goleadas e muita torcida animada! Os jogos aconteceram nos dias\u00a0<strong>25 e 27 de fevereiro<\/strong>, no\u00a0<strong>Clube do Bem<\/strong>, reunindo colaboradores da Usina Colorado e amantes do futebol.<\/p>\n<p>Na\u00a0<strong>ter\u00e7a-feira (25)<\/strong>, a rede balan\u00e7ou muitas vezes! No primeiro jogo da noite, o\u00a0<strong>Gr\u00eamio venceu o Atl\u00e9tico Mineiro por 17 a 0<\/strong>, conquistando uma vit\u00f3ria expressiva. Em seguida, o\u00a0<strong>Corinthians tamb\u00e9m brilhou, superando o Internacional por 12 a 1<\/strong>.<\/p>\n<p>J\u00e1 na\u00a0<strong>quinta-feira (27)<\/strong>, os confrontos seguiram acirrados. O\u00a0<strong>Santos levou a melhor sobre o Flamengo<\/strong>, vencendo por\u00a0<strong>6 a 2<\/strong>. No segundo jogo da noite, o\u00a0<strong>Palmeiras garantiu uma grande vit\u00f3ria sobre o S\u00e3o Paulo, com um placar de 7 a 1<\/strong>.<\/p>\n<p>O\u00a0<strong>Campeonato re\u00fane 10 times e 100 jogadores de quatro cidades<\/strong>:\u00a0<strong>Miguel\u00f3polis, Gua\u00edra, Ituverava e Ipu\u00e3<\/strong>. As partidas acontecem sempre\u00a0<strong>\u00e0s ter\u00e7as e quintas-feiras<\/strong>\u00a0e s\u00e3o\u00a0<strong>abertas ao p\u00fablico<\/strong>, que pode comparecer para apoiar e torcer por suas equipes favoritas.<\/p>\n<p>A competi\u00e7\u00e3o segue com grandes emo\u00e7\u00f5es! Fique ligado para acompanhar os pr\u00f3ximos jogos e torcer pelo seu time!<\/p>\n\n\t\t<style type=\"text\/css\">\n\t\t\t#gallery-1 {\n\t\t\t\tmargin: auto;\n\t\t\t}\n\t\t\t#gallery-1 .gallery-item {\n\t\t\t\tfloat: left;\n\t\t\t\tmargin-top: 10px;\n\t\t\t\ttext-align: center;\n\t\t\t\twidth: 25%;\n\t\t\t}\n\t\t\t#gallery-1 img {\n\t\t\t\tborder: 2px solid #cfcfcf;\n\t\t\t}\n\t\t\t#gallery-1 .gallery-caption {\n\t\t\t\tmargin-left: 0;\n\t\t\t}\n\t\t\t\/* see gallery_shortcode() in wp-includes\/media.php *\/\n\t\t<\/style>\n\t\t<div data-carousel-extra='{\"blog_id\":1,\"permalink\":\"https:\\\/\\\/www.colorado.com.br\\\/nosdacolorado\\\/segunda-rodada-do-campeonato-de-futebol-society-tem-goleadas-e-muita-emocao-em-campo\\\/\"}' id='gallery-1' class='gallery galleryid-25155 gallery-columns-4 gallery-size-large'><dl class='gallery-item'>\n\t\t\t<dt class='gallery-icon landscape'>\n\t\t\t\t<a href='https:\/\/www.colorado.com.br\/nosdacolorado\/wp-content\/uploads\/2025\/02\/01-Corinthians.png'><img loading=\"lazy\" decoding=\"async\" data-attachment-id=\"25127\" data-orig-file=\"https:\/\/www.colorado.com.br\/nosdacolorado\/wp-content\/uploads\/2025\/02\/01-Corinthians.png\" data-orig-size=\"1250,834\" data-comments-opened=\"0\" data-image-meta=\"{&quot;aperture&quot;:&quot;0&quot;,&quot;credit&quot;:&quot;&quot;,&quot;camera&quot;:&quot;&quot;,&quot;caption&quot;:&quot;&quot;,&quot;created_timestamp&quot;:&quot;0&quot;,&quot;copyright&quot;:&quot;&quot;,&quot;focal_length&quot;:&quot;0&quot;,&quot;iso&quot;:&quot;0&quot;,&quot;shutter_speed&quot;:&quot;0&quot;,&quot;title&quot;:&quot;&quot;,&quot;orientation&quot;:&quot;0&quot;,&quot;keywords&quot;:&quot;Array&quot;}\" data-image-title=\"01 &#8211; Corinthians\" data-image-description=\"\" data-medium-file=\"https:\/\/www.colorado.com.br\/nosdacolorado\/wp-content\/uploads\/2025\/02\/01-Corinthians-300x200.png\" data-large-file=\"https:\/\/www.colorado.com.br\/nosdacolorado\/wp-content\/uploads\/2025\/02\/01-Corinthians-1024x683.png\" width=\"1024\" height=\"683\" src=\"https:\/\/www.colorado.com.br\/nosdacolorado\/wp-content\/uploads\/2025\/02\/01-Corinthians-1024x683.png\" class=\"attachment-large size-large\" alt=\"\" aria-describedby=\"gallery-1-25127\" srcset=\"https:\/\/www.colorado.com.br\/nosdacolorado\/wp-content\/uploads\/2025\/02\/01-Corinthians-1024x683.png 1024w, https:\/\/www.colorado.com.br\/nosdacolorado\/wp-content\/uploads\/2025\/02\/01-Corinthians-300x200.png 300w, https:\/\/www.colorado.com.br\/nosdacolorado\/wp-content\/uploads\/2025\/02\/01-Corinthians-768x512.png 768w, https:\/\/www.colorado.com.br\/nosdacolorado\/wp-content\/uploads\/2025\/02\/01-Corinthians-900x600.png 900w, https:\/\/www.colorado.com.br\/nosdacolorado\/wp-content\/uploads\/2025\/02\/01-Corinthians.png 1250w\" sizes=\"auto, (max-width: 1024px) 100vw, 1024px\" \/><\/a>\n\t\t\t<\/dt>\n\t\t\t\t<dd class='wp-caption-text gallery-caption' id='gallery-1-25127'>\n\t\t\t\t<strong>Corinthians<\/strong><br>Iago Maciel de Lima Souza, Rodrigo Vicente Gon\u00e7alves, Rildo Inacio da Cruz, Luiz Ricardo de Oliveira Ferreira, Marcio Moreira Saud, Jo\u00e3o Gabriel Ribeiro Pasquim, Matheus Rodrigues da Silva, Andrew Concei\u00e7\u00e3o, Adriano da Silva Guilherme, Cristian da Silva Teodoro Freire, Gabriel da Costa Santos e Airton Rodrigues Ferreira\n\t\t\t\t<\/dd><\/dl><dl class='gallery-item'>\n\t\t\t<dt class='gallery-icon landscape'>\n\t\t\t\t<a href='https:\/\/www.colorado.com.br\/nosdacolorado\/wp-content\/uploads\/2025\/02\/02-Botafogo.png'><img loading=\"lazy\" decoding=\"async\" data-attachment-id=\"25128\" data-orig-file=\"https:\/\/www.colorado.com.br\/nosdacolorado\/wp-content\/uploads\/2025\/02\/02-Botafogo.png\" data-orig-size=\"1250,834\" data-comments-opened=\"0\" data-image-meta=\"{&quot;aperture&quot;:&quot;0&quot;,&quot;credit&quot;:&quot;&quot;,&quot;camera&quot;:&quot;&quot;,&quot;caption&quot;:&quot;&quot;,&quot;created_timestamp&quot;:&quot;0&quot;,&quot;copyright&quot;:&quot;&quot;,&quot;focal_length&quot;:&quot;0&quot;,&quot;iso&quot;:&quot;0&quot;,&quot;shutter_speed&quot;:&quot;0&quot;,&quot;title&quot;:&quot;&quot;,&quot;orientation&quot;:&quot;0&quot;,&quot;keywords&quot;:&quot;Array&quot;}\" data-image-title=\"02 &#8211; Botafogo\" data-image-description=\"\" data-medium-file=\"https:\/\/www.colorado.com.br\/nosdacolorado\/wp-content\/uploads\/2025\/02\/02-Botafogo-300x200.png\" data-large-file=\"https:\/\/www.colorado.com.br\/nosdacolorado\/wp-content\/uploads\/2025\/02\/02-Botafogo-1024x683.png\" width=\"1024\" height=\"683\" src=\"https:\/\/www.colorado.com.br\/nosdacolorado\/wp-content\/uploads\/2025\/02\/02-Botafogo-1024x683.png\" class=\"attachment-large size-large\" alt=\"\" aria-describedby=\"gallery-1-25128\" srcset=\"https:\/\/www.colorado.com.br\/nosdacolorado\/wp-content\/uploads\/2025\/02\/02-Botafogo-1024x683.png 1024w, https:\/\/www.colorado.com.br\/nosdacolorado\/wp-content\/uploads\/2025\/02\/02-Botafogo-300x200.png 300w, https:\/\/www.colorado.com.br\/nosdacolorado\/wp-content\/uploads\/2025\/02\/02-Botafogo-768x512.png 768w, https:\/\/www.colorado.com.br\/nosdacolorado\/wp-content\/uploads\/2025\/02\/02-Botafogo-900x600.png 900w, https:\/\/www.colorado.com.br\/nosdacolorado\/wp-content\/uploads\/2025\/02\/02-Botafogo.png 1250w\" sizes=\"auto, (max-width: 1024px) 100vw, 1024px\" \/><\/a>\n\t\t\t<\/dt>\n\t\t\t\t<dd class='wp-caption-text gallery-caption' id='gallery-1-25128'>\n\t\t\t\t<strong>Botafogo<\/strong><br>Carlos Eduardo, Leonardo Souza, Samuel Alves, Mauricio Candido, Jean Claudio, Luiz Gustavo Corr\u00eaa, Bruno Aparecido Bernardes, Oseas J Paulo, Welinton Fernandes dos Santos, Samuel Morales da Silva, Mateus S. Tomaz e Volmer de Souza Varanda\n\t\t\t\t<\/dd><\/dl><dl class='gallery-item'>\n\t\t\t<dt class='gallery-icon landscape'>\n\t\t\t\t<a href='https:\/\/www.colorado.com.br\/nosdacolorado\/wp-content\/uploads\/2025\/02\/03-Sao-Paulo.png'><img loading=\"lazy\" decoding=\"async\" data-attachment-id=\"25129\" data-orig-file=\"https:\/\/www.colorado.com.br\/nosdacolorado\/wp-content\/uploads\/2025\/02\/03-Sao-Paulo.png\" data-orig-size=\"1250,834\" data-comments-opened=\"0\" data-image-meta=\"{&quot;aperture&quot;:&quot;0&quot;,&quot;credit&quot;:&quot;&quot;,&quot;camera&quot;:&quot;&quot;,&quot;caption&quot;:&quot;&quot;,&quot;created_timestamp&quot;:&quot;0&quot;,&quot;copyright&quot;:&quot;&quot;,&quot;focal_length&quot;:&quot;0&quot;,&quot;iso&quot;:&quot;0&quot;,&quot;shutter_speed&quot;:&quot;0&quot;,&quot;title&quot;:&quot;&quot;,&quot;orientation&quot;:&quot;0&quot;,&quot;keywords&quot;:&quot;Array&quot;}\" data-image-title=\"03 &#8211; Sa\u0303o Paulo\" data-image-description=\"\" data-medium-file=\"https:\/\/www.colorado.com.br\/nosdacolorado\/wp-content\/uploads\/2025\/02\/03-Sao-Paulo-300x200.png\" data-large-file=\"https:\/\/www.colorado.com.br\/nosdacolorado\/wp-content\/uploads\/2025\/02\/03-Sao-Paulo-1024x683.png\" width=\"1024\" height=\"683\" src=\"https:\/\/www.colorado.com.br\/nosdacolorado\/wp-content\/uploads\/2025\/02\/03-Sao-Paulo-1024x683.png\" class=\"attachment-large size-large\" alt=\"\" aria-describedby=\"gallery-1-25129\" srcset=\"https:\/\/www.colorado.com.br\/nosdacolorado\/wp-content\/uploads\/2025\/02\/03-Sao-Paulo-1024x683.png 1024w, https:\/\/www.colorado.com.br\/nosdacolorado\/wp-content\/uploads\/2025\/02\/03-Sao-Paulo-300x200.png 300w, https:\/\/www.colorado.com.br\/nosdacolorado\/wp-content\/uploads\/2025\/02\/03-Sao-Paulo-768x512.png 768w, https:\/\/www.colorado.com.br\/nosdacolorado\/wp-content\/uploads\/2025\/02\/03-Sao-Paulo-900x600.png 900w, https:\/\/www.colorado.com.br\/nosdacolorado\/wp-content\/uploads\/2025\/02\/03-Sao-Paulo.png 1250w\" sizes=\"auto, (max-width: 1024px) 100vw, 1024px\" \/><\/a>\n\t\t\t<\/dt>\n\t\t\t\t<dd class='wp-caption-text gallery-caption' id='gallery-1-25129'>\n\t\t\t\t<strong>S\u00e3o Paulo<\/strong><br>Deivd Willian de Oliveira, Denis Vicente Jacovassi, Taisson Roberto dos Santos, Vitctor Thiago Resende Marsal, Diego Ricardo Pires dos Santos, Cristiano, Jos\u00e9 Domingos dos Reis Neto, Romualdo Aparecido Mendes, Juliano Junior Souza, Lucas Moraes dos Santos, Domingos S. da Silva Rodrigues e Jos\u00e9 Andr\u00e9 de Almeida\n\t\t\t\t<\/dd><\/dl><dl class='gallery-item'>\n\t\t\t<dt class='gallery-icon landscape'>\n\t\t\t\t<a href='https:\/\/www.colorado.com.br\/nosdacolorado\/wp-content\/uploads\/2025\/02\/04-Internacional.png'><img loading=\"lazy\" decoding=\"async\" data-attachment-id=\"25130\" data-orig-file=\"https:\/\/www.colorado.com.br\/nosdacolorado\/wp-content\/uploads\/2025\/02\/04-Internacional.png\" data-orig-size=\"1250,834\" data-comments-opened=\"0\" data-image-meta=\"{&quot;aperture&quot;:&quot;0&quot;,&quot;credit&quot;:&quot;&quot;,&quot;camera&quot;:&quot;&quot;,&quot;caption&quot;:&quot;&quot;,&quot;created_timestamp&quot;:&quot;0&quot;,&quot;copyright&quot;:&quot;&quot;,&quot;focal_length&quot;:&quot;0&quot;,&quot;iso&quot;:&quot;0&quot;,&quot;shutter_speed&quot;:&quot;0&quot;,&quot;title&quot;:&quot;&quot;,&quot;orientation&quot;:&quot;0&quot;,&quot;keywords&quot;:&quot;Array&quot;}\" data-image-title=\"04 &#8211; Internacional\" data-image-description=\"\" data-medium-file=\"https:\/\/www.colorado.com.br\/nosdacolorado\/wp-content\/uploads\/2025\/02\/04-Internacional-300x200.png\" data-large-file=\"https:\/\/www.colorado.com.br\/nosdacolorado\/wp-content\/uploads\/2025\/02\/04-Internacional-1024x683.png\" width=\"1024\" height=\"683\" src=\"https:\/\/www.colorado.com.br\/nosdacolorado\/wp-content\/uploads\/2025\/02\/04-Internacional-1024x683.png\" class=\"attachment-large size-large\" alt=\"\" aria-describedby=\"gallery-1-25130\" srcset=\"https:\/\/www.colorado.com.br\/nosdacolorado\/wp-content\/uploads\/2025\/02\/04-Internacional-1024x683.png 1024w, https:\/\/www.colorado.com.br\/nosdacolorado\/wp-content\/uploads\/2025\/02\/04-Internacional-300x200.png 300w, https:\/\/www.colorado.com.br\/nosdacolorado\/wp-content\/uploads\/2025\/02\/04-Internacional-768x512.png 768w, https:\/\/www.colorado.com.br\/nosdacolorado\/wp-content\/uploads\/2025\/02\/04-Internacional-900x600.png 900w, https:\/\/www.colorado.com.br\/nosdacolorado\/wp-content\/uploads\/2025\/02\/04-Internacional.png 1250w\" sizes=\"auto, (max-width: 1024px) 100vw, 1024px\" \/><\/a>\n\t\t\t<\/dt>\n\t\t\t\t<dd class='wp-caption-text gallery-caption' id='gallery-1-25130'>\n\t\t\t\t<strong>Internacional<\/strong><br>Carlos Eduardo Santos, Luan Pereira Dovigo, Vitor Carrinho, Carlos \u00c2ngelo, Wander Machado, Moiseis Santos, Igor Coscrato, Guilherme de Oliveira Silva, Jo\u00e3o Lucas Am\u00e2nsio, Diego Rodrigues e Deivd Fernando Silva Peres\n\t\t\t\t<\/dd><\/dl><br style=\"clear: both\" \/><dl class='gallery-item'>\n\t\t\t<dt class='gallery-icon landscape'>\n\t\t\t\t<a href='https:\/\/www.colorado.com.br\/nosdacolorado\/wp-content\/uploads\/2025\/02\/05-Cruzeiro.png'><img loading=\"lazy\" decoding=\"async\" data-attachment-id=\"25131\" data-orig-file=\"https:\/\/www.colorado.com.br\/nosdacolorado\/wp-content\/uploads\/2025\/02\/05-Cruzeiro.png\" data-orig-size=\"1250,834\" data-comments-opened=\"0\" data-image-meta=\"{&quot;aperture&quot;:&quot;0&quot;,&quot;credit&quot;:&quot;&quot;,&quot;camera&quot;:&quot;&quot;,&quot;caption&quot;:&quot;&quot;,&quot;created_timestamp&quot;:&quot;0&quot;,&quot;copyright&quot;:&quot;&quot;,&quot;focal_length&quot;:&quot;0&quot;,&quot;iso&quot;:&quot;0&quot;,&quot;shutter_speed&quot;:&quot;0&quot;,&quot;title&quot;:&quot;&quot;,&quot;orientation&quot;:&quot;0&quot;,&quot;keywords&quot;:&quot;Array&quot;}\" data-image-title=\"05 &#8211; Cruzeiro\" data-image-description=\"\" data-medium-file=\"https:\/\/www.colorado.com.br\/nosdacolorado\/wp-content\/uploads\/2025\/02\/05-Cruzeiro-300x200.png\" data-large-file=\"https:\/\/www.colorado.com.br\/nosdacolorado\/wp-content\/uploads\/2025\/02\/05-Cruzeiro-1024x683.png\" width=\"1024\" height=\"683\" src=\"https:\/\/www.colorado.com.br\/nosdacolorado\/wp-content\/uploads\/2025\/02\/05-Cruzeiro-1024x683.png\" class=\"attachment-large size-large\" alt=\"\" aria-describedby=\"gallery-1-25131\" srcset=\"https:\/\/www.colorado.com.br\/nosdacolorado\/wp-content\/uploads\/2025\/02\/05-Cruzeiro-1024x683.png 1024w, https:\/\/www.colorado.com.br\/nosdacolorado\/wp-content\/uploads\/2025\/02\/05-Cruzeiro-300x200.png 300w, https:\/\/www.colorado.com.br\/nosdacolorado\/wp-content\/uploads\/2025\/02\/05-Cruzeiro-768x512.png 768w, https:\/\/www.colorado.com.br\/nosdacolorado\/wp-content\/uploads\/2025\/02\/05-Cruzeiro-900x600.png 900w, https:\/\/www.colorado.com.br\/nosdacolorado\/wp-content\/uploads\/2025\/02\/05-Cruzeiro.png 1250w\" sizes=\"auto, (max-width: 1024px) 100vw, 1024px\" \/><\/a>\n\t\t\t<\/dt>\n\t\t\t\t<dd class='wp-caption-text gallery-caption' id='gallery-1-25131'>\n\t\t\t\t<strong>Cruzeiro<\/strong><br>Alisson Henrique dos Santos, Natan Erli B. G. Ferreira, Fabricio Santos da Silva, Jeferson Araujo da Silva, Eder Francisco Sampaio, Kau\u00ea Santos Silva, Fernando Monteiro, Givanildo Santos da Silva, Claudinei Moreira de Araujo, Bruno Dias de Souza e  Herlen Gabriel Carneiro\n\t\t\t\t<\/dd><\/dl><dl class='gallery-item'>\n\t\t\t<dt class='gallery-icon landscape'>\n\t\t\t\t<a href='https:\/\/www.colorado.com.br\/nosdacolorado\/wp-content\/uploads\/2025\/02\/06-Flamengo.png'><img loading=\"lazy\" decoding=\"async\" data-attachment-id=\"25132\" data-orig-file=\"https:\/\/www.colorado.com.br\/nosdacolorado\/wp-content\/uploads\/2025\/02\/06-Flamengo.png\" data-orig-size=\"1250,834\" data-comments-opened=\"0\" data-image-meta=\"{&quot;aperture&quot;:&quot;0&quot;,&quot;credit&quot;:&quot;&quot;,&quot;camera&quot;:&quot;&quot;,&quot;caption&quot;:&quot;&quot;,&quot;created_timestamp&quot;:&quot;0&quot;,&quot;copyright&quot;:&quot;&quot;,&quot;focal_length&quot;:&quot;0&quot;,&quot;iso&quot;:&quot;0&quot;,&quot;shutter_speed&quot;:&quot;0&quot;,&quot;title&quot;:&quot;&quot;,&quot;orientation&quot;:&quot;0&quot;,&quot;keywords&quot;:&quot;Array&quot;}\" data-image-title=\"06 &#8211; Flamengo\" data-image-description=\"\" data-medium-file=\"https:\/\/www.colorado.com.br\/nosdacolorado\/wp-content\/uploads\/2025\/02\/06-Flamengo-300x200.png\" data-large-file=\"https:\/\/www.colorado.com.br\/nosdacolorado\/wp-content\/uploads\/2025\/02\/06-Flamengo-1024x683.png\" width=\"1024\" height=\"683\" src=\"https:\/\/www.colorado.com.br\/nosdacolorado\/wp-content\/uploads\/2025\/02\/06-Flamengo-1024x683.png\" class=\"attachment-large size-large\" alt=\"\" aria-describedby=\"gallery-1-25132\" srcset=\"https:\/\/www.colorado.com.br\/nosdacolorado\/wp-content\/uploads\/2025\/02\/06-Flamengo-1024x683.png 1024w, https:\/\/www.colorado.com.br\/nosdacolorado\/wp-content\/uploads\/2025\/02\/06-Flamengo-300x200.png 300w, https:\/\/www.colorado.com.br\/nosdacolorado\/wp-content\/uploads\/2025\/02\/06-Flamengo-768x512.png 768w, https:\/\/www.colorado.com.br\/nosdacolorado\/wp-content\/uploads\/2025\/02\/06-Flamengo-900x600.png 900w, https:\/\/www.colorado.com.br\/nosdacolorado\/wp-content\/uploads\/2025\/02\/06-Flamengo.png 1250w\" sizes=\"auto, (max-width: 1024px) 100vw, 1024px\" \/><\/a>\n\t\t\t<\/dt>\n\t\t\t\t<dd class='wp-caption-text gallery-caption' id='gallery-1-25132'>\n\t\t\t\t<strong>Flamengo<\/strong><br>Ot\u00e1vio Oliveira A. dos Santos, Rodrigo Lopes Concei\u00e7\u00e3o, Miguel Ces\u00e1rio da Silva Neto, Jos\u00e9 Luis Silva, Kaua dos Santos Alves, Edson Donizete de O. Nic\u00e1cio, Jo\u00e3o Vitor Ferreria, Pablo Cesar Fernandes da Silva, Edvan Luiz de Lima, Eliel de Sena Costa, Leonardo Liberato Prado Silva e  Eduardo Gon\u00e7alves dos Santos\n\t\t\t\t<\/dd><\/dl><dl class='gallery-item'>\n\t\t\t<dt class='gallery-icon landscape'>\n\t\t\t\t<a href='https:\/\/www.colorado.com.br\/nosdacolorado\/wp-content\/uploads\/2025\/02\/07-Santos.png'><img loading=\"lazy\" decoding=\"async\" data-attachment-id=\"25133\" data-orig-file=\"https:\/\/www.colorado.com.br\/nosdacolorado\/wp-content\/uploads\/2025\/02\/07-Santos.png\" data-orig-size=\"1250,834\" data-comments-opened=\"0\" data-image-meta=\"{&quot;aperture&quot;:&quot;0&quot;,&quot;credit&quot;:&quot;&quot;,&quot;camera&quot;:&quot;&quot;,&quot;caption&quot;:&quot;&quot;,&quot;created_timestamp&quot;:&quot;0&quot;,&quot;copyright&quot;:&quot;&quot;,&quot;focal_length&quot;:&quot;0&quot;,&quot;iso&quot;:&quot;0&quot;,&quot;shutter_speed&quot;:&quot;0&quot;,&quot;title&quot;:&quot;&quot;,&quot;orientation&quot;:&quot;0&quot;,&quot;keywords&quot;:&quot;Array&quot;}\" data-image-title=\"07 &#8211; Santos\" data-image-description=\"\" data-medium-file=\"https:\/\/www.colorado.com.br\/nosdacolorado\/wp-content\/uploads\/2025\/02\/07-Santos-300x200.png\" data-large-file=\"https:\/\/www.colorado.com.br\/nosdacolorado\/wp-content\/uploads\/2025\/02\/07-Santos-1024x683.png\" width=\"1024\" height=\"683\" src=\"https:\/\/www.colorado.com.br\/nosdacolorado\/wp-content\/uploads\/2025\/02\/07-Santos-1024x683.png\" class=\"attachment-large size-large\" alt=\"\" aria-describedby=\"gallery-1-25133\" srcset=\"https:\/\/www.colorado.com.br\/nosdacolorado\/wp-content\/uploads\/2025\/02\/07-Santos-1024x683.png 1024w, https:\/\/www.colorado.com.br\/nosdacolorado\/wp-content\/uploads\/2025\/02\/07-Santos-300x200.png 300w, https:\/\/www.colorado.com.br\/nosdacolorado\/wp-content\/uploads\/2025\/02\/07-Santos-768x512.png 768w, https:\/\/www.colorado.com.br\/nosdacolorado\/wp-content\/uploads\/2025\/02\/07-Santos-900x600.png 900w, https:\/\/www.colorado.com.br\/nosdacolorado\/wp-content\/uploads\/2025\/02\/07-Santos.png 1250w\" sizes=\"auto, (max-width: 1024px) 100vw, 1024px\" \/><\/a>\n\t\t\t<\/dt>\n\t\t\t\t<dd class='wp-caption-text gallery-caption' id='gallery-1-25133'>\n\t\t\t\t<strong>Santos<\/strong><br>Leander Henrique Santos Silva, Danilo Andrade Lima, Marcelo de Oliveira Pereira, Wekisley Gomes da Silva, Wellinton Araujo Garcia, Tiago Martins Sandoval, Rodrigo de Paula Damas, Pablo Reis Barbosa Bertolino, Leonardo dos Santos Rocha, Wesilly Souza Carvalho, Carlos Cesar F. dos Santos e  Luiz Guilherme do Carmo Matias\n\t\t\t\t<\/dd><\/dl><dl class='gallery-item'>\n\t\t\t<dt class='gallery-icon landscape'>\n\t\t\t\t<a href='https:\/\/www.colorado.com.br\/nosdacolorado\/wp-content\/uploads\/2025\/02\/08-Palmeiras.png'><img loading=\"lazy\" decoding=\"async\" data-attachment-id=\"25134\" data-orig-file=\"https:\/\/www.colorado.com.br\/nosdacolorado\/wp-content\/uploads\/2025\/02\/08-Palmeiras.png\" data-orig-size=\"1250,834\" data-comments-opened=\"0\" data-image-meta=\"{&quot;aperture&quot;:&quot;0&quot;,&quot;credit&quot;:&quot;&quot;,&quot;camera&quot;:&quot;&quot;,&quot;caption&quot;:&quot;&quot;,&quot;created_timestamp&quot;:&quot;0&quot;,&quot;copyright&quot;:&quot;&quot;,&quot;focal_length&quot;:&quot;0&quot;,&quot;iso&quot;:&quot;0&quot;,&quot;shutter_speed&quot;:&quot;0&quot;,&quot;title&quot;:&quot;&quot;,&quot;orientation&quot;:&quot;0&quot;,&quot;keywords&quot;:&quot;Array&quot;}\" data-image-title=\"08 &#8211; Palmeiras\" data-image-description=\"\" data-medium-file=\"https:\/\/www.colorado.com.br\/nosdacolorado\/wp-content\/uploads\/2025\/02\/08-Palmeiras-300x200.png\" data-large-file=\"https:\/\/www.colorado.com.br\/nosdacolorado\/wp-content\/uploads\/2025\/02\/08-Palmeiras-1024x683.png\" width=\"1024\" height=\"683\" src=\"https:\/\/www.colorado.com.br\/nosdacolorado\/wp-content\/uploads\/2025\/02\/08-Palmeiras-1024x683.png\" class=\"attachment-large size-large\" alt=\"\" aria-describedby=\"gallery-1-25134\" srcset=\"https:\/\/www.colorado.com.br\/nosdacolorado\/wp-content\/uploads\/2025\/02\/08-Palmeiras-1024x683.png 1024w, https:\/\/www.colorado.com.br\/nosdacolorado\/wp-content\/uploads\/2025\/02\/08-Palmeiras-300x200.png 300w, https:\/\/www.colorado.com.br\/nosdacolorado\/wp-content\/uploads\/2025\/02\/08-Palmeiras-768x512.png 768w, https:\/\/www.colorado.com.br\/nosdacolorado\/wp-content\/uploads\/2025\/02\/08-Palmeiras-900x600.png 900w, https:\/\/www.colorado.com.br\/nosdacolorado\/wp-content\/uploads\/2025\/02\/08-Palmeiras.png 1250w\" sizes=\"auto, (max-width: 1024px) 100vw, 1024px\" \/><\/a>\n\t\t\t<\/dt>\n\t\t\t\t<dd class='wp-caption-text gallery-caption' id='gallery-1-25134'>\n\t\t\t\t<strong>Palmeiras<\/strong><br>Fausto Luis Hor\u00e1cio, Liniker Henrique Ferreira, Lucas dos Santos Ribeiro, Antonio Ernando F. de Oliveira, Andrei Luis Alves Raimundo, Guilherme Alberto dos Santos, Jeferson Braga Garcia, Francisco Miguel Silva Paes, Carlos Antonio, Rafael Cesar, Welington e  Luis Fernando Barbosa de Souza\n\t\t\t\t<\/dd><\/dl><br style=\"clear: both\" \/><dl class='gallery-item'>\n\t\t\t<dt class='gallery-icon landscape'>\n\t\t\t\t<a href='https:\/\/www.colorado.com.br\/nosdacolorado\/wp-content\/uploads\/2025\/02\/Atletico-Mineiro.png'><img loading=\"lazy\" decoding=\"async\" data-attachment-id=\"25159\" data-orig-file=\"https:\/\/www.colorado.com.br\/nosdacolorado\/wp-content\/uploads\/2025\/02\/Atletico-Mineiro.png\" data-orig-size=\"1250,834\" data-comments-opened=\"0\" data-image-meta=\"{&quot;aperture&quot;:&quot;0&quot;,&quot;credit&quot;:&quot;&quot;,&quot;camera&quot;:&quot;&quot;,&quot;caption&quot;:&quot;&quot;,&quot;created_timestamp&quot;:&quot;0&quot;,&quot;copyright&quot;:&quot;&quot;,&quot;focal_length&quot;:&quot;0&quot;,&quot;iso&quot;:&quot;0&quot;,&quot;shutter_speed&quot;:&quot;0&quot;,&quot;title&quot;:&quot;&quot;,&quot;orientation&quot;:&quot;0&quot;,&quot;keywords&quot;:&quot;Array&quot;}\" data-image-title=\"9 -Atle\u0301tico Mineiro\" data-image-description=\"\" data-medium-file=\"https:\/\/www.colorado.com.br\/nosdacolorado\/wp-content\/uploads\/2025\/02\/Atletico-Mineiro-300x200.png\" data-large-file=\"https:\/\/www.colorado.com.br\/nosdacolorado\/wp-content\/uploads\/2025\/02\/Atletico-Mineiro-1024x683.png\" width=\"1024\" height=\"683\" src=\"https:\/\/www.colorado.com.br\/nosdacolorado\/wp-content\/uploads\/2025\/02\/Atletico-Mineiro-1024x683.png\" class=\"attachment-large size-large\" alt=\"\" aria-describedby=\"gallery-1-25159\" srcset=\"https:\/\/www.colorado.com.br\/nosdacolorado\/wp-content\/uploads\/2025\/02\/Atletico-Mineiro-1024x683.png 1024w, https:\/\/www.colorado.com.br\/nosdacolorado\/wp-content\/uploads\/2025\/02\/Atletico-Mineiro-300x200.png 300w, https:\/\/www.colorado.com.br\/nosdacolorado\/wp-content\/uploads\/2025\/02\/Atletico-Mineiro-768x512.png 768w, https:\/\/www.colorado.com.br\/nosdacolorado\/wp-content\/uploads\/2025\/02\/Atletico-Mineiro-900x600.png 900w, https:\/\/www.colorado.com.br\/nosdacolorado\/wp-content\/uploads\/2025\/02\/Atletico-Mineiro.png 1250w\" sizes=\"auto, (max-width: 1024px) 100vw, 1024px\" \/><\/a>\n\t\t\t<\/dt>\n\t\t\t\t<dd class='wp-caption-text gallery-caption' id='gallery-1-25159'>\n\t\t\t\t<strong>Atl\u00e9tico Mineiro<\/strong><br>Arthur Henrique Vilas Boas, Carlos Eduardo de O. Ferreira, Jo\u00e3o Pedro da Silva Santos, Luan Fagundes Barbosa, Rafael Santos de Souza, Francisco Genilson Barbosa, Daniel Faria Alves, Gabriel Borges Mendes, Rodrigo Lins Concei\u00e7\u00e3o, Emerson Kairon, Pedro Sousa, Jose Maurilio dos Santos\n\t\t\t\t<\/dd><\/dl><dl class='gallery-item'>\n\t\t\t<dt class='gallery-icon landscape'>\n\t\t\t\t<a href='https:\/\/www.colorado.com.br\/nosdacolorado\/wp-content\/uploads\/2025\/02\/Gremio.png'><img loading=\"lazy\" decoding=\"async\" data-attachment-id=\"25158\" data-orig-file=\"https:\/\/www.colorado.com.br\/nosdacolorado\/wp-content\/uploads\/2025\/02\/Gremio.png\" data-orig-size=\"1250,834\" data-comments-opened=\"0\" data-image-meta=\"{&quot;aperture&quot;:&quot;0&quot;,&quot;credit&quot;:&quot;&quot;,&quot;camera&quot;:&quot;&quot;,&quot;caption&quot;:&quot;&quot;,&quot;created_timestamp&quot;:&quot;0&quot;,&quot;copyright&quot;:&quot;&quot;,&quot;focal_length&quot;:&quot;0&quot;,&quot;iso&quot;:&quot;0&quot;,&quot;shutter_speed&quot;:&quot;0&quot;,&quot;title&quot;:&quot;&quot;,&quot;orientation&quot;:&quot;0&quot;,&quot;keywords&quot;:&quot;Array&quot;}\" data-image-title=\"10 &#8211; Gre\u0302mio\" data-image-description=\"\" data-medium-file=\"https:\/\/www.colorado.com.br\/nosdacolorado\/wp-content\/uploads\/2025\/02\/Gremio-300x200.png\" data-large-file=\"https:\/\/www.colorado.com.br\/nosdacolorado\/wp-content\/uploads\/2025\/02\/Gremio-1024x683.png\" width=\"1024\" height=\"683\" src=\"https:\/\/www.colorado.com.br\/nosdacolorado\/wp-content\/uploads\/2025\/02\/Gremio-1024x683.png\" class=\"attachment-large size-large\" alt=\"\" aria-describedby=\"gallery-1-25158\" srcset=\"https:\/\/www.colorado.com.br\/nosdacolorado\/wp-content\/uploads\/2025\/02\/Gremio-1024x683.png 1024w, https:\/\/www.colorado.com.br\/nosdacolorado\/wp-content\/uploads\/2025\/02\/Gremio-300x200.png 300w, https:\/\/www.colorado.com.br\/nosdacolorado\/wp-content\/uploads\/2025\/02\/Gremio-768x512.png 768w, https:\/\/www.colorado.com.br\/nosdacolorado\/wp-content\/uploads\/2025\/02\/Gremio-900x600.png 900w, https:\/\/www.colorado.com.br\/nosdacolorado\/wp-content\/uploads\/2025\/02\/Gremio.png 1250w\" sizes=\"auto, (max-width: 1024px) 100vw, 1024px\" \/><\/a>\n\t\t\t<\/dt>\n\t\t\t\t<dd class='wp-caption-text gallery-caption' id='gallery-1-25158'>\n\t\t\t\t<strong>Gr\u00eamio<\/strong><br>Tarc\u00edzio Vidgoi da Silva, Bruno Henrique Amorim, Rafael Ishizuca M. de Oliveira, Jos\u00e9 Nilton Isidio da Silva Filho, Jos\u00e9 Gon\u00e7alves Felipe da Silva, Marcelo Souza Ara\u00fajo, Luan Henrique Sabino dos Reis, Rodrigo Moraes Santos, Rafael de Brito L. dos Santos, Ronaldo Marceli Pereira, Welson Ferreira da Silva Barros, Kau\u00e3 Ferreira da Silva Faria\n\t\t\t\t<\/dd><\/dl>\n\t\t\t<br style='clear: both' \/>\n\t\t<\/div>\n\n","protected":false},"excerpt":{"rendered":"<p>A segunda rodada do\u00a0Campeonato de Futebol Society do Grupo Colorado\u00a0foi marcada por grandes goleadas e muita torcida animada! Os jogos aconteceram nos dias\u00a025 e 27 de fevereiro, no\u00a0Clube do Bem,&#8230;<\/p>\n","protected":false},"author":2,"featured_media":25093,"comment_status":"closed","ping_status":"open","sticky":false,"template":"","format":"standard","meta":{"footnotes":""},"categories":[11,42],"tags":[],"class_list":{"0":"post-25155","1":"post","2":"type-post","3":"status-publish","4":"format-standard","5":"has-post-thumbnail","7":"category-acontece-na-colorado","8":"category-copa-society"},"_links":{"self":[{"href":"https:\/\/www.colorado.com.br\/nosdacolorado\/wp-json\/wp\/v2\/posts\/25155","targetHints":{"allow":["GET"]}}],"collection":[{"href":"https:\/\/www.colorado.com.br\/nosdacolorado\/wp-json\/wp\/v2\/posts"}],"about":[{"href":"https:\/\/www.colorado.com.br\/nosdacolorado\/wp-json\/wp\/v2\/types\/post"}],"author":[{"embeddable":true,"href":"https:\/\/www.colorado.com.br\/nosdacolorado\/wp-json\/wp\/v2\/users\/2"}],"replies":[{"embeddable":true,"href":"https:\/\/www.colorado.com.br\/nosdacolorado\/wp-json\/wp\/v2\/comments?post=25155"}],"version-history":[{"count":1,"href":"https:\/\/www.colorado.com.br\/nosdacolorado\/wp-json\/wp\/v2\/posts\/25155\/revisions"}],"predecessor-version":[{"id":25160,"href":"https:\/\/www.colorado.com.br\/nosdacolorado\/wp-json\/wp\/v2\/posts\/25155\/revisions\/25160"}],"wp:featuredmedia":[{"embeddable":true,"href":"https:\/\/www.colorado.com.br\/nosdacolorado\/wp-json\/wp\/v2\/media\/25093"}],"wp:attachment":[{"href":"https:\/\/www.colorado.com.br\/nosdacolorado\/wp-json\/wp\/v2\/media?parent=25155"}],"wp:term":[{"taxonomy":"category","embeddable":true,"href":"https:\/\/www.colorado.com.br\/nosdacolorado\/wp-json\/wp\/v2\/categories?post=25155"},{"taxonomy":"post_tag","embeddable":true,"href":"https:\/\/www.colorado.com.br\/nosdacolorado\/wp-json\/wp\/v2\/tags?post=25155"}],"curies":[{"name":"wp","href":"https:\/\/api.w.org\/{rel}","templated":true}]}}