{"id":25166,"date":"2025-03-08T07:15:57","date_gmt":"2025-03-08T10:15:57","guid":{"rendered":"https:\/\/www.colorado.com.br\/nosdacolorado\/?p=25166"},"modified":"2025-03-07T14:32:46","modified_gmt":"2025-03-07T17:32:46","slug":"8-de-marco-dia-internacional-da-mulher","status":"publish","type":"post","link":"https:\/\/www.colorado.com.br\/nosdacolorado\/8-de-marco-dia-internacional-da-mulher\/","title":{"rendered":"8 de mar\u00e7o &#8211; Dia Internacional da Mulher"},"content":{"rendered":"<p>O Dia Internacional da Mulher \u00e9 o momento especial para reconhecer e celebrar o talento das mulheres que fazem parte da nossa equipe. Acreditamos que a diversidade \u00e9 a chave para a inova\u00e7\u00e3o e o sucesso. Por isso, nos empenhamos em criar um ambiente onde cada mulher possa desenvolver suas habilidades, expressar seu pleno potencial e alcan\u00e7ar seus objetivos. Estamos comprometidos em oferecer oportunidades iguais e apoiar o crescimento profissional de nossas colaboradoras.<\/p>\n<p><a href=\"https:\/\/www.colorado.com.br\/nosdacolorado\/wp-content\/uploads\/2025\/03\/ecard-dia-da-mulher-colorado-copia-4.png\" rel=\"prettyPhoto[gallery-wr42]\"><img loading=\"lazy\" decoding=\"async\" class=\"aligncenter  wp-image-25167\" src=\"https:\/\/www.colorado.com.br\/nosdacolorado\/wp-content\/uploads\/2025\/03\/ecard-dia-da-mulher-colorado-copia-4.png\" alt=\"\" width=\"867\" height=\"1083\" srcset=\"https:\/\/www.colorado.com.br\/nosdacolorado\/wp-content\/uploads\/2025\/03\/ecard-dia-da-mulher-colorado-copia-4.png 1801w, https:\/\/www.colorado.com.br\/nosdacolorado\/wp-content\/uploads\/2025\/03\/ecard-dia-da-mulher-colorado-copia-4-240x300.png 240w, https:\/\/www.colorado.com.br\/nosdacolorado\/wp-content\/uploads\/2025\/03\/ecard-dia-da-mulher-colorado-copia-4-820x1024.png 820w, https:\/\/www.colorado.com.br\/nosdacolorado\/wp-content\/uploads\/2025\/03\/ecard-dia-da-mulher-colorado-copia-4-768x959.png 768w, https:\/\/www.colorado.com.br\/nosdacolorado\/wp-content\/uploads\/2025\/03\/ecard-dia-da-mulher-colorado-copia-4-1229x1536.png 1229w, https:\/\/www.colorado.com.br\/nosdacolorado\/wp-content\/uploads\/2025\/03\/ecard-dia-da-mulher-colorado-copia-4-1639x2048.png 1639w\" sizes=\"auto, (max-width: 867px) 100vw, 867px\" \/><\/a><\/p>\n","protected":false},"excerpt":{"rendered":"<p>O Dia Internacional da Mulher \u00e9 o momento especial para reconhecer e celebrar o talento das mulheres que fazem parte da nossa equipe. Acreditamos que a diversidade \u00e9 a chave&#8230;<\/p>\n","protected":false},"author":2,"featured_media":25168,"comment_status":"closed","ping_status":"open","sticky":false,"template":"","format":"standard","meta":{"footnotes":""},"categories":[11],"tags":[],"class_list":{"0":"post-25166","1":"post","2":"type-post","3":"status-publish","4":"format-standard","5":"has-post-thumbnail","7":"category-acontece-na-colorado"},"_links":{"self":[{"href":"https:\/\/www.colorado.com.br\/nosdacolorado\/wp-json\/wp\/v2\/posts\/25166","targetHints":{"allow":["GET"]}}],"collection":[{"href":"https:\/\/www.colorado.com.br\/nosdacolorado\/wp-json\/wp\/v2\/posts"}],"about":[{"href":"https:\/\/www.colorado.com.br\/nosdacolorado\/wp-json\/wp\/v2\/types\/post"}],"author":[{"embeddable":true,"href":"https:\/\/www.colorado.com.br\/nosdacolorado\/wp-json\/wp\/v2\/users\/2"}],"replies":[{"embeddable":true,"href":"https:\/\/www.colorado.com.br\/nosdacolorado\/wp-json\/wp\/v2\/comments?post=25166"}],"version-history":[{"count":1,"href":"https:\/\/www.colorado.com.br\/nosdacolorado\/wp-json\/wp\/v2\/posts\/25166\/revisions"}],"predecessor-version":[{"id":25169,"href":"https:\/\/www.colorado.com.br\/nosdacolorado\/wp-json\/wp\/v2\/posts\/25166\/revisions\/25169"}],"wp:featuredmedia":[{"embeddable":true,"href":"https:\/\/www.colorado.com.br\/nosdacolorado\/wp-json\/wp\/v2\/media\/25168"}],"wp:attachment":[{"href":"https:\/\/www.colorado.com.br\/nosdacolorado\/wp-json\/wp\/v2\/media?parent=25166"}],"wp:term":[{"taxonomy":"category","embeddable":true,"href":"https:\/\/www.colorado.com.br\/nosdacolorado\/wp-json\/wp\/v2\/categories?post=25166"},{"taxonomy":"post_tag","embeddable":true,"href":"https:\/\/www.colorado.com.br\/nosdacolorado\/wp-json\/wp\/v2\/tags?post=25166"}],"curies":[{"name":"wp","href":"https:\/\/api.w.org\/{rel}","templated":true}]}}