{"id":25174,"date":"2025-03-13T17:04:55","date_gmt":"2025-03-13T20:04:55","guid":{"rendered":"https:\/\/www.colorado.com.br\/nosdacolorado\/?p=25174"},"modified":"2026-02-27T10:13:40","modified_gmt":"2026-02-27T13:13:40","slug":"grupo-colorado-participa-do-lancamento-da-campanha-do-ha-de-prevencao-ao-cancer-feminino","status":"publish","type":"post","link":"https:\/\/www.colorado.com.br\/nosdacolorado\/grupo-colorado-participa-do-lancamento-da-campanha-do-ha-de-prevencao-ao-cancer-feminino\/","title":{"rendered":"Grupo Colorado participa do lan\u00e7amento da campanha do HA de preven\u00e7\u00e3o ao c\u00e2ncer feminino"},"content":{"rendered":"<p><img loading=\"lazy\" decoding=\"async\" class=\"aligncenter size-full wp-image-25175\" src=\"https:\/\/www.colorado.com.br\/nosdacolorado\/wp-content\/uploads\/2025\/03\/HA202274.jpg\" alt=\"\" width=\"800\" height=\"533\" srcset=\"https:\/\/www.colorado.com.br\/nosdacolorado\/wp-content\/uploads\/2025\/03\/HA202274.jpg 800w, https:\/\/www.colorado.com.br\/nosdacolorado\/wp-content\/uploads\/2025\/03\/HA202274-300x200.jpg 300w, https:\/\/www.colorado.com.br\/nosdacolorado\/wp-content\/uploads\/2025\/03\/HA202274-768x512.jpg 768w\" sizes=\"auto, (max-width: 800px) 100vw, 800px\" \/><\/p>\n<p>Profissionais do Departamento de Sa\u00fade do Grupo Colorado marcaram presen\u00e7a no lan\u00e7amento da campanha de combate ao c\u00e2ncer do colo do \u00fatero, o Mar\u00e7o Lil\u00e1s, promovida pelo Hospital de Amor. Representaram a empresa as enfermeiras D\u00e9bora Lelis Greg\u00f3rio e\u00a0Fab\u00edola Oliveira Laranjeira.<\/p>\n<p>O lan\u00e7amento da campanha\u00a0\u201c\u00a0Preven\u00e7\u00e3o \u00e9 o ano todo 2025 &#8211; Edi\u00e7\u00e3o especial\u00a0Mar\u00e7o\u00a0Lil\u00e1s\u201d.aconteceu na manh\u00e3 de 24 de fevereiro. O objetivo \u00e9 sensibilizar a comunidade para a import\u00e2ncia da preven\u00e7\u00e3o para a sa\u00fade da mulher.<\/p>\n<p>O encontro reuniu profissionais da \u00e1rea oncol\u00f3gica para palestras sobre preven\u00e7\u00e3o ao c\u00e2ncer do colo do \u00fatero, com os m\u00e9dicos Dr. Julio Possati, preven\u00e7\u00e3o ao c\u00e2ncer de boca com Dr. F\u00e1bio Coracin; preven\u00e7\u00e3o ao c\u00e2ncer de pele com Dra. Vanessa Tanaka e preven\u00e7\u00e3o ao c\u00e2ncer de mama, com Dr. Idam de Oliveira Junior,\u00a0preven\u00e7\u00e3o ao c\u00e2ncer de pr\u00f3stata, Dr Carlos Goulart.<\/p>\n<p>O m\u00e9dico ginecologista J\u00falio Possati salientou que a a\u00e7\u00e3o tem como objetivo sensibilizar a popula\u00e7\u00e3o sobre a import\u00e2ncia da preven\u00e7\u00e3o e do diagn\u00f3stico precoce dessa doen\u00e7a, que \u00e9 uma das principais causas de morte por c\u00e2ncer entre mulheres no Brasil e no mundo. \u201cO Hospital de Amor apoia amplamente as a\u00e7\u00f5es que buscam a elimina\u00e7\u00e3o do c\u00e2ncer do colo do \u00fatero por meio dos servi\u00e7os de preven\u00e7\u00e3o de c\u00e2ncer espalhados pelo pa\u00eds e refor\u00e7a essas a\u00e7\u00f5es na campanha do Mar\u00e7o Lil\u00e1s\u201d, disse o m\u00e9dico.<\/p>\n<p>\u201cFoi um encontro de atualiza\u00e7\u00e3o. Recebemos informa\u00e7\u00f5es sobre preven\u00e7\u00e3o aos tipos de c\u00e2ncer mais prevalentes atualmente em homens e mulheres. Tivemos a oportunidade de conhecimento e compartilhamentos das informa\u00e7\u00f5es sobre cada tema, podendo trazer para a empresa, o que h\u00e1 de mais atual na \u00e1rea oncol\u00f3gica.\u201d, afirma D\u00e9bora.<\/p>\n<p>\u201cFicou bastante claro que as a\u00e7\u00f5es relacionadas \u00e0 preven\u00e7\u00e3o devem ser promovidas durante o ano todo. A partir deste encontro, fortaleceremos as a\u00e7\u00f5es que possam facilitar e conscientizar ainda mais sobre a import\u00e2ncia dos exames preventivos.\u201d, destacou Fab\u00edola.<\/p>\n<p>Segundo o Minist\u00e9rio da Sa\u00fade, a previs\u00e3o \u00e9 de que 17 mil novos casos de c\u00e2ncer do colo do \u00fatero ocorram apenas em 2025. Uma das formas de preven\u00e7\u00e3o \u00e9 a vacina contra o HPV, que est\u00e1 dispon\u00edvel no SUS para meninos e meninas de 9 a 14 anos em esquema de dose \u00fanica nas unidades de sa\u00fade.\u00a0Outra orienta\u00e7\u00e3o \u00e9 que mulheres de 25 a 64 anos devem visitar o m\u00e9dico ginecologista e fazer o exame preventivo Papanicolau periodicamente, independente de surgimento de sinais e sintomas.<\/p>\n\n\t\t<style type=\"text\/css\">\n\t\t\t#gallery-1 {\n\t\t\t\tmargin: auto;\n\t\t\t}\n\t\t\t#gallery-1 .gallery-item {\n\t\t\t\tfloat: left;\n\t\t\t\tmargin-top: 10px;\n\t\t\t\ttext-align: center;\n\t\t\t\twidth: 33%;\n\t\t\t}\n\t\t\t#gallery-1 img {\n\t\t\t\tborder: 2px solid #cfcfcf;\n\t\t\t}\n\t\t\t#gallery-1 .gallery-caption {\n\t\t\t\tmargin-left: 0;\n\t\t\t}\n\t\t\t\/* see gallery_shortcode() in wp-includes\/media.php *\/\n\t\t<\/style>\n\t\t<div data-carousel-extra='{\"blog_id\":1,\"permalink\":\"https:\\\/\\\/www.colorado.com.br\\\/nosdacolorado\\\/grupo-colorado-participa-do-lancamento-da-campanha-do-ha-de-prevencao-ao-cancer-feminino\\\/\"}' id='gallery-1' class='gallery galleryid-25174 gallery-columns-3 gallery-size-large'><dl class='gallery-item'>\n\t\t\t<dt class='gallery-icon landscape'>\n\t\t\t\t<a href='https:\/\/www.colorado.com.br\/nosdacolorado\/wp-content\/uploads\/2025\/03\/HA202236.jpg'><img loading=\"lazy\" decoding=\"async\" data-attachment-id=\"25176\" data-orig-file=\"https:\/\/www.colorado.com.br\/nosdacolorado\/wp-content\/uploads\/2025\/03\/HA202236.jpg\" data-orig-size=\"800,533\" data-comments-opened=\"0\" data-image-meta=\"{&quot;aperture&quot;:&quot;0&quot;,&quot;credit&quot;:&quot;&quot;,&quot;camera&quot;:&quot;&quot;,&quot;caption&quot;:&quot;&quot;,&quot;created_timestamp&quot;:&quot;0&quot;,&quot;copyright&quot;:&quot;&quot;,&quot;focal_length&quot;:&quot;0&quot;,&quot;iso&quot;:&quot;0&quot;,&quot;shutter_speed&quot;:&quot;0&quot;,&quot;title&quot;:&quot;&quot;,&quot;orientation&quot;:&quot;0&quot;,&quot;keywords&quot;:&quot;Array&quot;}\" data-image-title=\"HA202236\" data-image-description=\"\" data-medium-file=\"https:\/\/www.colorado.com.br\/nosdacolorado\/wp-content\/uploads\/2025\/03\/HA202236-300x200.jpg\" data-large-file=\"https:\/\/www.colorado.com.br\/nosdacolorado\/wp-content\/uploads\/2025\/03\/HA202236.jpg\" width=\"800\" height=\"533\" src=\"https:\/\/www.colorado.com.br\/nosdacolorado\/wp-content\/uploads\/2025\/03\/HA202236.jpg\" class=\"attachment-large size-large\" alt=\"\" srcset=\"https:\/\/www.colorado.com.br\/nosdacolorado\/wp-content\/uploads\/2025\/03\/HA202236.jpg 800w, https:\/\/www.colorado.com.br\/nosdacolorado\/wp-content\/uploads\/2025\/03\/HA202236-300x200.jpg 300w, https:\/\/www.colorado.com.br\/nosdacolorado\/wp-content\/uploads\/2025\/03\/HA202236-768x512.jpg 768w\" sizes=\"auto, (max-width: 800px) 100vw, 800px\" \/><\/a>\n\t\t\t<\/dt><\/dl><dl class='gallery-item'>\n\t\t\t<dt class='gallery-icon landscape'>\n\t\t\t\t<a href='https:\/\/www.colorado.com.br\/nosdacolorado\/wp-content\/uploads\/2025\/03\/HA202245.jpg'><img loading=\"lazy\" decoding=\"async\" data-attachment-id=\"25177\" data-orig-file=\"https:\/\/www.colorado.com.br\/nosdacolorado\/wp-content\/uploads\/2025\/03\/HA202245.jpg\" data-orig-size=\"800,533\" data-comments-opened=\"0\" data-image-meta=\"{&quot;aperture&quot;:&quot;0&quot;,&quot;credit&quot;:&quot;&quot;,&quot;camera&quot;:&quot;&quot;,&quot;caption&quot;:&quot;&quot;,&quot;created_timestamp&quot;:&quot;0&quot;,&quot;copyright&quot;:&quot;&quot;,&quot;focal_length&quot;:&quot;0&quot;,&quot;iso&quot;:&quot;0&quot;,&quot;shutter_speed&quot;:&quot;0&quot;,&quot;title&quot;:&quot;&quot;,&quot;orientation&quot;:&quot;0&quot;,&quot;keywords&quot;:&quot;Array&quot;}\" data-image-title=\"HA202245\" data-image-description=\"\" data-medium-file=\"https:\/\/www.colorado.com.br\/nosdacolorado\/wp-content\/uploads\/2025\/03\/HA202245-300x200.jpg\" data-large-file=\"https:\/\/www.colorado.com.br\/nosdacolorado\/wp-content\/uploads\/2025\/03\/HA202245.jpg\" width=\"800\" height=\"533\" src=\"https:\/\/www.colorado.com.br\/nosdacolorado\/wp-content\/uploads\/2025\/03\/HA202245.jpg\" class=\"attachment-large size-large\" alt=\"\" srcset=\"https:\/\/www.colorado.com.br\/nosdacolorado\/wp-content\/uploads\/2025\/03\/HA202245.jpg 800w, https:\/\/www.colorado.com.br\/nosdacolorado\/wp-content\/uploads\/2025\/03\/HA202245-300x200.jpg 300w, https:\/\/www.colorado.com.br\/nosdacolorado\/wp-content\/uploads\/2025\/03\/HA202245-768x512.jpg 768w\" sizes=\"auto, (max-width: 800px) 100vw, 800px\" \/><\/a>\n\t\t\t<\/dt><\/dl><dl class='gallery-item'>\n\t\t\t<dt class='gallery-icon landscape'>\n\t\t\t\t<a href='https:\/\/www.colorado.com.br\/nosdacolorado\/wp-content\/uploads\/2025\/03\/HA202264.jpg'><img loading=\"lazy\" decoding=\"async\" data-attachment-id=\"25178\" data-orig-file=\"https:\/\/www.colorado.com.br\/nosdacolorado\/wp-content\/uploads\/2025\/03\/HA202264.jpg\" data-orig-size=\"800,533\" data-comments-opened=\"0\" data-image-meta=\"{&quot;aperture&quot;:&quot;0&quot;,&quot;credit&quot;:&quot;&quot;,&quot;camera&quot;:&quot;&quot;,&quot;caption&quot;:&quot;&quot;,&quot;created_timestamp&quot;:&quot;0&quot;,&quot;copyright&quot;:&quot;&quot;,&quot;focal_length&quot;:&quot;0&quot;,&quot;iso&quot;:&quot;0&quot;,&quot;shutter_speed&quot;:&quot;0&quot;,&quot;title&quot;:&quot;&quot;,&quot;orientation&quot;:&quot;0&quot;,&quot;keywords&quot;:&quot;Array&quot;}\" data-image-title=\"HA202264\" data-image-description=\"\" data-medium-file=\"https:\/\/www.colorado.com.br\/nosdacolorado\/wp-content\/uploads\/2025\/03\/HA202264-300x200.jpg\" data-large-file=\"https:\/\/www.colorado.com.br\/nosdacolorado\/wp-content\/uploads\/2025\/03\/HA202264.jpg\" width=\"800\" height=\"533\" src=\"https:\/\/www.colorado.com.br\/nosdacolorado\/wp-content\/uploads\/2025\/03\/HA202264.jpg\" class=\"attachment-large size-large\" alt=\"\" srcset=\"https:\/\/www.colorado.com.br\/nosdacolorado\/wp-content\/uploads\/2025\/03\/HA202264.jpg 800w, https:\/\/www.colorado.com.br\/nosdacolorado\/wp-content\/uploads\/2025\/03\/HA202264-300x200.jpg 300w, https:\/\/www.colorado.com.br\/nosdacolorado\/wp-content\/uploads\/2025\/03\/HA202264-768x512.jpg 768w\" sizes=\"auto, (max-width: 800px) 100vw, 800px\" \/><\/a>\n\t\t\t<\/dt><\/dl><br style=\"clear: both\" \/><dl class='gallery-item'>\n\t\t\t<dt class='gallery-icon landscape'>\n\t\t\t\t<a href='https:\/\/www.colorado.com.br\/nosdacolorado\/wp-content\/uploads\/2025\/03\/HA202279.jpg'><img loading=\"lazy\" decoding=\"async\" data-attachment-id=\"25179\" data-orig-file=\"https:\/\/www.colorado.com.br\/nosdacolorado\/wp-content\/uploads\/2025\/03\/HA202279.jpg\" data-orig-size=\"800,533\" data-comments-opened=\"0\" data-image-meta=\"{&quot;aperture&quot;:&quot;0&quot;,&quot;credit&quot;:&quot;&quot;,&quot;camera&quot;:&quot;&quot;,&quot;caption&quot;:&quot;&quot;,&quot;created_timestamp&quot;:&quot;0&quot;,&quot;copyright&quot;:&quot;&quot;,&quot;focal_length&quot;:&quot;0&quot;,&quot;iso&quot;:&quot;0&quot;,&quot;shutter_speed&quot;:&quot;0&quot;,&quot;title&quot;:&quot;&quot;,&quot;orientation&quot;:&quot;0&quot;,&quot;keywords&quot;:&quot;Array&quot;}\" data-image-title=\"HA202279\" data-image-description=\"\" data-medium-file=\"https:\/\/www.colorado.com.br\/nosdacolorado\/wp-content\/uploads\/2025\/03\/HA202279-300x200.jpg\" data-large-file=\"https:\/\/www.colorado.com.br\/nosdacolorado\/wp-content\/uploads\/2025\/03\/HA202279.jpg\" width=\"800\" height=\"533\" src=\"https:\/\/www.colorado.com.br\/nosdacolorado\/wp-content\/uploads\/2025\/03\/HA202279.jpg\" class=\"attachment-large size-large\" alt=\"\" srcset=\"https:\/\/www.colorado.com.br\/nosdacolorado\/wp-content\/uploads\/2025\/03\/HA202279.jpg 800w, https:\/\/www.colorado.com.br\/nosdacolorado\/wp-content\/uploads\/2025\/03\/HA202279-300x200.jpg 300w, https:\/\/www.colorado.com.br\/nosdacolorado\/wp-content\/uploads\/2025\/03\/HA202279-768x512.jpg 768w\" sizes=\"auto, (max-width: 800px) 100vw, 800px\" \/><\/a>\n\t\t\t<\/dt><\/dl><dl class='gallery-item'>\n\t\t\t<dt class='gallery-icon landscape'>\n\t\t\t\t<a href='https:\/\/www.colorado.com.br\/nosdacolorado\/wp-content\/uploads\/2025\/03\/HA202282.jpg'><img loading=\"lazy\" decoding=\"async\" data-attachment-id=\"25180\" data-orig-file=\"https:\/\/www.colorado.com.br\/nosdacolorado\/wp-content\/uploads\/2025\/03\/HA202282.jpg\" data-orig-size=\"800,533\" data-comments-opened=\"0\" data-image-meta=\"{&quot;aperture&quot;:&quot;0&quot;,&quot;credit&quot;:&quot;&quot;,&quot;camera&quot;:&quot;&quot;,&quot;caption&quot;:&quot;&quot;,&quot;created_timestamp&quot;:&quot;0&quot;,&quot;copyright&quot;:&quot;&quot;,&quot;focal_length&quot;:&quot;0&quot;,&quot;iso&quot;:&quot;0&quot;,&quot;shutter_speed&quot;:&quot;0&quot;,&quot;title&quot;:&quot;&quot;,&quot;orientation&quot;:&quot;0&quot;,&quot;keywords&quot;:&quot;Array&quot;}\" data-image-title=\"HA202282\" data-image-description=\"\" data-medium-file=\"https:\/\/www.colorado.com.br\/nosdacolorado\/wp-content\/uploads\/2025\/03\/HA202282-300x200.jpg\" data-large-file=\"https:\/\/www.colorado.com.br\/nosdacolorado\/wp-content\/uploads\/2025\/03\/HA202282.jpg\" width=\"800\" height=\"533\" src=\"https:\/\/www.colorado.com.br\/nosdacolorado\/wp-content\/uploads\/2025\/03\/HA202282.jpg\" class=\"attachment-large size-large\" alt=\"\" srcset=\"https:\/\/www.colorado.com.br\/nosdacolorado\/wp-content\/uploads\/2025\/03\/HA202282.jpg 800w, https:\/\/www.colorado.com.br\/nosdacolorado\/wp-content\/uploads\/2025\/03\/HA202282-300x200.jpg 300w, https:\/\/www.colorado.com.br\/nosdacolorado\/wp-content\/uploads\/2025\/03\/HA202282-768x512.jpg 768w\" sizes=\"auto, (max-width: 800px) 100vw, 800px\" \/><\/a>\n\t\t\t<\/dt><\/dl><dl class='gallery-item'>\n\t\t\t<dt class='gallery-icon landscape'>\n\t\t\t\t<a href='https:\/\/www.colorado.com.br\/nosdacolorado\/wp-content\/uploads\/2025\/03\/HA202298.jpg'><img loading=\"lazy\" decoding=\"async\" data-attachment-id=\"25181\" data-orig-file=\"https:\/\/www.colorado.com.br\/nosdacolorado\/wp-content\/uploads\/2025\/03\/HA202298.jpg\" data-orig-size=\"800,533\" data-comments-opened=\"0\" data-image-meta=\"{&quot;aperture&quot;:&quot;0&quot;,&quot;credit&quot;:&quot;&quot;,&quot;camera&quot;:&quot;&quot;,&quot;caption&quot;:&quot;&quot;,&quot;created_timestamp&quot;:&quot;0&quot;,&quot;copyright&quot;:&quot;&quot;,&quot;focal_length&quot;:&quot;0&quot;,&quot;iso&quot;:&quot;0&quot;,&quot;shutter_speed&quot;:&quot;0&quot;,&quot;title&quot;:&quot;&quot;,&quot;orientation&quot;:&quot;0&quot;,&quot;keywords&quot;:&quot;Array&quot;}\" data-image-title=\"HA202298\" data-image-description=\"\" data-medium-file=\"https:\/\/www.colorado.com.br\/nosdacolorado\/wp-content\/uploads\/2025\/03\/HA202298-300x200.jpg\" data-large-file=\"https:\/\/www.colorado.com.br\/nosdacolorado\/wp-content\/uploads\/2025\/03\/HA202298.jpg\" width=\"800\" height=\"533\" src=\"https:\/\/www.colorado.com.br\/nosdacolorado\/wp-content\/uploads\/2025\/03\/HA202298.jpg\" class=\"attachment-large size-large\" alt=\"\" srcset=\"https:\/\/www.colorado.com.br\/nosdacolorado\/wp-content\/uploads\/2025\/03\/HA202298.jpg 800w, https:\/\/www.colorado.com.br\/nosdacolorado\/wp-content\/uploads\/2025\/03\/HA202298-300x200.jpg 300w, https:\/\/www.colorado.com.br\/nosdacolorado\/wp-content\/uploads\/2025\/03\/HA202298-768x512.jpg 768w\" sizes=\"auto, (max-width: 800px) 100vw, 800px\" \/><\/a>\n\t\t\t<\/dt><\/dl><br style=\"clear: both\" \/><dl class='gallery-item'>\n\t\t\t<dt class='gallery-icon landscape'>\n\t\t\t\t<a href='https:\/\/www.colorado.com.br\/nosdacolorado\/wp-content\/uploads\/2025\/03\/HA202305.jpg'><img loading=\"lazy\" decoding=\"async\" data-attachment-id=\"25182\" data-orig-file=\"https:\/\/www.colorado.com.br\/nosdacolorado\/wp-content\/uploads\/2025\/03\/HA202305.jpg\" data-orig-size=\"800,533\" data-comments-opened=\"0\" data-image-meta=\"{&quot;aperture&quot;:&quot;0&quot;,&quot;credit&quot;:&quot;&quot;,&quot;camera&quot;:&quot;&quot;,&quot;caption&quot;:&quot;&quot;,&quot;created_timestamp&quot;:&quot;0&quot;,&quot;copyright&quot;:&quot;&quot;,&quot;focal_length&quot;:&quot;0&quot;,&quot;iso&quot;:&quot;0&quot;,&quot;shutter_speed&quot;:&quot;0&quot;,&quot;title&quot;:&quot;&quot;,&quot;orientation&quot;:&quot;0&quot;,&quot;keywords&quot;:&quot;Array&quot;}\" data-image-title=\"HA202305\" data-image-description=\"\" data-medium-file=\"https:\/\/www.colorado.com.br\/nosdacolorado\/wp-content\/uploads\/2025\/03\/HA202305-300x200.jpg\" data-large-file=\"https:\/\/www.colorado.com.br\/nosdacolorado\/wp-content\/uploads\/2025\/03\/HA202305.jpg\" width=\"800\" height=\"533\" src=\"https:\/\/www.colorado.com.br\/nosdacolorado\/wp-content\/uploads\/2025\/03\/HA202305.jpg\" class=\"attachment-large size-large\" alt=\"\" srcset=\"https:\/\/www.colorado.com.br\/nosdacolorado\/wp-content\/uploads\/2025\/03\/HA202305.jpg 800w, https:\/\/www.colorado.com.br\/nosdacolorado\/wp-content\/uploads\/2025\/03\/HA202305-300x200.jpg 300w, https:\/\/www.colorado.com.br\/nosdacolorado\/wp-content\/uploads\/2025\/03\/HA202305-768x512.jpg 768w\" sizes=\"auto, (max-width: 800px) 100vw, 800px\" \/><\/a>\n\t\t\t<\/dt><\/dl><dl class='gallery-item'>\n\t\t\t<dt class='gallery-icon landscape'>\n\t\t\t\t<a href='https:\/\/www.colorado.com.br\/nosdacolorado\/wp-content\/uploads\/2025\/03\/HA702168.jpg'><img loading=\"lazy\" decoding=\"async\" data-attachment-id=\"25183\" data-orig-file=\"https:\/\/www.colorado.com.br\/nosdacolorado\/wp-content\/uploads\/2025\/03\/HA702168.jpg\" data-orig-size=\"800,533\" data-comments-opened=\"0\" data-image-meta=\"{&quot;aperture&quot;:&quot;0&quot;,&quot;credit&quot;:&quot;&quot;,&quot;camera&quot;:&quot;&quot;,&quot;caption&quot;:&quot;&quot;,&quot;created_timestamp&quot;:&quot;0&quot;,&quot;copyright&quot;:&quot;&quot;,&quot;focal_length&quot;:&quot;0&quot;,&quot;iso&quot;:&quot;0&quot;,&quot;shutter_speed&quot;:&quot;0&quot;,&quot;title&quot;:&quot;&quot;,&quot;orientation&quot;:&quot;0&quot;,&quot;keywords&quot;:&quot;Array&quot;}\" data-image-title=\"HA702168\" data-image-description=\"\" data-medium-file=\"https:\/\/www.colorado.com.br\/nosdacolorado\/wp-content\/uploads\/2025\/03\/HA702168-300x200.jpg\" data-large-file=\"https:\/\/www.colorado.com.br\/nosdacolorado\/wp-content\/uploads\/2025\/03\/HA702168.jpg\" width=\"800\" height=\"533\" src=\"https:\/\/www.colorado.com.br\/nosdacolorado\/wp-content\/uploads\/2025\/03\/HA702168.jpg\" class=\"attachment-large size-large\" alt=\"\" srcset=\"https:\/\/www.colorado.com.br\/nosdacolorado\/wp-content\/uploads\/2025\/03\/HA702168.jpg 800w, https:\/\/www.colorado.com.br\/nosdacolorado\/wp-content\/uploads\/2025\/03\/HA702168-300x200.jpg 300w, https:\/\/www.colorado.com.br\/nosdacolorado\/wp-content\/uploads\/2025\/03\/HA702168-768x512.jpg 768w\" sizes=\"auto, (max-width: 800px) 100vw, 800px\" \/><\/a>\n\t\t\t<\/dt><\/dl><dl class='gallery-item'>\n\t\t\t<dt class='gallery-icon landscape'>\n\t\t\t\t<a href='https:\/\/www.colorado.com.br\/nosdacolorado\/wp-content\/uploads\/2025\/03\/HA702182.jpg'><img loading=\"lazy\" decoding=\"async\" data-attachment-id=\"25184\" data-orig-file=\"https:\/\/www.colorado.com.br\/nosdacolorado\/wp-content\/uploads\/2025\/03\/HA702182.jpg\" data-orig-size=\"800,533\" data-comments-opened=\"0\" data-image-meta=\"{&quot;aperture&quot;:&quot;0&quot;,&quot;credit&quot;:&quot;&quot;,&quot;camera&quot;:&quot;&quot;,&quot;caption&quot;:&quot;&quot;,&quot;created_timestamp&quot;:&quot;0&quot;,&quot;copyright&quot;:&quot;&quot;,&quot;focal_length&quot;:&quot;0&quot;,&quot;iso&quot;:&quot;0&quot;,&quot;shutter_speed&quot;:&quot;0&quot;,&quot;title&quot;:&quot;&quot;,&quot;orientation&quot;:&quot;0&quot;,&quot;keywords&quot;:&quot;Array&quot;}\" data-image-title=\"HA702182\" data-image-description=\"\" data-medium-file=\"https:\/\/www.colorado.com.br\/nosdacolorado\/wp-content\/uploads\/2025\/03\/HA702182-300x200.jpg\" data-large-file=\"https:\/\/www.colorado.com.br\/nosdacolorado\/wp-content\/uploads\/2025\/03\/HA702182.jpg\" width=\"800\" height=\"533\" src=\"https:\/\/www.colorado.com.br\/nosdacolorado\/wp-content\/uploads\/2025\/03\/HA702182.jpg\" class=\"attachment-large size-large\" alt=\"\" srcset=\"https:\/\/www.colorado.com.br\/nosdacolorado\/wp-content\/uploads\/2025\/03\/HA702182.jpg 800w, https:\/\/www.colorado.com.br\/nosdacolorado\/wp-content\/uploads\/2025\/03\/HA702182-300x200.jpg 300w, https:\/\/www.colorado.com.br\/nosdacolorado\/wp-content\/uploads\/2025\/03\/HA702182-768x512.jpg 768w\" sizes=\"auto, (max-width: 800px) 100vw, 800px\" \/><\/a>\n\t\t\t<\/dt><\/dl><br style=\"clear: both\" \/><dl class='gallery-item'>\n\t\t\t<dt class='gallery-icon landscape'>\n\t\t\t\t<a href='https:\/\/www.colorado.com.br\/nosdacolorado\/wp-content\/uploads\/2025\/03\/HA702194.jpg'><img loading=\"lazy\" decoding=\"async\" data-attachment-id=\"25185\" data-orig-file=\"https:\/\/www.colorado.com.br\/nosdacolorado\/wp-content\/uploads\/2025\/03\/HA702194.jpg\" data-orig-size=\"800,533\" data-comments-opened=\"0\" data-image-meta=\"{&quot;aperture&quot;:&quot;0&quot;,&quot;credit&quot;:&quot;&quot;,&quot;camera&quot;:&quot;&quot;,&quot;caption&quot;:&quot;&quot;,&quot;created_timestamp&quot;:&quot;0&quot;,&quot;copyright&quot;:&quot;&quot;,&quot;focal_length&quot;:&quot;0&quot;,&quot;iso&quot;:&quot;0&quot;,&quot;shutter_speed&quot;:&quot;0&quot;,&quot;title&quot;:&quot;&quot;,&quot;orientation&quot;:&quot;0&quot;,&quot;keywords&quot;:&quot;Array&quot;}\" data-image-title=\"HA702194\" data-image-description=\"\" data-medium-file=\"https:\/\/www.colorado.com.br\/nosdacolorado\/wp-content\/uploads\/2025\/03\/HA702194-300x200.jpg\" data-large-file=\"https:\/\/www.colorado.com.br\/nosdacolorado\/wp-content\/uploads\/2025\/03\/HA702194.jpg\" width=\"800\" height=\"533\" src=\"https:\/\/www.colorado.com.br\/nosdacolorado\/wp-content\/uploads\/2025\/03\/HA702194.jpg\" class=\"attachment-large size-large\" alt=\"\" srcset=\"https:\/\/www.colorado.com.br\/nosdacolorado\/wp-content\/uploads\/2025\/03\/HA702194.jpg 800w, https:\/\/www.colorado.com.br\/nosdacolorado\/wp-content\/uploads\/2025\/03\/HA702194-300x200.jpg 300w, https:\/\/www.colorado.com.br\/nosdacolorado\/wp-content\/uploads\/2025\/03\/HA702194-768x512.jpg 768w\" sizes=\"auto, (max-width: 800px) 100vw, 800px\" \/><\/a>\n\t\t\t<\/dt><\/dl><dl class='gallery-item'>\n\t\t\t<dt class='gallery-icon landscape'>\n\t\t\t\t<a href='https:\/\/www.colorado.com.br\/nosdacolorado\/wp-content\/uploads\/2025\/03\/HA702202.jpg'><img loading=\"lazy\" decoding=\"async\" data-attachment-id=\"25186\" data-orig-file=\"https:\/\/www.colorado.com.br\/nosdacolorado\/wp-content\/uploads\/2025\/03\/HA702202.jpg\" data-orig-size=\"800,533\" data-comments-opened=\"0\" data-image-meta=\"{&quot;aperture&quot;:&quot;0&quot;,&quot;credit&quot;:&quot;&quot;,&quot;camera&quot;:&quot;&quot;,&quot;caption&quot;:&quot;&quot;,&quot;created_timestamp&quot;:&quot;0&quot;,&quot;copyright&quot;:&quot;&quot;,&quot;focal_length&quot;:&quot;0&quot;,&quot;iso&quot;:&quot;0&quot;,&quot;shutter_speed&quot;:&quot;0&quot;,&quot;title&quot;:&quot;&quot;,&quot;orientation&quot;:&quot;0&quot;,&quot;keywords&quot;:&quot;Array&quot;}\" data-image-title=\"HA702202\" data-image-description=\"\" data-medium-file=\"https:\/\/www.colorado.com.br\/nosdacolorado\/wp-content\/uploads\/2025\/03\/HA702202-300x200.jpg\" data-large-file=\"https:\/\/www.colorado.com.br\/nosdacolorado\/wp-content\/uploads\/2025\/03\/HA702202.jpg\" width=\"800\" height=\"533\" src=\"https:\/\/www.colorado.com.br\/nosdacolorado\/wp-content\/uploads\/2025\/03\/HA702202.jpg\" class=\"attachment-large size-large\" alt=\"\" srcset=\"https:\/\/www.colorado.com.br\/nosdacolorado\/wp-content\/uploads\/2025\/03\/HA702202.jpg 800w, https:\/\/www.colorado.com.br\/nosdacolorado\/wp-content\/uploads\/2025\/03\/HA702202-300x200.jpg 300w, https:\/\/www.colorado.com.br\/nosdacolorado\/wp-content\/uploads\/2025\/03\/HA702202-768x512.jpg 768w\" sizes=\"auto, (max-width: 800px) 100vw, 800px\" \/><\/a>\n\t\t\t<\/dt><\/dl><dl class='gallery-item'>\n\t\t\t<dt class='gallery-icon landscape'>\n\t\t\t\t<a href='https:\/\/www.colorado.com.br\/nosdacolorado\/wp-content\/uploads\/2025\/03\/HA702214.jpg'><img loading=\"lazy\" decoding=\"async\" data-attachment-id=\"25187\" data-orig-file=\"https:\/\/www.colorado.com.br\/nosdacolorado\/wp-content\/uploads\/2025\/03\/HA702214.jpg\" data-orig-size=\"800,533\" data-comments-opened=\"0\" data-image-meta=\"{&quot;aperture&quot;:&quot;0&quot;,&quot;credit&quot;:&quot;&quot;,&quot;camera&quot;:&quot;&quot;,&quot;caption&quot;:&quot;&quot;,&quot;created_timestamp&quot;:&quot;0&quot;,&quot;copyright&quot;:&quot;&quot;,&quot;focal_length&quot;:&quot;0&quot;,&quot;iso&quot;:&quot;0&quot;,&quot;shutter_speed&quot;:&quot;0&quot;,&quot;title&quot;:&quot;&quot;,&quot;orientation&quot;:&quot;0&quot;,&quot;keywords&quot;:&quot;Array&quot;}\" data-image-title=\"HA702214\" data-image-description=\"\" data-medium-file=\"https:\/\/www.colorado.com.br\/nosdacolorado\/wp-content\/uploads\/2025\/03\/HA702214-300x200.jpg\" data-large-file=\"https:\/\/www.colorado.com.br\/nosdacolorado\/wp-content\/uploads\/2025\/03\/HA702214.jpg\" width=\"800\" height=\"533\" src=\"https:\/\/www.colorado.com.br\/nosdacolorado\/wp-content\/uploads\/2025\/03\/HA702214.jpg\" class=\"attachment-large size-large\" alt=\"\" srcset=\"https:\/\/www.colorado.com.br\/nosdacolorado\/wp-content\/uploads\/2025\/03\/HA702214.jpg 800w, https:\/\/www.colorado.com.br\/nosdacolorado\/wp-content\/uploads\/2025\/03\/HA702214-300x200.jpg 300w, https:\/\/www.colorado.com.br\/nosdacolorado\/wp-content\/uploads\/2025\/03\/HA702214-768x512.jpg 768w\" sizes=\"auto, (max-width: 800px) 100vw, 800px\" \/><\/a>\n\t\t\t<\/dt><\/dl><br style=\"clear: both\" \/><dl class='gallery-item'>\n\t\t\t<dt class='gallery-icon landscape'>\n\t\t\t\t<a href='https:\/\/www.colorado.com.br\/nosdacolorado\/wp-content\/uploads\/2025\/03\/HA702245.jpg'><img loading=\"lazy\" decoding=\"async\" data-attachment-id=\"25188\" data-orig-file=\"https:\/\/www.colorado.com.br\/nosdacolorado\/wp-content\/uploads\/2025\/03\/HA702245.jpg\" data-orig-size=\"800,533\" data-comments-opened=\"0\" data-image-meta=\"{&quot;aperture&quot;:&quot;0&quot;,&quot;credit&quot;:&quot;&quot;,&quot;camera&quot;:&quot;&quot;,&quot;caption&quot;:&quot;&quot;,&quot;created_timestamp&quot;:&quot;0&quot;,&quot;copyright&quot;:&quot;&quot;,&quot;focal_length&quot;:&quot;0&quot;,&quot;iso&quot;:&quot;0&quot;,&quot;shutter_speed&quot;:&quot;0&quot;,&quot;title&quot;:&quot;&quot;,&quot;orientation&quot;:&quot;0&quot;,&quot;keywords&quot;:&quot;Array&quot;}\" data-image-title=\"HA702245\" data-image-description=\"\" data-medium-file=\"https:\/\/www.colorado.com.br\/nosdacolorado\/wp-content\/uploads\/2025\/03\/HA702245-300x200.jpg\" data-large-file=\"https:\/\/www.colorado.com.br\/nosdacolorado\/wp-content\/uploads\/2025\/03\/HA702245.jpg\" width=\"800\" height=\"533\" src=\"https:\/\/www.colorado.com.br\/nosdacolorado\/wp-content\/uploads\/2025\/03\/HA702245.jpg\" class=\"attachment-large size-large\" alt=\"\" srcset=\"https:\/\/www.colorado.com.br\/nosdacolorado\/wp-content\/uploads\/2025\/03\/HA702245.jpg 800w, https:\/\/www.colorado.com.br\/nosdacolorado\/wp-content\/uploads\/2025\/03\/HA702245-300x200.jpg 300w, https:\/\/www.colorado.com.br\/nosdacolorado\/wp-content\/uploads\/2025\/03\/HA702245-768x512.jpg 768w\" sizes=\"auto, (max-width: 800px) 100vw, 800px\" \/><\/a>\n\t\t\t<\/dt><\/dl><dl class='gallery-item'>\n\t\t\t<dt class='gallery-icon landscape'>\n\t\t\t\t<a href='https:\/\/www.colorado.com.br\/nosdacolorado\/wp-content\/uploads\/2025\/03\/HA702249.jpg'><img loading=\"lazy\" decoding=\"async\" data-attachment-id=\"25189\" data-orig-file=\"https:\/\/www.colorado.com.br\/nosdacolorado\/wp-content\/uploads\/2025\/03\/HA702249.jpg\" data-orig-size=\"800,533\" data-comments-opened=\"0\" data-image-meta=\"{&quot;aperture&quot;:&quot;0&quot;,&quot;credit&quot;:&quot;&quot;,&quot;camera&quot;:&quot;&quot;,&quot;caption&quot;:&quot;&quot;,&quot;created_timestamp&quot;:&quot;0&quot;,&quot;copyright&quot;:&quot;&quot;,&quot;focal_length&quot;:&quot;0&quot;,&quot;iso&quot;:&quot;0&quot;,&quot;shutter_speed&quot;:&quot;0&quot;,&quot;title&quot;:&quot;&quot;,&quot;orientation&quot;:&quot;0&quot;,&quot;keywords&quot;:&quot;Array&quot;}\" data-image-title=\"HA702249\" data-image-description=\"\" data-medium-file=\"https:\/\/www.colorado.com.br\/nosdacolorado\/wp-content\/uploads\/2025\/03\/HA702249-300x200.jpg\" data-large-file=\"https:\/\/www.colorado.com.br\/nosdacolorado\/wp-content\/uploads\/2025\/03\/HA702249.jpg\" width=\"800\" height=\"533\" src=\"https:\/\/www.colorado.com.br\/nosdacolorado\/wp-content\/uploads\/2025\/03\/HA702249.jpg\" class=\"attachment-large size-large\" alt=\"\" srcset=\"https:\/\/www.colorado.com.br\/nosdacolorado\/wp-content\/uploads\/2025\/03\/HA702249.jpg 800w, https:\/\/www.colorado.com.br\/nosdacolorado\/wp-content\/uploads\/2025\/03\/HA702249-300x200.jpg 300w, https:\/\/www.colorado.com.br\/nosdacolorado\/wp-content\/uploads\/2025\/03\/HA702249-768x512.jpg 768w\" sizes=\"auto, (max-width: 800px) 100vw, 800px\" \/><\/a>\n\t\t\t<\/dt><\/dl><dl class='gallery-item'>\n\t\t\t<dt class='gallery-icon landscape'>\n\t\t\t\t<a href='https:\/\/www.colorado.com.br\/nosdacolorado\/wp-content\/uploads\/2025\/03\/HA7022022.jpg'><img loading=\"lazy\" decoding=\"async\" data-attachment-id=\"25190\" data-orig-file=\"https:\/\/www.colorado.com.br\/nosdacolorado\/wp-content\/uploads\/2025\/03\/HA7022022.jpg\" data-orig-size=\"800,533\" data-comments-opened=\"0\" data-image-meta=\"{&quot;aperture&quot;:&quot;0&quot;,&quot;credit&quot;:&quot;&quot;,&quot;camera&quot;:&quot;&quot;,&quot;caption&quot;:&quot;&quot;,&quot;created_timestamp&quot;:&quot;0&quot;,&quot;copyright&quot;:&quot;&quot;,&quot;focal_length&quot;:&quot;0&quot;,&quot;iso&quot;:&quot;0&quot;,&quot;shutter_speed&quot;:&quot;0&quot;,&quot;title&quot;:&quot;&quot;,&quot;orientation&quot;:&quot;0&quot;,&quot;keywords&quot;:&quot;Array&quot;}\" data-image-title=\"HA7022022\" data-image-description=\"\" data-medium-file=\"https:\/\/www.colorado.com.br\/nosdacolorado\/wp-content\/uploads\/2025\/03\/HA7022022-300x200.jpg\" data-large-file=\"https:\/\/www.colorado.com.br\/nosdacolorado\/wp-content\/uploads\/2025\/03\/HA7022022.jpg\" width=\"800\" height=\"533\" src=\"https:\/\/www.colorado.com.br\/nosdacolorado\/wp-content\/uploads\/2025\/03\/HA7022022.jpg\" class=\"attachment-large size-large\" alt=\"\" srcset=\"https:\/\/www.colorado.com.br\/nosdacolorado\/wp-content\/uploads\/2025\/03\/HA7022022.jpg 800w, https:\/\/www.colorado.com.br\/nosdacolorado\/wp-content\/uploads\/2025\/03\/HA7022022-300x200.jpg 300w, https:\/\/www.colorado.com.br\/nosdacolorado\/wp-content\/uploads\/2025\/03\/HA7022022-768x512.jpg 768w\" sizes=\"auto, (max-width: 800px) 100vw, 800px\" \/><\/a>\n\t\t\t<\/dt><\/dl><br style=\"clear: both\" \/>\n\t\t<\/div>\n\n","protected":false},"excerpt":{"rendered":"<p>Profissionais do Departamento de Sa\u00fade do Grupo Colorado marcaram presen\u00e7a no lan\u00e7amento da campanha de combate ao c\u00e2ncer do colo do \u00fatero, o Mar\u00e7o Lil\u00e1s, promovida pelo Hospital de Amor&#8230;.<\/p>\n","protected":false},"author":1,"featured_media":25175,"comment_status":"closed","ping_status":"open","sticky":false,"template":"","format":"standard","meta":{"footnotes":""},"categories":[11],"tags":[],"class_list":{"0":"post-25174","1":"post","2":"type-post","3":"status-publish","4":"format-standard","5":"has-post-thumbnail","7":"category-acontece-na-colorado"},"_links":{"self":[{"href":"https:\/\/www.colorado.com.br\/nosdacolorado\/wp-json\/wp\/v2\/posts\/25174","targetHints":{"allow":["GET"]}}],"collection":[{"href":"https:\/\/www.colorado.com.br\/nosdacolorado\/wp-json\/wp\/v2\/posts"}],"about":[{"href":"https:\/\/www.colorado.com.br\/nosdacolorado\/wp-json\/wp\/v2\/types\/post"}],"author":[{"embeddable":true,"href":"https:\/\/www.colorado.com.br\/nosdacolorado\/wp-json\/wp\/v2\/users\/1"}],"replies":[{"embeddable":true,"href":"https:\/\/www.colorado.com.br\/nosdacolorado\/wp-json\/wp\/v2\/comments?post=25174"}],"version-history":[{"count":1,"href":"https:\/\/www.colorado.com.br\/nosdacolorado\/wp-json\/wp\/v2\/posts\/25174\/revisions"}],"predecessor-version":[{"id":25191,"href":"https:\/\/www.colorado.com.br\/nosdacolorado\/wp-json\/wp\/v2\/posts\/25174\/revisions\/25191"}],"wp:featuredmedia":[{"embeddable":true,"href":"https:\/\/www.colorado.com.br\/nosdacolorado\/wp-json\/wp\/v2\/media\/25175"}],"wp:attachment":[{"href":"https:\/\/www.colorado.com.br\/nosdacolorado\/wp-json\/wp\/v2\/media?parent=25174"}],"wp:term":[{"taxonomy":"category","embeddable":true,"href":"https:\/\/www.colorado.com.br\/nosdacolorado\/wp-json\/wp\/v2\/categories?post=25174"},{"taxonomy":"post_tag","embeddable":true,"href":"https:\/\/www.colorado.com.br\/nosdacolorado\/wp-json\/wp\/v2\/tags?post=25174"}],"curies":[{"name":"wp","href":"https:\/\/api.w.org\/{rel}","templated":true}]}}