{"id":25256,"date":"2025-05-11T07:12:42","date_gmt":"2025-05-11T10:12:42","guid":{"rendered":"https:\/\/www.colorado.com.br\/nosdacolorado\/?p=25256"},"modified":"2026-02-27T10:13:39","modified_gmt":"2026-02-27T13:13:39","slug":"dia-das-maes","status":"publish","type":"post","link":"https:\/\/www.colorado.com.br\/nosdacolorado\/dia-das-maes\/","title":{"rendered":"Dia das M\u00e3es"},"content":{"rendered":"<p><a href=\"https:\/\/www.colorado.com.br\/nosdacolorado\/wp-content\/uploads\/2025\/05\/dia-das-maes-7-2-min.png\" rel=\"prettyPhoto[gallery-DmKm]\"><img loading=\"lazy\" decoding=\"async\" class=\"aligncenter wp-image-25249 size-large\" src=\"https:\/\/www.colorado.com.br\/nosdacolorado\/wp-content\/uploads\/2025\/05\/dia-das-maes-7-2-min.png\" alt=\"\" width=\"819\" height=\"1024\" \/><\/a><\/p>\n<p style=\"text-align: center;\">Cada um de n\u00f3s carrega um significado e uma lembran\u00e7a diferentes de nossas m\u00e3es. Para alguns, m\u00e3e \u00e9 m\u00fasica, \u00e9 cheirinho de comida fresca, de um endere\u00e7o definido. M\u00e3e que cuida, que ampara, que chama a aten\u00e7\u00e3o. M\u00e3e que vive dentro da gente&#8230; Para todas as m\u00e3es, felicidades em seu dia!<\/p>\n","protected":false},"excerpt":{"rendered":"<p>Cada um de n\u00f3s carrega um significado e uma lembran\u00e7a diferentes de nossas m\u00e3es. Para alguns, m\u00e3e \u00e9 m\u00fasica, \u00e9 cheirinho de comida fresca, de um endere\u00e7o definido. M\u00e3e que&#8230;<\/p>\n","protected":false},"author":2,"featured_media":25258,"comment_status":"closed","ping_status":"open","sticky":false,"template":"","format":"standard","meta":{"footnotes":""},"categories":[11],"tags":[],"class_list":{"0":"post-25256","1":"post","2":"type-post","3":"status-publish","4":"format-standard","5":"has-post-thumbnail","7":"category-acontece-na-colorado"},"_links":{"self":[{"href":"https:\/\/www.colorado.com.br\/nosdacolorado\/wp-json\/wp\/v2\/posts\/25256","targetHints":{"allow":["GET"]}}],"collection":[{"href":"https:\/\/www.colorado.com.br\/nosdacolorado\/wp-json\/wp\/v2\/posts"}],"about":[{"href":"https:\/\/www.colorado.com.br\/nosdacolorado\/wp-json\/wp\/v2\/types\/post"}],"author":[{"embeddable":true,"href":"https:\/\/www.colorado.com.br\/nosdacolorado\/wp-json\/wp\/v2\/users\/2"}],"replies":[{"embeddable":true,"href":"https:\/\/www.colorado.com.br\/nosdacolorado\/wp-json\/wp\/v2\/comments?post=25256"}],"version-history":[{"count":1,"href":"https:\/\/www.colorado.com.br\/nosdacolorado\/wp-json\/wp\/v2\/posts\/25256\/revisions"}],"predecessor-version":[{"id":25259,"href":"https:\/\/www.colorado.com.br\/nosdacolorado\/wp-json\/wp\/v2\/posts\/25256\/revisions\/25259"}],"wp:featuredmedia":[{"embeddable":true,"href":"https:\/\/www.colorado.com.br\/nosdacolorado\/wp-json\/wp\/v2\/media\/25258"}],"wp:attachment":[{"href":"https:\/\/www.colorado.com.br\/nosdacolorado\/wp-json\/wp\/v2\/media?parent=25256"}],"wp:term":[{"taxonomy":"category","embeddable":true,"href":"https:\/\/www.colorado.com.br\/nosdacolorado\/wp-json\/wp\/v2\/categories?post=25256"},{"taxonomy":"post_tag","embeddable":true,"href":"https:\/\/www.colorado.com.br\/nosdacolorado\/wp-json\/wp\/v2\/tags?post=25256"}],"curies":[{"name":"wp","href":"https:\/\/api.w.org\/{rel}","templated":true}]}}