{"id":25282,"date":"2025-06-05T08:00:09","date_gmt":"2025-06-05T11:00:09","guid":{"rendered":"https:\/\/www.colorado.com.br\/nosdacolorado\/?p=25282"},"modified":"2026-02-27T10:13:39","modified_gmt":"2026-02-27T13:13:39","slug":"semana-do-meio-ambiente","status":"publish","type":"post","link":"https:\/\/www.colorado.com.br\/nosdacolorado\/semana-do-meio-ambiente\/","title":{"rendered":"Semana do Meio Ambiente"},"content":{"rendered":"<p><img loading=\"lazy\" decoding=\"async\" class=\"aligncenter size-large wp-image-25283\" src=\"https:\/\/www.colorado.com.br\/nosdacolorado\/wp-content\/uploads\/2025\/06\/WhatsApp-Image-2025-06-04-at-17.30.04-819x1024.jpeg\" alt=\"\" width=\"819\" height=\"1024\" srcset=\"https:\/\/www.colorado.com.br\/nosdacolorado\/wp-content\/uploads\/2025\/06\/WhatsApp-Image-2025-06-04-at-17.30.04-819x1024.jpeg 819w, https:\/\/www.colorado.com.br\/nosdacolorado\/wp-content\/uploads\/2025\/06\/WhatsApp-Image-2025-06-04-at-17.30.04-240x300.jpeg 240w, https:\/\/www.colorado.com.br\/nosdacolorado\/wp-content\/uploads\/2025\/06\/WhatsApp-Image-2025-06-04-at-17.30.04-768x960.jpeg 768w, https:\/\/www.colorado.com.br\/nosdacolorado\/wp-content\/uploads\/2025\/06\/WhatsApp-Image-2025-06-04-at-17.30.04-1229x1536.jpeg 1229w, https:\/\/www.colorado.com.br\/nosdacolorado\/wp-content\/uploads\/2025\/06\/WhatsApp-Image-2025-06-04-at-17.30.04.jpeg 1280w\" sizes=\"auto, (max-width: 819px) 100vw, 819px\" \/><\/p>\n\n\t\t<style type=\"text\/css\">\n\t\t\t#gallery-1 {\n\t\t\t\tmargin: auto;\n\t\t\t}\n\t\t\t#gallery-1 .gallery-item {\n\t\t\t\tfloat: left;\n\t\t\t\tmargin-top: 10px;\n\t\t\t\ttext-align: center;\n\t\t\t\twidth: 25%;\n\t\t\t}\n\t\t\t#gallery-1 img {\n\t\t\t\tborder: 2px solid #cfcfcf;\n\t\t\t}\n\t\t\t#gallery-1 .gallery-caption {\n\t\t\t\tmargin-left: 0;\n\t\t\t}\n\t\t\t\/* see gallery_shortcode() in wp-includes\/media.php *\/\n\t\t<\/style>\n\t\t<div data-carousel-extra='{\"blog_id\":1,\"permalink\":\"https:\\\/\\\/www.colorado.com.br\\\/nosdacolorado\\\/semana-do-meio-ambiente\\\/\"}' id='gallery-1' class='gallery galleryid-25282 gallery-columns-4 gallery-size-large'><dl class='gallery-item'>\n\t\t\t<dt class='gallery-icon portrait'>\n\t\t\t\t<a href='https:\/\/www.colorado.com.br\/nosdacolorado\/wp-content\/uploads\/2025\/06\/WhatsApp-Image-2025-06-04-at-17.30.05.jpeg'><img loading=\"lazy\" decoding=\"async\" data-attachment-id=\"25287\" data-orig-file=\"https:\/\/www.colorado.com.br\/nosdacolorado\/wp-content\/uploads\/2025\/06\/WhatsApp-Image-2025-06-04-at-17.30.05.jpeg\" data-orig-size=\"1280,1600\" data-comments-opened=\"0\" data-image-meta=\"{&quot;aperture&quot;:&quot;0&quot;,&quot;credit&quot;:&quot;&quot;,&quot;camera&quot;:&quot;&quot;,&quot;caption&quot;:&quot;&quot;,&quot;created_timestamp&quot;:&quot;0&quot;,&quot;copyright&quot;:&quot;&quot;,&quot;focal_length&quot;:&quot;0&quot;,&quot;iso&quot;:&quot;0&quot;,&quot;shutter_speed&quot;:&quot;0&quot;,&quot;title&quot;:&quot;&quot;,&quot;orientation&quot;:&quot;0&quot;,&quot;keywords&quot;:&quot;Array&quot;}\" data-image-title=\"WhatsApp Image 2025-06-04 at 17.30.05\" data-image-description=\"\" data-medium-file=\"https:\/\/www.colorado.com.br\/nosdacolorado\/wp-content\/uploads\/2025\/06\/WhatsApp-Image-2025-06-04-at-17.30.05-240x300.jpeg\" data-large-file=\"https:\/\/www.colorado.com.br\/nosdacolorado\/wp-content\/uploads\/2025\/06\/WhatsApp-Image-2025-06-04-at-17.30.05-819x1024.jpeg\" width=\"819\" height=\"1024\" src=\"https:\/\/www.colorado.com.br\/nosdacolorado\/wp-content\/uploads\/2025\/06\/WhatsApp-Image-2025-06-04-at-17.30.05-819x1024.jpeg\" class=\"attachment-large size-large\" alt=\"\" srcset=\"https:\/\/www.colorado.com.br\/nosdacolorado\/wp-content\/uploads\/2025\/06\/WhatsApp-Image-2025-06-04-at-17.30.05-819x1024.jpeg 819w, https:\/\/www.colorado.com.br\/nosdacolorado\/wp-content\/uploads\/2025\/06\/WhatsApp-Image-2025-06-04-at-17.30.05-240x300.jpeg 240w, https:\/\/www.colorado.com.br\/nosdacolorado\/wp-content\/uploads\/2025\/06\/WhatsApp-Image-2025-06-04-at-17.30.05-768x960.jpeg 768w, https:\/\/www.colorado.com.br\/nosdacolorado\/wp-content\/uploads\/2025\/06\/WhatsApp-Image-2025-06-04-at-17.30.05-1229x1536.jpeg 1229w, https:\/\/www.colorado.com.br\/nosdacolorado\/wp-content\/uploads\/2025\/06\/WhatsApp-Image-2025-06-04-at-17.30.05.jpeg 1280w\" sizes=\"auto, (max-width: 819px) 100vw, 819px\" \/><\/a>\n\t\t\t<\/dt><\/dl><dl class='gallery-item'>\n\t\t\t<dt class='gallery-icon portrait'>\n\t\t\t\t<a href='https:\/\/www.colorado.com.br\/nosdacolorado\/wp-content\/uploads\/2025\/06\/WhatsApp-Image-2025-06-04-at-17.30.05-1.jpeg'><img loading=\"lazy\" decoding=\"async\" data-attachment-id=\"25284\" data-orig-file=\"https:\/\/www.colorado.com.br\/nosdacolorado\/wp-content\/uploads\/2025\/06\/WhatsApp-Image-2025-06-04-at-17.30.05-1.jpeg\" data-orig-size=\"1280,1600\" data-comments-opened=\"0\" data-image-meta=\"{&quot;aperture&quot;:&quot;0&quot;,&quot;credit&quot;:&quot;&quot;,&quot;camera&quot;:&quot;&quot;,&quot;caption&quot;:&quot;&quot;,&quot;created_timestamp&quot;:&quot;0&quot;,&quot;copyright&quot;:&quot;&quot;,&quot;focal_length&quot;:&quot;0&quot;,&quot;iso&quot;:&quot;0&quot;,&quot;shutter_speed&quot;:&quot;0&quot;,&quot;title&quot;:&quot;&quot;,&quot;orientation&quot;:&quot;0&quot;,&quot;keywords&quot;:&quot;Array&quot;}\" data-image-title=\"WhatsApp Image 2025-06-04 at 17.30.05 (1)\" data-image-description=\"\" data-medium-file=\"https:\/\/www.colorado.com.br\/nosdacolorado\/wp-content\/uploads\/2025\/06\/WhatsApp-Image-2025-06-04-at-17.30.05-1-240x300.jpeg\" data-large-file=\"https:\/\/www.colorado.com.br\/nosdacolorado\/wp-content\/uploads\/2025\/06\/WhatsApp-Image-2025-06-04-at-17.30.05-1-819x1024.jpeg\" width=\"819\" height=\"1024\" src=\"https:\/\/www.colorado.com.br\/nosdacolorado\/wp-content\/uploads\/2025\/06\/WhatsApp-Image-2025-06-04-at-17.30.05-1-819x1024.jpeg\" class=\"attachment-large size-large\" alt=\"\" srcset=\"https:\/\/www.colorado.com.br\/nosdacolorado\/wp-content\/uploads\/2025\/06\/WhatsApp-Image-2025-06-04-at-17.30.05-1-819x1024.jpeg 819w, https:\/\/www.colorado.com.br\/nosdacolorado\/wp-content\/uploads\/2025\/06\/WhatsApp-Image-2025-06-04-at-17.30.05-1-240x300.jpeg 240w, https:\/\/www.colorado.com.br\/nosdacolorado\/wp-content\/uploads\/2025\/06\/WhatsApp-Image-2025-06-04-at-17.30.05-1-768x960.jpeg 768w, https:\/\/www.colorado.com.br\/nosdacolorado\/wp-content\/uploads\/2025\/06\/WhatsApp-Image-2025-06-04-at-17.30.05-1-1229x1536.jpeg 1229w, https:\/\/www.colorado.com.br\/nosdacolorado\/wp-content\/uploads\/2025\/06\/WhatsApp-Image-2025-06-04-at-17.30.05-1.jpeg 1280w\" sizes=\"auto, (max-width: 819px) 100vw, 819px\" \/><\/a>\n\t\t\t<\/dt><\/dl><dl class='gallery-item'>\n\t\t\t<dt class='gallery-icon portrait'>\n\t\t\t\t<a href='https:\/\/www.colorado.com.br\/nosdacolorado\/wp-content\/uploads\/2025\/06\/WhatsApp-Image-2025-06-04-at-17.30.05-2.jpeg'><img loading=\"lazy\" decoding=\"async\" data-attachment-id=\"25285\" data-orig-file=\"https:\/\/www.colorado.com.br\/nosdacolorado\/wp-content\/uploads\/2025\/06\/WhatsApp-Image-2025-06-04-at-17.30.05-2.jpeg\" data-orig-size=\"1280,1600\" data-comments-opened=\"0\" data-image-meta=\"{&quot;aperture&quot;:&quot;0&quot;,&quot;credit&quot;:&quot;&quot;,&quot;camera&quot;:&quot;&quot;,&quot;caption&quot;:&quot;&quot;,&quot;created_timestamp&quot;:&quot;0&quot;,&quot;copyright&quot;:&quot;&quot;,&quot;focal_length&quot;:&quot;0&quot;,&quot;iso&quot;:&quot;0&quot;,&quot;shutter_speed&quot;:&quot;0&quot;,&quot;title&quot;:&quot;&quot;,&quot;orientation&quot;:&quot;0&quot;,&quot;keywords&quot;:&quot;Array&quot;}\" data-image-title=\"WhatsApp Image 2025-06-04 at 17.30.05 (2)\" data-image-description=\"\" data-medium-file=\"https:\/\/www.colorado.com.br\/nosdacolorado\/wp-content\/uploads\/2025\/06\/WhatsApp-Image-2025-06-04-at-17.30.05-2-240x300.jpeg\" data-large-file=\"https:\/\/www.colorado.com.br\/nosdacolorado\/wp-content\/uploads\/2025\/06\/WhatsApp-Image-2025-06-04-at-17.30.05-2-819x1024.jpeg\" width=\"819\" height=\"1024\" src=\"https:\/\/www.colorado.com.br\/nosdacolorado\/wp-content\/uploads\/2025\/06\/WhatsApp-Image-2025-06-04-at-17.30.05-2-819x1024.jpeg\" class=\"attachment-large size-large\" alt=\"\" srcset=\"https:\/\/www.colorado.com.br\/nosdacolorado\/wp-content\/uploads\/2025\/06\/WhatsApp-Image-2025-06-04-at-17.30.05-2-819x1024.jpeg 819w, https:\/\/www.colorado.com.br\/nosdacolorado\/wp-content\/uploads\/2025\/06\/WhatsApp-Image-2025-06-04-at-17.30.05-2-240x300.jpeg 240w, https:\/\/www.colorado.com.br\/nosdacolorado\/wp-content\/uploads\/2025\/06\/WhatsApp-Image-2025-06-04-at-17.30.05-2-768x960.jpeg 768w, https:\/\/www.colorado.com.br\/nosdacolorado\/wp-content\/uploads\/2025\/06\/WhatsApp-Image-2025-06-04-at-17.30.05-2-1229x1536.jpeg 1229w, https:\/\/www.colorado.com.br\/nosdacolorado\/wp-content\/uploads\/2025\/06\/WhatsApp-Image-2025-06-04-at-17.30.05-2.jpeg 1280w\" sizes=\"auto, (max-width: 819px) 100vw, 819px\" \/><\/a>\n\t\t\t<\/dt><\/dl><dl class='gallery-item'>\n\t\t\t<dt class='gallery-icon portrait'>\n\t\t\t\t<a href='https:\/\/www.colorado.com.br\/nosdacolorado\/wp-content\/uploads\/2025\/06\/WhatsApp-Image-2025-06-04-at-17.30.05-3.jpeg'><img loading=\"lazy\" decoding=\"async\" data-attachment-id=\"25286\" data-orig-file=\"https:\/\/www.colorado.com.br\/nosdacolorado\/wp-content\/uploads\/2025\/06\/WhatsApp-Image-2025-06-04-at-17.30.05-3.jpeg\" data-orig-size=\"1280,1600\" data-comments-opened=\"0\" data-image-meta=\"{&quot;aperture&quot;:&quot;0&quot;,&quot;credit&quot;:&quot;&quot;,&quot;camera&quot;:&quot;&quot;,&quot;caption&quot;:&quot;&quot;,&quot;created_timestamp&quot;:&quot;0&quot;,&quot;copyright&quot;:&quot;&quot;,&quot;focal_length&quot;:&quot;0&quot;,&quot;iso&quot;:&quot;0&quot;,&quot;shutter_speed&quot;:&quot;0&quot;,&quot;title&quot;:&quot;&quot;,&quot;orientation&quot;:&quot;0&quot;,&quot;keywords&quot;:&quot;Array&quot;}\" data-image-title=\"WhatsApp Image 2025-06-04 at 17.30.05 (3)\" data-image-description=\"\" data-medium-file=\"https:\/\/www.colorado.com.br\/nosdacolorado\/wp-content\/uploads\/2025\/06\/WhatsApp-Image-2025-06-04-at-17.30.05-3-240x300.jpeg\" data-large-file=\"https:\/\/www.colorado.com.br\/nosdacolorado\/wp-content\/uploads\/2025\/06\/WhatsApp-Image-2025-06-04-at-17.30.05-3-819x1024.jpeg\" width=\"819\" height=\"1024\" src=\"https:\/\/www.colorado.com.br\/nosdacolorado\/wp-content\/uploads\/2025\/06\/WhatsApp-Image-2025-06-04-at-17.30.05-3-819x1024.jpeg\" class=\"attachment-large size-large\" alt=\"\" srcset=\"https:\/\/www.colorado.com.br\/nosdacolorado\/wp-content\/uploads\/2025\/06\/WhatsApp-Image-2025-06-04-at-17.30.05-3-819x1024.jpeg 819w, https:\/\/www.colorado.com.br\/nosdacolorado\/wp-content\/uploads\/2025\/06\/WhatsApp-Image-2025-06-04-at-17.30.05-3-240x300.jpeg 240w, https:\/\/www.colorado.com.br\/nosdacolorado\/wp-content\/uploads\/2025\/06\/WhatsApp-Image-2025-06-04-at-17.30.05-3-768x960.jpeg 768w, https:\/\/www.colorado.com.br\/nosdacolorado\/wp-content\/uploads\/2025\/06\/WhatsApp-Image-2025-06-04-at-17.30.05-3-1229x1536.jpeg 1229w, https:\/\/www.colorado.com.br\/nosdacolorado\/wp-content\/uploads\/2025\/06\/WhatsApp-Image-2025-06-04-at-17.30.05-3.jpeg 1280w\" sizes=\"auto, (max-width: 819px) 100vw, 819px\" \/><\/a>\n\t\t\t<\/dt><\/dl><br style=\"clear: both\" \/>\n\t\t<\/div>\n\n<p>Reafirmamos nosso compromisso com a sustentabilidade e a inova\u00e7\u00e3o. Somos parte da solu\u00e7\u00e3o para um futuro mais verde, produzindo energia limpa e renov\u00e1vel que impulsiona o Brasil e combate as mudan\u00e7as clim\u00e1ticas. Deslize para saber como!<\/p>\n<p style=\"text-align: center;\">#GrupoColorado #SemanadoMeioAmbiente #NossaGente #Sustentabilidade #CompromissoComOFuturo #Inova\u00e7\u00e3o #MeioAmbiente<\/p>\n","protected":false},"excerpt":{"rendered":"<p>Reafirmamos nosso compromisso com a sustentabilidade e a inova\u00e7\u00e3o. Somos parte da solu\u00e7\u00e3o para um futuro mais verde, produzindo energia limpa e renov\u00e1vel que impulsiona o Brasil e combate as&#8230;<\/p>\n","protected":false},"author":1,"featured_media":25288,"comment_status":"closed","ping_status":"open","sticky":false,"template":"","format":"standard","meta":{"footnotes":""},"categories":[11],"tags":[],"class_list":{"0":"post-25282","1":"post","2":"type-post","3":"status-publish","4":"format-standard","5":"has-post-thumbnail","7":"category-acontece-na-colorado"},"_links":{"self":[{"href":"https:\/\/www.colorado.com.br\/nosdacolorado\/wp-json\/wp\/v2\/posts\/25282","targetHints":{"allow":["GET"]}}],"collection":[{"href":"https:\/\/www.colorado.com.br\/nosdacolorado\/wp-json\/wp\/v2\/posts"}],"about":[{"href":"https:\/\/www.colorado.com.br\/nosdacolorado\/wp-json\/wp\/v2\/types\/post"}],"author":[{"embeddable":true,"href":"https:\/\/www.colorado.com.br\/nosdacolorado\/wp-json\/wp\/v2\/users\/1"}],"replies":[{"embeddable":true,"href":"https:\/\/www.colorado.com.br\/nosdacolorado\/wp-json\/wp\/v2\/comments?post=25282"}],"version-history":[{"count":1,"href":"https:\/\/www.colorado.com.br\/nosdacolorado\/wp-json\/wp\/v2\/posts\/25282\/revisions"}],"predecessor-version":[{"id":25289,"href":"https:\/\/www.colorado.com.br\/nosdacolorado\/wp-json\/wp\/v2\/posts\/25282\/revisions\/25289"}],"wp:featuredmedia":[{"embeddable":true,"href":"https:\/\/www.colorado.com.br\/nosdacolorado\/wp-json\/wp\/v2\/media\/25288"}],"wp:attachment":[{"href":"https:\/\/www.colorado.com.br\/nosdacolorado\/wp-json\/wp\/v2\/media?parent=25282"}],"wp:term":[{"taxonomy":"category","embeddable":true,"href":"https:\/\/www.colorado.com.br\/nosdacolorado\/wp-json\/wp\/v2\/categories?post=25282"},{"taxonomy":"post_tag","embeddable":true,"href":"https:\/\/www.colorado.com.br\/nosdacolorado\/wp-json\/wp\/v2\/tags?post=25282"}],"curies":[{"name":"wp","href":"https:\/\/api.w.org\/{rel}","templated":true}]}}