{"id":25464,"date":"2025-10-23T15:21:45","date_gmt":"2025-10-23T18:21:45","guid":{"rendered":"https:\/\/www.colorado.com.br\/nosdacolorado\/?p=25464"},"modified":"2026-02-27T10:13:39","modified_gmt":"2026-02-27T13:13:39","slug":"no-mes-das-criancas-grupo-colorado-lanca-concurso-de-desenho-para-filhos-de-colaboradores","status":"publish","type":"post","link":"https:\/\/www.colorado.com.br\/nosdacolorado\/no-mes-das-criancas-grupo-colorado-lanca-concurso-de-desenho-para-filhos-de-colaboradores\/","title":{"rendered":"No m\u00eas das crian\u00e7as, Grupo Colorado lan\u00e7a Concurso de Desenho para filhos de colaboradores"},"content":{"rendered":"<h2 style=\"text-align: center;\"><em>Com o tema \u201cNatal: a doce m\u00e1gica de transformar o mundo num lugar melhor\u201d, <\/em><em>o desenho selecionado estampar\u00e1 o Cart\u00e3o de Natal 2025<\/em><\/h2>\n<div id=\"attachment_25465\" style=\"width: 810px\" class=\"wp-caption aligncenter\"><img loading=\"lazy\" decoding=\"async\" aria-describedby=\"caption-attachment-25465\" class=\"wp-image-25465 size-full\" src=\"https:\/\/www.colorado.com.br\/nosdacolorado\/wp-content\/uploads\/2025\/10\/IMG_0502.jpg\" alt=\"\" width=\"800\" height=\"600\" srcset=\"https:\/\/www.colorado.com.br\/nosdacolorado\/wp-content\/uploads\/2025\/10\/IMG_0502.jpg 800w, https:\/\/www.colorado.com.br\/nosdacolorado\/wp-content\/uploads\/2025\/10\/IMG_0502-300x225.jpg 300w, https:\/\/www.colorado.com.br\/nosdacolorado\/wp-content\/uploads\/2025\/10\/IMG_0502-768x576.jpg 768w\" sizes=\"auto, (max-width: 800px) 100vw, 800px\" \/><p id=\"caption-attachment-25465\" class=\"wp-caption-text\">A diretora Josimara com o vencedor do concurso de 2024, Luis Gustavo, filho da colaboradora da Central Energ\u00e9tica<br \/>Morrinhos \u2013 CEM, Charlene Souza dos Santos Rodrigues.<\/p><\/div>\n<p>O Grupo Colorado anuncia a abertura das inscri\u00e7\u00f5es para o seu 2\u00ba Concurso de Desenho, exclusivo para filhos de colaboradores de suas empresas a participarem da cria\u00e7\u00e3o do Cart\u00e3o de Natal da empresa para 2025.<\/p>\n<p>O tema escolhido para este ano \u00e9 \u201cNatal: a doce m\u00e1gica de transformar o mundo num lugar melhor\u201d. O concurso \u00e9 gratuito e voltado para filhos, filhas e enteados de colaboradores do Grupo Colorado, desde que sejam dependentes legais,e\u00a0 que estejam \u00a0cursando do 6\u00ba ao 9\u00ba ano da rede oficial de ensino.<\/p>\n<p>O autor do desenho escolhido receber\u00e1 um pr\u00eamio no valor de R$ 1.600,00 em dinheiro. Al\u00e9m disso, todos os participantes receber\u00e3o um certificado digital de participa\u00e7\u00e3o.<\/p>\n<p><strong>Inscri\u00e7\u00f5es a partir de 13 de outubro<\/strong><\/p>\n<p>O cronograma prev\u00ea a abertura das inscri\u00e7\u00f5es para o dia 13 de outubro de 2025, com o encerramento no dia 31 de outubro. O processo de sele\u00e7\u00e3o ser\u00e1 composto por duas fases: a vota\u00e7\u00e3o p\u00fablica ocorre na 1\u00aa Fase: os desenhos ser\u00e3o expostos no site &#8220;N\u00f3s da Colorado&#8221; para vota\u00e7\u00e3o do p\u00fablico, que poder\u00e1 votar uma \u00fanica vez entre 1\u00ba e 16 de novembro.<\/p>\n<p>J\u00e1 a segunda fase prev\u00ea que a comiss\u00e3o julgadora avaliar\u00e1 os finalistas com base em crit\u00e9rios como Adequa\u00e7\u00e3o ao Tema, Transmiss\u00e3o da Mensagem, Criatividade e Qualidade T\u00e9cnica.<\/p>\n<p>O resultado ser\u00e1 divulgado aos participantes por e-mail no dia 21 de novembro e, no dia seguinte, 22 de novembro, no site e m\u00eddias sociais do Grupo Colorado. O Cart\u00e3o de Natal oficial, com a arte vencedora, ser\u00e1 lan\u00e7ado em 1\u00ba de dezembro de 2025.<\/p>\n<p>Os desenhos devem ser feitos \u00e0 m\u00e3o, em papel tamanho A4 (paisagem), com t\u00e9cnicas livres de cria\u00e7\u00e3o, e cada participante pode concorrer com at\u00e9 tr\u00eas desenhos.<\/p>\n<p>O desenho poder\u00e1 ser enviado\/entregue em envelope com identifica\u00e7\u00e3o no Departamento de Comunica\u00e7\u00e3o do Grupo Colorado, em m\u00e3os ou via correios.<\/p>\n<p>Os locais de entrega s\u00e3o:<\/p>\n<ul>\n<li>Usina Colorado: Departamento de Comunica\u00e7\u00e3o do Escrit\u00f3rio Central &#8211; Elaine e In\u00eas<\/li>\n<li>CEM: Biblioteca Engenho do Conhecimento 2 &#8211; Aysla<\/li>\n<li>Fazenda Joat\u00e3o:\u00a0 Escolinha Extens\u00e3o\u00a0Joat\u00e3o &#8211; Professora Girlene<\/li>\n<li>Colorado Equipamentos: Administra\u00e7\u00e3o\u00a0Locadora &#8211;\u00a0Katiane<\/li>\n<\/ul>\n<p>\u201cA cria\u00e7\u00e3o do concurso de Desenho foi uma iniciativa de nossa Diretora de Sustentabilidade, Josimara Ribeiro de Mendon\u00e7a para estimular a criatividade dos filhos de nossos colaboradores, aproximando fam\u00edlia e empresa. Esperamos que o concurso seja um bom motivo para pais e filhos se aproximarem ainda mais, discutindo o tema. O primeiro concurso realizado em 2024, foi um sucesso, com centenas de desenhos apresentados e mais de mil votos nos trabalhos concorrentes. O vencedor do Concurso foi Luiz Gustavo, filho da colaboradora da Central Energ\u00e9tica Morrinhos \u2013 CEM, Charlene Souza dos Santos Rodrigues\u201d, destaca a supervisora de Comunica\u00e7\u00e3o e Responsabilidade Social do Grupo Colorado, Maria In\u00eas Marc\u00f3rio Guedes Moreira de Carvalho.<\/p>\n<p><strong>Confira o regulamento: https:\/\/www.colorado.com.br\/nosdacolorado\/desenho\/<\/strong><\/p>\n<p>&nbsp;<\/p>\n","protected":false},"excerpt":{"rendered":"<p>Com o tema \u201cNatal: a doce m\u00e1gica de transformar o mundo num lugar melhor\u201d, o desenho selecionado estampar\u00e1 o Cart\u00e3o de Natal 2025 O Grupo Colorado anuncia a abertura das&#8230;<\/p>\n","protected":false},"author":2,"featured_media":25466,"comment_status":"closed","ping_status":"open","sticky":false,"template":"","format":"standard","meta":{"footnotes":""},"categories":[11],"tags":[],"class_list":{"0":"post-25464","1":"post","2":"type-post","3":"status-publish","4":"format-standard","5":"has-post-thumbnail","7":"category-acontece-na-colorado"},"_links":{"self":[{"href":"https:\/\/www.colorado.com.br\/nosdacolorado\/wp-json\/wp\/v2\/posts\/25464","targetHints":{"allow":["GET"]}}],"collection":[{"href":"https:\/\/www.colorado.com.br\/nosdacolorado\/wp-json\/wp\/v2\/posts"}],"about":[{"href":"https:\/\/www.colorado.com.br\/nosdacolorado\/wp-json\/wp\/v2\/types\/post"}],"author":[{"embeddable":true,"href":"https:\/\/www.colorado.com.br\/nosdacolorado\/wp-json\/wp\/v2\/users\/2"}],"replies":[{"embeddable":true,"href":"https:\/\/www.colorado.com.br\/nosdacolorado\/wp-json\/wp\/v2\/comments?post=25464"}],"version-history":[{"count":2,"href":"https:\/\/www.colorado.com.br\/nosdacolorado\/wp-json\/wp\/v2\/posts\/25464\/revisions"}],"predecessor-version":[{"id":25613,"href":"https:\/\/www.colorado.com.br\/nosdacolorado\/wp-json\/wp\/v2\/posts\/25464\/revisions\/25613"}],"wp:featuredmedia":[{"embeddable":true,"href":"https:\/\/www.colorado.com.br\/nosdacolorado\/wp-json\/wp\/v2\/media\/25466"}],"wp:attachment":[{"href":"https:\/\/www.colorado.com.br\/nosdacolorado\/wp-json\/wp\/v2\/media?parent=25464"}],"wp:term":[{"taxonomy":"category","embeddable":true,"href":"https:\/\/www.colorado.com.br\/nosdacolorado\/wp-json\/wp\/v2\/categories?post=25464"},{"taxonomy":"post_tag","embeddable":true,"href":"https:\/\/www.colorado.com.br\/nosdacolorado\/wp-json\/wp\/v2\/tags?post=25464"}],"curies":[{"name":"wp","href":"https:\/\/api.w.org\/{rel}","templated":true}]}}