{"id":2837,"date":"2020-02-07T15:13:43","date_gmt":"2020-02-07T17:13:43","guid":{"rendered":"http:\/\/www.colorado.com.br\/nosdacolorado\/?p=2837"},"modified":"2020-02-07T15:14:12","modified_gmt":"2020-02-07T17:14:12","slug":"resultado-eleicao-cipa-2020","status":"publish","type":"post","link":"https:\/\/www.colorado.com.br\/nosdacolorado\/resultado-eleicao-cipa-2020\/","title":{"rendered":"RESULTADO ELEI\u00c7\u00c3O CIPA &#8211; 2020"},"content":{"rendered":"<h2 style=\"text-align: left;\">CIPA &#8211; MEMBROS REPRESENTANTES DOS EMPREGADOS<\/h2>\n<p style=\"text-align: left;\">Ap\u00f3s a apura\u00e7\u00e3o chegou-se ao seguinte resultado:<\/p>\n<h3 style=\"text-align: left;\">MEMBROS TITULARES:<\/h3>\n<p style=\"text-align: left;\">Marcio Alves Dorotheu &#8212;&#8212;&#8212;&#8212;&#8212;&#8212;&#8212;&#8212;&#8212;&#8212;&#8212;-62 Votos<br \/>\nDione Erik Lima Bereta &#8212;&#8212;&#8212;&#8212;&#8212;&#8212;&#8212;&#8212;&#8212;&#8212;&#8212;62 Votos<br \/>\nJose Wilson de Oliveira Machado &#8212;&#8212;&#8212;&#8212;&#8212;&#8212;&#8212; 49 Votos<br \/>\nNeliton Luiz Geraldini de Oliveira &#8212;&#8212;&#8212;&#8212;&#8212;&#8212;&#8212;49 Votos<br \/>\nTiago Fernandes dos Santos &#8212;&#8212;&#8212;&#8212;&#8212;&#8212;&#8212;&#8212;&#8212;-41 Votos<br \/>\nEdcarlos Manoel de Barros &#8212;&#8212;&#8212;&#8212;&#8212;&#8212;&#8212;&#8212;&#8212;&#8211;39 Votos<\/p>\n<h3 style=\"text-align: left;\">MEMBROS SUPLENTES:<\/h3>\n<p style=\"text-align: left;\">Luiz Moura da Silva &#8212;&#8212;&#8212;&#8212;&#8212;&#8212;&#8212;&#8212;&#8212;&#8212;&#8212;&#8212;&#8211;36 Votos<br \/>\nLuiz Ricardo de Oliveira Ferreira &#8212;&#8212;&#8212;&#8212;&#8212;&#8212;&#8212;&#8211;32 Votos<br \/>\nAdnan Carneiro da Silva &#8212;&#8212;&#8212;&#8212;&#8212;&#8212;&#8212;&#8212;&#8212;&#8212;&#8212;29 Votos<br \/>\nTarcisio Rangel de Oliveira &#8212;&#8212;&#8212;&#8212;&#8212;&#8212;&#8212;&#8212;&#8212;&#8212;27 Votos<br \/>\nJose da Silva Lima &#8212;&#8212;&#8212;&#8212;&#8212;&#8212;&#8212;&#8212;&#8212;&#8212;&#8212;&#8212;&#8212;-19 Votos<\/p>\n<p style=\"text-align: left;\"><strong>Nulos<\/strong> &#8230;&#8230;&#8230;&#8230;&#8230;&#8230;&#8230;&#8230;&#8230;&#8230;&#8230;&#8230;&#8230;&#8230;&#8230;&#8230;&#8230;&#8230;&#8230;&#8230;&#8230;&#8230;&#8230;&#8230;&#8230;.13 votos<br \/>\n<strong>Brancos<\/strong> &#8230;&#8230;&#8230;&#8230;&#8230;&#8230;&#8230;&#8230;&#8230;&#8230;&#8230;&#8230;&#8230;&#8230;&#8230;&#8230;&#8230;&#8230;&#8230;&#8230;&#8230;&#8230;&#8230;..10 votos<\/p>\n<p style=\"text-align: right;\"><strong>Gua\u00edra-SP, 05 de Fevereiro de 2.020.<\/strong><\/p>\n","protected":false},"excerpt":{"rendered":"<p>CIPA &#8211; MEMBROS REPRESENTANTES DOS EMPREGADOS Ap\u00f3s a apura\u00e7\u00e3o chegou-se ao seguinte resultado: MEMBROS TITULARES: Marcio Alves Dorotheu &#8212;&#8212;&#8212;&#8212;&#8212;&#8212;&#8212;&#8212;&#8212;&#8212;&#8212;-62 Votos Dione Erik Lima Bereta &#8212;&#8212;&#8212;&#8212;&#8212;&#8212;&#8212;&#8212;&#8212;&#8212;&#8212;62 Votos Jose Wilson de Oliveira&#8230;<\/p>\n","protected":false},"author":1,"featured_media":2840,"comment_status":"open","ping_status":"open","sticky":false,"template":"","format":"standard","meta":{"footnotes":""},"categories":[11],"tags":[],"class_list":{"0":"post-2837","1":"post","2":"type-post","3":"status-publish","4":"format-standard","5":"has-post-thumbnail","7":"category-acontece-na-colorado"},"_links":{"self":[{"href":"https:\/\/www.colorado.com.br\/nosdacolorado\/wp-json\/wp\/v2\/posts\/2837","targetHints":{"allow":["GET"]}}],"collection":[{"href":"https:\/\/www.colorado.com.br\/nosdacolorado\/wp-json\/wp\/v2\/posts"}],"about":[{"href":"https:\/\/www.colorado.com.br\/nosdacolorado\/wp-json\/wp\/v2\/types\/post"}],"author":[{"embeddable":true,"href":"https:\/\/www.colorado.com.br\/nosdacolorado\/wp-json\/wp\/v2\/users\/1"}],"replies":[{"embeddable":true,"href":"https:\/\/www.colorado.com.br\/nosdacolorado\/wp-json\/wp\/v2\/comments?post=2837"}],"version-history":[{"count":4,"href":"https:\/\/www.colorado.com.br\/nosdacolorado\/wp-json\/wp\/v2\/posts\/2837\/revisions"}],"predecessor-version":[{"id":2842,"href":"https:\/\/www.colorado.com.br\/nosdacolorado\/wp-json\/wp\/v2\/posts\/2837\/revisions\/2842"}],"wp:featuredmedia":[{"embeddable":true,"href":"https:\/\/www.colorado.com.br\/nosdacolorado\/wp-json\/wp\/v2\/media\/2840"}],"wp:attachment":[{"href":"https:\/\/www.colorado.com.br\/nosdacolorado\/wp-json\/wp\/v2\/media?parent=2837"}],"wp:term":[{"taxonomy":"category","embeddable":true,"href":"https:\/\/www.colorado.com.br\/nosdacolorado\/wp-json\/wp\/v2\/categories?post=2837"},{"taxonomy":"post_tag","embeddable":true,"href":"https:\/\/www.colorado.com.br\/nosdacolorado\/wp-json\/wp\/v2\/tags?post=2837"}],"curies":[{"name":"wp","href":"https:\/\/api.w.org\/{rel}","templated":true}]}}