{"id":3086,"date":"2020-02-17T11:23:54","date_gmt":"2020-02-17T14:23:54","guid":{"rendered":"http:\/\/www.colorado.com.br\/nosdacolorado\/?p=3086"},"modified":"2020-02-17T11:35:53","modified_gmt":"2020-02-17T14:35:53","slug":"carteira-trabalho-digital","status":"publish","type":"post","link":"https:\/\/www.colorado.com.br\/nosdacolorado\/carteira-trabalho-digital\/","title":{"rendered":"Sua Carteira de Trabalho, agora \u00e9 digital."},"content":{"rendered":"<p style=\"text-align: center;\"><strong><img loading=\"lazy\" decoding=\"async\" class=\"aligncenter size-large wp-image-3085\" src=\"http:\/\/www.colorado.com.br\/nosdacolorado\/wp-content\/uploads\/2020\/02\/carteira-trabalho-colorado-1024x1024.png\" alt=\"\" width=\"1024\" height=\"1024\" srcset=\"https:\/\/www.colorado.com.br\/nosdacolorado\/wp-content\/uploads\/2020\/02\/carteira-trabalho-colorado-1024x1024.png 1024w, https:\/\/www.colorado.com.br\/nosdacolorado\/wp-content\/uploads\/2020\/02\/carteira-trabalho-colorado-150x150.png 150w, https:\/\/www.colorado.com.br\/nosdacolorado\/wp-content\/uploads\/2020\/02\/carteira-trabalho-colorado-300x300.png 300w, https:\/\/www.colorado.com.br\/nosdacolorado\/wp-content\/uploads\/2020\/02\/carteira-trabalho-colorado-768x768.png 768w, https:\/\/www.colorado.com.br\/nosdacolorado\/wp-content\/uploads\/2020\/02\/carteira-trabalho-colorado-100x100.png 100w, https:\/\/www.colorado.com.br\/nosdacolorado\/wp-content\/uploads\/2020\/02\/carteira-trabalho-colorado-140x140.png 140w, https:\/\/www.colorado.com.br\/nosdacolorado\/wp-content\/uploads\/2020\/02\/carteira-trabalho-colorado-500x500.png 500w, https:\/\/www.colorado.com.br\/nosdacolorado\/wp-content\/uploads\/2020\/02\/carteira-trabalho-colorado-350x350.png 350w, https:\/\/www.colorado.com.br\/nosdacolorado\/wp-content\/uploads\/2020\/02\/carteira-trabalho-colorado-1000x1000.png 1000w, https:\/\/www.colorado.com.br\/nosdacolorado\/wp-content\/uploads\/2020\/02\/carteira-trabalho-colorado-800x800.png 800w, https:\/\/www.colorado.com.br\/nosdacolorado\/wp-content\/uploads\/2020\/02\/carteira-trabalho-colorado.png 1080w\" sizes=\"auto, (max-width: 1024px) 100vw, 1024px\" \/><\/strong><\/p>\n<p>&nbsp;<\/p>\n<p>Com a mesma validade do tradicional \u201clivrinho de capa azul\u201d, a nova Carteira de Trabalho digital \u00e9 um documento totalmente em meio eletr\u00f4nico e equivalente \u00e0 antiga CTPS f\u00edsica (em papel). <em>Esse documento substitui a carteira de papel. Entretanto, \u00e9 recomendado que voc\u00ea guarde o documento f\u00edsico para comprova\u00e7\u00e3o dos v\u00ednculos empregat\u00edcios ou para qualquer corre\u00e7\u00e3o de dados.<\/em><\/p>\n<p>Esta mudan\u00e7a assegura facilidades para os colaboradores, com redu\u00e7\u00e3o da burocracia e custos. Por exemplo: o colaborador n\u00e3o precisar\u00e1 mais apresentar a carteira em papel no setor de Administra\u00e7\u00e3o de Pessoal para admiss\u00e3o, anota\u00e7\u00f5es de f\u00e9rias, mudan\u00e7a de fun\u00e7\u00e3o, altera\u00e7\u00f5es salariais, afastamentos e outras.<\/p>\n<p>Com as novas regras, as anota\u00e7\u00f5es que antes ficavam na CTPS de papel, passar\u00e3o a ser atualizadas eletronicamente. Neste sentido, a Colorado n\u00e3o precisar\u00e1 mais fazer anota\u00e7\u00f5es na carteira de papel nem mesmo preencher a carteira digital. Isso porque todas as informa\u00e7\u00f5es migrar\u00e3o automaticamente para a carteira digital.<\/p>\n<h3>Voc\u00ea precisar\u00e1 emitir a sua CTPS DIGITAL e para isto siga os passos abaixo:<\/h3>\n<p><strong>1\u00ba<\/strong> &#8211; Crie uma conta de acesso por meio da p\u00e1gina eletr\u00f4nica:\u00a0 <a href=\"http:\/\/acesso.gov.br\/#\/primeiro-acesso\" target=\"_blank\" rel=\"noopener noreferrer\">http:\/\/acesso.gov.br\/#\/primeiro-acesso<\/a>.<\/p>\n<p><strong><img loading=\"lazy\" decoding=\"async\" class=\"aligncenter wp-image-3090\" src=\"http:\/\/www.colorado.com.br\/nosdacolorado\/wp-content\/uploads\/2020\/02\/Imagem1-1024x616.png\" alt=\"\" width=\"800\" height=\"481\" srcset=\"https:\/\/www.colorado.com.br\/nosdacolorado\/wp-content\/uploads\/2020\/02\/Imagem1-1024x616.png 1024w, https:\/\/www.colorado.com.br\/nosdacolorado\/wp-content\/uploads\/2020\/02\/Imagem1-300x180.png 300w, https:\/\/www.colorado.com.br\/nosdacolorado\/wp-content\/uploads\/2020\/02\/Imagem1-768x462.png 768w, https:\/\/www.colorado.com.br\/nosdacolorado\/wp-content\/uploads\/2020\/02\/Imagem1.png 1031w\" sizes=\"auto, (max-width: 800px) 100vw, 800px\" \/><\/strong><\/p>\n<p><strong>2\u00ba<\/strong> &#8211; Realizar as seguintes etapas:<\/p>\n<ol>\n<li>Dados pessoais;<\/li>\n<li>Validar dados;<\/li>\n<li>Habilitar cadastro e<\/li>\n<li>Cadastrar senha.<\/li>\n<\/ol>\n<p><strong>3\u00ba<\/strong> &#8211; Criada a conta, voc\u00ea poder\u00e1 ter acesso a carteira de trabalho, por meio da p\u00e1gina da internet, no endere\u00e7o <a href=\"https:\/\/servicos.mte.gov.br\" target=\"_blank\" rel=\"noopener noreferrer\">https:\/\/servicos.mte.gov.br<\/a> e como j\u00e1 est\u00e1 cadastrado, dever\u00e1 clicar no \u00edcone <strong>\u2018\u2019J\u00c1 TENHO CADASTRO\u2019\u2019.<\/strong><\/p>\n<p><strong>4\u00ba<\/strong> &#8211; Acessar utilizando o n\u00famero do seu CPF, senha pessoal e seguir as orienta\u00e7\u00f5es que l\u00e1 ir\u00e3o aparecer.<\/p>\n<p><strong>5\u00ba<\/strong> &#8211; Estando no ambiente da carteira digital, voc\u00ea continuar\u00e1 a validar seus dados, respondendo a perguntas e as altera\u00e7\u00f5es ser\u00e3o atualizadas em at\u00e9 24 horas.<\/p>\n<p><strong>6\u00ba<\/strong> &#8211; Para sua comodidade, tamb\u00e9m poder\u00e1 baixar o aplicativo CARTEIRA DE TRABALHO DIGITAL no celular e ter os mesmos acessos.<\/p>\n<p>Vale lembrar que, a SEPRT \u2013 Secretaria de Previd\u00eancia e Trabalho (Antes Minist\u00e9rio do Trabalho) emitir\u00e1 a carteira no formato antigo, somente em casos excepcionais.<\/p>\n","protected":false},"excerpt":{"rendered":"<p>&nbsp; Com a mesma validade do tradicional \u201clivrinho de capa azul\u201d, a nova Carteira de Trabalho digital \u00e9 um documento totalmente em meio eletr\u00f4nico e equivalente \u00e0 antiga CTPS f\u00edsica&#8230;<\/p>\n","protected":false},"author":1,"featured_media":3085,"comment_status":"open","ping_status":"open","sticky":false,"template":"","format":"standard","meta":{"footnotes":""},"categories":[11,7],"tags":[],"class_list":{"0":"post-3086","1":"post","2":"type-post","3":"status-publish","4":"format-standard","5":"has-post-thumbnail","7":"category-acontece-na-colorado","8":"category-atualidade"},"_links":{"self":[{"href":"https:\/\/www.colorado.com.br\/nosdacolorado\/wp-json\/wp\/v2\/posts\/3086","targetHints":{"allow":["GET"]}}],"collection":[{"href":"https:\/\/www.colorado.com.br\/nosdacolorado\/wp-json\/wp\/v2\/posts"}],"about":[{"href":"https:\/\/www.colorado.com.br\/nosdacolorado\/wp-json\/wp\/v2\/types\/post"}],"author":[{"embeddable":true,"href":"https:\/\/www.colorado.com.br\/nosdacolorado\/wp-json\/wp\/v2\/users\/1"}],"replies":[{"embeddable":true,"href":"https:\/\/www.colorado.com.br\/nosdacolorado\/wp-json\/wp\/v2\/comments?post=3086"}],"version-history":[{"count":3,"href":"https:\/\/www.colorado.com.br\/nosdacolorado\/wp-json\/wp\/v2\/posts\/3086\/revisions"}],"predecessor-version":[{"id":3091,"href":"https:\/\/www.colorado.com.br\/nosdacolorado\/wp-json\/wp\/v2\/posts\/3086\/revisions\/3091"}],"wp:featuredmedia":[{"embeddable":true,"href":"https:\/\/www.colorado.com.br\/nosdacolorado\/wp-json\/wp\/v2\/media\/3085"}],"wp:attachment":[{"href":"https:\/\/www.colorado.com.br\/nosdacolorado\/wp-json\/wp\/v2\/media?parent=3086"}],"wp:term":[{"taxonomy":"category","embeddable":true,"href":"https:\/\/www.colorado.com.br\/nosdacolorado\/wp-json\/wp\/v2\/categories?post=3086"},{"taxonomy":"post_tag","embeddable":true,"href":"https:\/\/www.colorado.com.br\/nosdacolorado\/wp-json\/wp\/v2\/tags?post=3086"}],"curies":[{"name":"wp","href":"https:\/\/api.w.org\/{rel}","templated":true}]}}