{"id":3213,"date":"2020-02-27T11:22:51","date_gmt":"2020-02-27T14:22:51","guid":{"rendered":"http:\/\/www.colorado.com.br\/nosdacolorado\/?p=3213"},"modified":"2020-02-27T11:22:51","modified_gmt":"2020-02-27T14:22:51","slug":"biblioteca-engenho-do-conhecimento-completa-quatorze-anos","status":"publish","type":"post","link":"https:\/\/www.colorado.com.br\/nosdacolorado\/biblioteca-engenho-do-conhecimento-completa-quatorze-anos\/","title":{"rendered":"Biblioteca Engenho do Conhecimento completa quatorze anos"},"content":{"rendered":"<p>O Grupo Colorado foi pioneiro ao implantar a primeira biblioteca no ambiente de trabalho de uma usina sucroenerg\u00e9tica no Brasil. No dia 22 de fevereiro, a inaugura\u00e7\u00e3o da Biblioteca e seus deliveries completou quatorze anos, registrando 2.434 leitores ativos registrados e um total de 31.648 empr\u00e9stimos realizados.<br \/>\nDesde 2006, o acervo da Biblioteca evoluiu. Atualmente a Engenho do Conhecimento oferece 7.833 livros \u00e0 disposi\u00e7\u00e3o de seus leitores.<br \/>\n<strong>Como forma de marcar a data, no dia 28 de fevereiro, os leitores que visitarem a Biblioteca poder\u00e3o participar da nossa comemora\u00e7\u00e3o e concorrer a brindes.<\/strong><br \/>\nEsperamos voc\u00eas!<\/p>\n<p><img loading=\"lazy\" decoding=\"async\" class=\"aligncenter wp-image-3214 size-full\" src=\"http:\/\/www.colorado.com.br\/nosdacolorado\/wp-content\/uploads\/2020\/02\/biblioteca02.png\" alt=\"\" width=\"1063\" height=\"1503\" srcset=\"https:\/\/www.colorado.com.br\/nosdacolorado\/wp-content\/uploads\/2020\/02\/biblioteca02.png 1063w, https:\/\/www.colorado.com.br\/nosdacolorado\/wp-content\/uploads\/2020\/02\/biblioteca02-212x300.png 212w, https:\/\/www.colorado.com.br\/nosdacolorado\/wp-content\/uploads\/2020\/02\/biblioteca02-768x1086.png 768w, https:\/\/www.colorado.com.br\/nosdacolorado\/wp-content\/uploads\/2020\/02\/biblioteca02-724x1024.png 724w\" sizes=\"auto, (max-width: 1063px) 100vw, 1063px\" \/><\/p>\n","protected":false},"excerpt":{"rendered":"<p>O Grupo Colorado foi pioneiro ao implantar a primeira biblioteca no ambiente de trabalho de uma usina sucroenerg\u00e9tica no Brasil. No dia 22 de fevereiro, a inaugura\u00e7\u00e3o da Biblioteca e&#8230;<\/p>\n","protected":false},"author":2,"featured_media":3216,"comment_status":"open","ping_status":"open","sticky":false,"template":"","format":"standard","meta":{"footnotes":""},"categories":[11],"tags":[],"class_list":{"0":"post-3213","1":"post","2":"type-post","3":"status-publish","4":"format-standard","5":"has-post-thumbnail","7":"category-acontece-na-colorado"},"_links":{"self":[{"href":"https:\/\/www.colorado.com.br\/nosdacolorado\/wp-json\/wp\/v2\/posts\/3213","targetHints":{"allow":["GET"]}}],"collection":[{"href":"https:\/\/www.colorado.com.br\/nosdacolorado\/wp-json\/wp\/v2\/posts"}],"about":[{"href":"https:\/\/www.colorado.com.br\/nosdacolorado\/wp-json\/wp\/v2\/types\/post"}],"author":[{"embeddable":true,"href":"https:\/\/www.colorado.com.br\/nosdacolorado\/wp-json\/wp\/v2\/users\/2"}],"replies":[{"embeddable":true,"href":"https:\/\/www.colorado.com.br\/nosdacolorado\/wp-json\/wp\/v2\/comments?post=3213"}],"version-history":[{"count":1,"href":"https:\/\/www.colorado.com.br\/nosdacolorado\/wp-json\/wp\/v2\/posts\/3213\/revisions"}],"predecessor-version":[{"id":3217,"href":"https:\/\/www.colorado.com.br\/nosdacolorado\/wp-json\/wp\/v2\/posts\/3213\/revisions\/3217"}],"wp:featuredmedia":[{"embeddable":true,"href":"https:\/\/www.colorado.com.br\/nosdacolorado\/wp-json\/wp\/v2\/media\/3216"}],"wp:attachment":[{"href":"https:\/\/www.colorado.com.br\/nosdacolorado\/wp-json\/wp\/v2\/media?parent=3213"}],"wp:term":[{"taxonomy":"category","embeddable":true,"href":"https:\/\/www.colorado.com.br\/nosdacolorado\/wp-json\/wp\/v2\/categories?post=3213"},{"taxonomy":"post_tag","embeddable":true,"href":"https:\/\/www.colorado.com.br\/nosdacolorado\/wp-json\/wp\/v2\/tags?post=3213"}],"curies":[{"name":"wp","href":"https:\/\/api.w.org\/{rel}","templated":true}]}}