{"id":418,"date":"2019-09-11T09:10:21","date_gmt":"2019-09-11T12:10:21","guid":{"rendered":"http:\/\/www.colorado.com.br\/nosdacolorado\/?p=418"},"modified":"2019-09-11T11:51:06","modified_gmt":"2019-09-11T14:51:06","slug":"em-uma-das-noites-mais-frias-do-ano-a-solidariedade-do-guairense-aqueceu-a-festa-julina-do-grupo-colorado","status":"publish","type":"post","link":"https:\/\/www.colorado.com.br\/nosdacolorado\/em-uma-das-noites-mais-frias-do-ano-a-solidariedade-do-guairense-aqueceu-a-festa-julina-do-grupo-colorado\/","title":{"rendered":"Em uma das noites mais frias do ano, a solidariedade do guairense aqueceu a Festa  Julina do Grupo Colorado"},"content":{"rendered":"<p>N\u00e3o \u00e9 comum para Gua\u00edra temperaturas t\u00e3o baixas como as registradas na noite de 6 de julho. Apesar do frio, a solidariedade falou mais alto e cerca de 550 pessoas da comunidade de Gua\u00edra lotaram o Sal\u00e3o do Gr\u00eamio Recreativo e Esportivo Colorado, para a Festa Julina e Festival de Pr\u00eamios realizado pelo Instituto Oswaldo Ribeiro de Mendon\u00e7a, Grupo Colorado e GREC.<br \/>\nA maior participa\u00e7\u00e3o ficou por conta dos colaboradores da Usina Colorado, que estiveram presentes e concorreram a diversos pr\u00eamios, curtiram m\u00fasica boa, comidas t\u00edpicas deliciosas, jogos, tudo em um clima de muita alegria. E o mais importante: o valor arrecadado durante o evento, no montante de R$ 33.992,27, foi destinado aos projetos do IORM em Gua\u00edra, que atende centenas de crian\u00e7as, adolescentes e jovens do munic\u00edpio.<br \/>\nOs sertanejos do Bem Jo\u00e3o Pedro e Cristiano, Augusto e At\u00edlio, Joyce Mara, Laury Feliciano, P\u00e2mela Gon\u00e7alves, J\u00fanior Roma, Cau\u00ea Martins e Wellington Miranda foram as atra\u00e7\u00f5es musicais muito aplaudidas.<br \/>\nUm total de 82 pr\u00eamios foram sorteados, entre os quais dinheiro vivo, televis\u00e3o, tanquinho, forno el\u00e9trico, al\u00e9m de utens\u00edlios dom\u00e9sticos. Grande parte das prendas foram doadas de forma generosa por colaboradores do Grupo, pessoas e empresas de Gua\u00edra. Barraca de pescaria, brinquedos para a crian\u00e7ada e comidas e bebidas t\u00edpicas foram muito procurados pelas fam\u00edlias.<br \/>\n\u201cTodos n\u00f3s sabemos o quanto o guairense \u00e9 solid\u00e1rio. Com a colabora\u00e7\u00e3o e as boas energias de todos fizemos uma linda festa, repleta de pessoas e atra\u00e7\u00f5es. E reconhecemos a import\u00e2ncia de seu patroc\u00ednio para a realiza\u00e7\u00e3o deste evento.\u201d, destaca a supervisora de Comunica\u00e7\u00e3o e Responsabilidade Social do Grupo Colorado, Maria In\u00eas Guedes Moreira de Carvalho.<br \/>\nA festa contou com o patroc\u00ednio da Wappen Seguros, Porto Seguro, Credcol, S\u00e3o Francisco Odonto e Unimed.<\/p>\n<p>&nbsp;<\/p>\n\n\t\t<style type=\"text\/css\">\n\t\t\t#gallery-1 {\n\t\t\t\tmargin: auto;\n\t\t\t}\n\t\t\t#gallery-1 .gallery-item {\n\t\t\t\tfloat: left;\n\t\t\t\tmargin-top: 10px;\n\t\t\t\ttext-align: center;\n\t\t\t\twidth: 33%;\n\t\t\t}\n\t\t\t#gallery-1 img {\n\t\t\t\tborder: 2px solid #cfcfcf;\n\t\t\t}\n\t\t\t#gallery-1 .gallery-caption {\n\t\t\t\tmargin-left: 0;\n\t\t\t}\n\t\t\t\/* see gallery_shortcode() in wp-includes\/media.php *\/\n\t\t<\/style>\n\t\t<div data-carousel-extra='{\"blog_id\":1,\"permalink\":\"https:\\\/\\\/www.colorado.com.br\\\/nosdacolorado\\\/em-uma-das-noites-mais-frias-do-ano-a-solidariedade-do-guairense-aqueceu-a-festa-julina-do-grupo-colorado\\\/\"}' id='gallery-1' class='gallery galleryid-418 gallery-columns-3 gallery-size-large'><dl class='gallery-item'>\n\t\t\t<dt class='gallery-icon landscape'>\n\t\t\t\t<a href='https:\/\/www.colorado.com.br\/nosdacolorado\/em-uma-das-noites-mais-frias-do-ano-a-solidariedade-do-guairense-aqueceu-a-festa-julina-do-grupo-colorado\/img_0969\/'><img loading=\"lazy\" decoding=\"async\" data-attachment-id=\"427\" data-orig-file=\"https:\/\/www.colorado.com.br\/nosdacolorado\/wp-content\/uploads\/2019\/09\/IMG_0969.jpg\" data-orig-size=\"4608,3456\" data-comments-opened=\"1\" data-image-meta=\"{&quot;aperture&quot;:&quot;3.4&quot;,&quot;credit&quot;:&quot;&quot;,&quot;camera&quot;:&quot;Canon PowerShot SX530 HS&quot;,&quot;caption&quot;:&quot;&quot;,&quot;created_timestamp&quot;:&quot;1562443851&quot;,&quot;copyright&quot;:&quot;&quot;,&quot;focal_length&quot;:&quot;4.3&quot;,&quot;iso&quot;:&quot;400&quot;,&quot;shutter_speed&quot;:&quot;0.1&quot;,&quot;title&quot;:&quot;&quot;,&quot;orientation&quot;:&quot;1&quot;,&quot;keywords&quot;:&quot;Array&quot;}\" data-image-title=\"IMG_0969\" data-image-description=\"\" data-medium-file=\"https:\/\/www.colorado.com.br\/nosdacolorado\/wp-content\/uploads\/2019\/09\/IMG_0969-300x225.jpg\" data-large-file=\"https:\/\/www.colorado.com.br\/nosdacolorado\/wp-content\/uploads\/2019\/09\/IMG_0969-1024x768.jpg\" width=\"1024\" height=\"768\" src=\"https:\/\/www.colorado.com.br\/nosdacolorado\/wp-content\/uploads\/2019\/09\/IMG_0969-1024x768.jpg\" class=\"attachment-large size-large\" alt=\"\" srcset=\"https:\/\/www.colorado.com.br\/nosdacolorado\/wp-content\/uploads\/2019\/09\/IMG_0969-1024x768.jpg 1024w, https:\/\/www.colorado.com.br\/nosdacolorado\/wp-content\/uploads\/2019\/09\/IMG_0969-300x225.jpg 300w, https:\/\/www.colorado.com.br\/nosdacolorado\/wp-content\/uploads\/2019\/09\/IMG_0969-768x576.jpg 768w\" sizes=\"auto, (max-width: 1024px) 100vw, 1024px\" \/><\/a>\n\t\t\t<\/dt><\/dl><dl class='gallery-item'>\n\t\t\t<dt class='gallery-icon landscape'>\n\t\t\t\t<a href='https:\/\/www.colorado.com.br\/nosdacolorado\/em-uma-das-noites-mais-frias-do-ano-a-solidariedade-do-guairense-aqueceu-a-festa-julina-do-grupo-colorado\/img_0986-2\/'><img loading=\"lazy\" decoding=\"async\" data-attachment-id=\"428\" data-orig-file=\"https:\/\/www.colorado.com.br\/nosdacolorado\/wp-content\/uploads\/2019\/09\/IMG_0986-2.jpg\" data-orig-size=\"4608,3456\" data-comments-opened=\"1\" data-image-meta=\"{&quot;aperture&quot;:&quot;3.4&quot;,&quot;credit&quot;:&quot;&quot;,&quot;camera&quot;:&quot;Canon PowerShot SX530 HS&quot;,&quot;caption&quot;:&quot;&quot;,&quot;created_timestamp&quot;:&quot;1562444207&quot;,&quot;copyright&quot;:&quot;&quot;,&quot;focal_length&quot;:&quot;4.3&quot;,&quot;iso&quot;:&quot;400&quot;,&quot;shutter_speed&quot;:&quot;0.125&quot;,&quot;title&quot;:&quot;&quot;,&quot;orientation&quot;:&quot;1&quot;,&quot;keywords&quot;:&quot;Array&quot;}\" data-image-title=\"IMG_0986 (2)\" data-image-description=\"\" data-medium-file=\"https:\/\/www.colorado.com.br\/nosdacolorado\/wp-content\/uploads\/2019\/09\/IMG_0986-2-300x225.jpg\" data-large-file=\"https:\/\/www.colorado.com.br\/nosdacolorado\/wp-content\/uploads\/2019\/09\/IMG_0986-2-1024x768.jpg\" width=\"1024\" height=\"768\" src=\"https:\/\/www.colorado.com.br\/nosdacolorado\/wp-content\/uploads\/2019\/09\/IMG_0986-2-1024x768.jpg\" class=\"attachment-large size-large\" alt=\"\" srcset=\"https:\/\/www.colorado.com.br\/nosdacolorado\/wp-content\/uploads\/2019\/09\/IMG_0986-2-1024x768.jpg 1024w, https:\/\/www.colorado.com.br\/nosdacolorado\/wp-content\/uploads\/2019\/09\/IMG_0986-2-300x225.jpg 300w, https:\/\/www.colorado.com.br\/nosdacolorado\/wp-content\/uploads\/2019\/09\/IMG_0986-2-768x576.jpg 768w\" sizes=\"auto, (max-width: 1024px) 100vw, 1024px\" \/><\/a>\n\t\t\t<\/dt><\/dl><dl class='gallery-item'>\n\t\t\t<dt class='gallery-icon landscape'>\n\t\t\t\t<a href='https:\/\/www.colorado.com.br\/nosdacolorado\/em-uma-das-noites-mais-frias-do-ano-a-solidariedade-do-guairense-aqueceu-a-festa-julina-do-grupo-colorado\/img_1100-2\/'><img loading=\"lazy\" decoding=\"async\" data-attachment-id=\"430\" data-orig-file=\"https:\/\/www.colorado.com.br\/nosdacolorado\/wp-content\/uploads\/2019\/09\/IMG_1100-2.jpg\" data-orig-size=\"4608,3456\" data-comments-opened=\"1\" data-image-meta=\"{&quot;aperture&quot;:&quot;4&quot;,&quot;credit&quot;:&quot;&quot;,&quot;camera&quot;:&quot;Canon PowerShot SX530 HS&quot;,&quot;caption&quot;:&quot;&quot;,&quot;created_timestamp&quot;:&quot;1562447600&quot;,&quot;copyright&quot;:&quot;&quot;,&quot;focal_length&quot;:&quot;8.455&quot;,&quot;iso&quot;:&quot;3200&quot;,&quot;shutter_speed&quot;:&quot;0.01&quot;,&quot;title&quot;:&quot;&quot;,&quot;orientation&quot;:&quot;1&quot;,&quot;keywords&quot;:&quot;Array&quot;}\" data-image-title=\"IMG_1100 (2)\" data-image-description=\"\" data-medium-file=\"https:\/\/www.colorado.com.br\/nosdacolorado\/wp-content\/uploads\/2019\/09\/IMG_1100-2-300x225.jpg\" data-large-file=\"https:\/\/www.colorado.com.br\/nosdacolorado\/wp-content\/uploads\/2019\/09\/IMG_1100-2-1024x768.jpg\" width=\"1024\" height=\"768\" src=\"https:\/\/www.colorado.com.br\/nosdacolorado\/wp-content\/uploads\/2019\/09\/IMG_1100-2-1024x768.jpg\" class=\"attachment-large size-large\" alt=\"\" srcset=\"https:\/\/www.colorado.com.br\/nosdacolorado\/wp-content\/uploads\/2019\/09\/IMG_1100-2-1024x768.jpg 1024w, https:\/\/www.colorado.com.br\/nosdacolorado\/wp-content\/uploads\/2019\/09\/IMG_1100-2-300x225.jpg 300w, https:\/\/www.colorado.com.br\/nosdacolorado\/wp-content\/uploads\/2019\/09\/IMG_1100-2-768x576.jpg 768w\" sizes=\"auto, (max-width: 1024px) 100vw, 1024px\" \/><\/a>\n\t\t\t<\/dt><\/dl><br style=\"clear: both\" \/><dl class='gallery-item'>\n\t\t\t<dt class='gallery-icon landscape'>\n\t\t\t\t<a href='https:\/\/www.colorado.com.br\/nosdacolorado\/em-uma-das-noites-mais-frias-do-ano-a-solidariedade-do-guairense-aqueceu-a-festa-julina-do-grupo-colorado\/img_1162-2\/'><img loading=\"lazy\" decoding=\"async\" data-attachment-id=\"431\" data-orig-file=\"https:\/\/www.colorado.com.br\/nosdacolorado\/wp-content\/uploads\/2019\/09\/IMG_1162-2.jpg\" data-orig-size=\"4608,3456\" data-comments-opened=\"1\" data-image-meta=\"{&quot;aperture&quot;:&quot;4&quot;,&quot;credit&quot;:&quot;&quot;,&quot;camera&quot;:&quot;Canon PowerShot SX530 HS&quot;,&quot;caption&quot;:&quot;&quot;,&quot;created_timestamp&quot;:&quot;1562449723&quot;,&quot;copyright&quot;:&quot;&quot;,&quot;focal_length&quot;:&quot;4.759&quot;,&quot;iso&quot;:&quot;3200&quot;,&quot;shutter_speed&quot;:&quot;0.0125&quot;,&quot;title&quot;:&quot;&quot;,&quot;orientation&quot;:&quot;1&quot;,&quot;keywords&quot;:&quot;Array&quot;}\" data-image-title=\"IMG_1162 (2)\" data-image-description=\"\" data-medium-file=\"https:\/\/www.colorado.com.br\/nosdacolorado\/wp-content\/uploads\/2019\/09\/IMG_1162-2-300x225.jpg\" data-large-file=\"https:\/\/www.colorado.com.br\/nosdacolorado\/wp-content\/uploads\/2019\/09\/IMG_1162-2-1024x768.jpg\" width=\"1024\" height=\"768\" src=\"https:\/\/www.colorado.com.br\/nosdacolorado\/wp-content\/uploads\/2019\/09\/IMG_1162-2-1024x768.jpg\" class=\"attachment-large size-large\" alt=\"\" srcset=\"https:\/\/www.colorado.com.br\/nosdacolorado\/wp-content\/uploads\/2019\/09\/IMG_1162-2-1024x768.jpg 1024w, https:\/\/www.colorado.com.br\/nosdacolorado\/wp-content\/uploads\/2019\/09\/IMG_1162-2-300x225.jpg 300w, https:\/\/www.colorado.com.br\/nosdacolorado\/wp-content\/uploads\/2019\/09\/IMG_1162-2-768x576.jpg 768w\" sizes=\"auto, (max-width: 1024px) 100vw, 1024px\" \/><\/a>\n\t\t\t<\/dt><\/dl><dl class='gallery-item'>\n\t\t\t<dt class='gallery-icon landscape'>\n\t\t\t\t<a href='https:\/\/www.colorado.com.br\/nosdacolorado\/em-uma-das-noites-mais-frias-do-ano-a-solidariedade-do-guairense-aqueceu-a-festa-julina-do-grupo-colorado\/img_1181\/'><img loading=\"lazy\" decoding=\"async\" data-attachment-id=\"432\" data-orig-file=\"https:\/\/www.colorado.com.br\/nosdacolorado\/wp-content\/uploads\/2019\/09\/IMG_1181.jpg\" data-orig-size=\"4272,2848\" data-comments-opened=\"1\" data-image-meta=\"{&quot;aperture&quot;:&quot;3.5&quot;,&quot;credit&quot;:&quot;&quot;,&quot;camera&quot;:&quot;Canon EOS REBEL T3&quot;,&quot;caption&quot;:&quot;&quot;,&quot;created_timestamp&quot;:&quot;1562450217&quot;,&quot;copyright&quot;:&quot;&quot;,&quot;focal_length&quot;:&quot;21&quot;,&quot;iso&quot;:&quot;250&quot;,&quot;shutter_speed&quot;:&quot;0.033333333333333&quot;,&quot;title&quot;:&quot;&quot;,&quot;orientation&quot;:&quot;1&quot;,&quot;keywords&quot;:&quot;Array&quot;}\" data-image-title=\"IMG_1181\" data-image-description=\"\" data-medium-file=\"https:\/\/www.colorado.com.br\/nosdacolorado\/wp-content\/uploads\/2019\/09\/IMG_1181-300x200.jpg\" data-large-file=\"https:\/\/www.colorado.com.br\/nosdacolorado\/wp-content\/uploads\/2019\/09\/IMG_1181-1024x683.jpg\" width=\"1024\" height=\"683\" src=\"https:\/\/www.colorado.com.br\/nosdacolorado\/wp-content\/uploads\/2019\/09\/IMG_1181-1024x683.jpg\" class=\"attachment-large size-large\" alt=\"\" srcset=\"https:\/\/www.colorado.com.br\/nosdacolorado\/wp-content\/uploads\/2019\/09\/IMG_1181-1024x683.jpg 1024w, https:\/\/www.colorado.com.br\/nosdacolorado\/wp-content\/uploads\/2019\/09\/IMG_1181-300x200.jpg 300w, https:\/\/www.colorado.com.br\/nosdacolorado\/wp-content\/uploads\/2019\/09\/IMG_1181-768x512.jpg 768w, https:\/\/www.colorado.com.br\/nosdacolorado\/wp-content\/uploads\/2019\/09\/IMG_1181-900x600.jpg 900w\" sizes=\"auto, (max-width: 1024px) 100vw, 1024px\" \/><\/a>\n\t\t\t<\/dt><\/dl><dl class='gallery-item'>\n\t\t\t<dt class='gallery-icon landscape'>\n\t\t\t\t<a href='https:\/\/www.colorado.com.br\/nosdacolorado\/em-uma-das-noites-mais-frias-do-ano-a-solidariedade-do-guairense-aqueceu-a-festa-julina-do-grupo-colorado\/img_0981\/'><img loading=\"lazy\" decoding=\"async\" data-attachment-id=\"436\" data-orig-file=\"https:\/\/www.colorado.com.br\/nosdacolorado\/wp-content\/uploads\/2019\/09\/IMG_0981.jpg\" data-orig-size=\"4272,2848\" data-comments-opened=\"1\" data-image-meta=\"{&quot;aperture&quot;:&quot;3.5&quot;,&quot;credit&quot;:&quot;&quot;,&quot;camera&quot;:&quot;Canon EOS REBEL T3&quot;,&quot;caption&quot;:&quot;&quot;,&quot;created_timestamp&quot;:&quot;1562445754&quot;,&quot;copyright&quot;:&quot;&quot;,&quot;focal_length&quot;:&quot;18&quot;,&quot;iso&quot;:&quot;640&quot;,&quot;shutter_speed&quot;:&quot;0.025&quot;,&quot;title&quot;:&quot;&quot;,&quot;orientation&quot;:&quot;1&quot;,&quot;keywords&quot;:&quot;Array&quot;}\" data-image-title=\"IMG_0981\" data-image-description=\"\" data-medium-file=\"https:\/\/www.colorado.com.br\/nosdacolorado\/wp-content\/uploads\/2019\/09\/IMG_0981-300x200.jpg\" data-large-file=\"https:\/\/www.colorado.com.br\/nosdacolorado\/wp-content\/uploads\/2019\/09\/IMG_0981-1024x683.jpg\" width=\"1024\" height=\"683\" src=\"https:\/\/www.colorado.com.br\/nosdacolorado\/wp-content\/uploads\/2019\/09\/IMG_0981-1024x683.jpg\" class=\"attachment-large size-large\" alt=\"\" srcset=\"https:\/\/www.colorado.com.br\/nosdacolorado\/wp-content\/uploads\/2019\/09\/IMG_0981-1024x683.jpg 1024w, https:\/\/www.colorado.com.br\/nosdacolorado\/wp-content\/uploads\/2019\/09\/IMG_0981-300x200.jpg 300w, https:\/\/www.colorado.com.br\/nosdacolorado\/wp-content\/uploads\/2019\/09\/IMG_0981-768x512.jpg 768w, https:\/\/www.colorado.com.br\/nosdacolorado\/wp-content\/uploads\/2019\/09\/IMG_0981-900x600.jpg 900w\" sizes=\"auto, (max-width: 1024px) 100vw, 1024px\" \/><\/a>\n\t\t\t<\/dt><\/dl><br style=\"clear: both\" \/><dl class='gallery-item'>\n\t\t\t<dt class='gallery-icon landscape'>\n\t\t\t\t<a href='https:\/\/www.colorado.com.br\/nosdacolorado\/em-uma-das-noites-mais-frias-do-ano-a-solidariedade-do-guairense-aqueceu-a-festa-julina-do-grupo-colorado\/img_0983\/'><img loading=\"lazy\" decoding=\"async\" data-attachment-id=\"437\" data-orig-file=\"https:\/\/www.colorado.com.br\/nosdacolorado\/wp-content\/uploads\/2019\/09\/IMG_0983.jpg\" data-orig-size=\"4272,2848\" data-comments-opened=\"1\" data-image-meta=\"{&quot;aperture&quot;:&quot;3.5&quot;,&quot;credit&quot;:&quot;&quot;,&quot;camera&quot;:&quot;Canon EOS REBEL T3&quot;,&quot;caption&quot;:&quot;&quot;,&quot;created_timestamp&quot;:&quot;1562445800&quot;,&quot;copyright&quot;:&quot;&quot;,&quot;focal_length&quot;:&quot;18&quot;,&quot;iso&quot;:&quot;640&quot;,&quot;shutter_speed&quot;:&quot;0.025&quot;,&quot;title&quot;:&quot;&quot;,&quot;orientation&quot;:&quot;1&quot;,&quot;keywords&quot;:&quot;Array&quot;}\" data-image-title=\"IMG_0983\" data-image-description=\"\" data-medium-file=\"https:\/\/www.colorado.com.br\/nosdacolorado\/wp-content\/uploads\/2019\/09\/IMG_0983-300x200.jpg\" data-large-file=\"https:\/\/www.colorado.com.br\/nosdacolorado\/wp-content\/uploads\/2019\/09\/IMG_0983-1024x683.jpg\" width=\"1024\" height=\"683\" src=\"https:\/\/www.colorado.com.br\/nosdacolorado\/wp-content\/uploads\/2019\/09\/IMG_0983-1024x683.jpg\" class=\"attachment-large size-large\" alt=\"\" srcset=\"https:\/\/www.colorado.com.br\/nosdacolorado\/wp-content\/uploads\/2019\/09\/IMG_0983-1024x683.jpg 1024w, https:\/\/www.colorado.com.br\/nosdacolorado\/wp-content\/uploads\/2019\/09\/IMG_0983-300x200.jpg 300w, https:\/\/www.colorado.com.br\/nosdacolorado\/wp-content\/uploads\/2019\/09\/IMG_0983-768x512.jpg 768w, https:\/\/www.colorado.com.br\/nosdacolorado\/wp-content\/uploads\/2019\/09\/IMG_0983-900x600.jpg 900w\" sizes=\"auto, (max-width: 1024px) 100vw, 1024px\" \/><\/a>\n\t\t\t<\/dt><\/dl><dl class='gallery-item'>\n\t\t\t<dt class='gallery-icon landscape'>\n\t\t\t\t<a href='https:\/\/www.colorado.com.br\/nosdacolorado\/em-uma-das-noites-mais-frias-do-ano-a-solidariedade-do-guairense-aqueceu-a-festa-julina-do-grupo-colorado\/img_0985\/'><img loading=\"lazy\" decoding=\"async\" data-attachment-id=\"438\" data-orig-file=\"https:\/\/www.colorado.com.br\/nosdacolorado\/wp-content\/uploads\/2019\/09\/IMG_0985.jpg\" data-orig-size=\"4272,2848\" data-comments-opened=\"1\" data-image-meta=\"{&quot;aperture&quot;:&quot;3.5&quot;,&quot;credit&quot;:&quot;&quot;,&quot;camera&quot;:&quot;Canon EOS REBEL T3&quot;,&quot;caption&quot;:&quot;&quot;,&quot;created_timestamp&quot;:&quot;1562445819&quot;,&quot;copyright&quot;:&quot;&quot;,&quot;focal_length&quot;:&quot;18&quot;,&quot;iso&quot;:&quot;1250&quot;,&quot;shutter_speed&quot;:&quot;0.025&quot;,&quot;title&quot;:&quot;&quot;,&quot;orientation&quot;:&quot;1&quot;,&quot;keywords&quot;:&quot;Array&quot;}\" data-image-title=\"IMG_0985\" data-image-description=\"\" data-medium-file=\"https:\/\/www.colorado.com.br\/nosdacolorado\/wp-content\/uploads\/2019\/09\/IMG_0985-300x200.jpg\" data-large-file=\"https:\/\/www.colorado.com.br\/nosdacolorado\/wp-content\/uploads\/2019\/09\/IMG_0985-1024x683.jpg\" width=\"1024\" height=\"683\" src=\"https:\/\/www.colorado.com.br\/nosdacolorado\/wp-content\/uploads\/2019\/09\/IMG_0985-1024x683.jpg\" class=\"attachment-large size-large\" alt=\"\" srcset=\"https:\/\/www.colorado.com.br\/nosdacolorado\/wp-content\/uploads\/2019\/09\/IMG_0985-1024x683.jpg 1024w, https:\/\/www.colorado.com.br\/nosdacolorado\/wp-content\/uploads\/2019\/09\/IMG_0985-300x200.jpg 300w, https:\/\/www.colorado.com.br\/nosdacolorado\/wp-content\/uploads\/2019\/09\/IMG_0985-768x512.jpg 768w, https:\/\/www.colorado.com.br\/nosdacolorado\/wp-content\/uploads\/2019\/09\/IMG_0985-900x600.jpg 900w\" sizes=\"auto, (max-width: 1024px) 100vw, 1024px\" \/><\/a>\n\t\t\t<\/dt><\/dl><dl class='gallery-item'>\n\t\t\t<dt class='gallery-icon landscape'>\n\t\t\t\t<a href='https:\/\/www.colorado.com.br\/nosdacolorado\/em-uma-das-noites-mais-frias-do-ano-a-solidariedade-do-guairense-aqueceu-a-festa-julina-do-grupo-colorado\/img_0986\/'><img loading=\"lazy\" decoding=\"async\" data-attachment-id=\"439\" data-orig-file=\"https:\/\/www.colorado.com.br\/nosdacolorado\/wp-content\/uploads\/2019\/09\/IMG_0986.jpg\" data-orig-size=\"4272,2848\" data-comments-opened=\"1\" data-image-meta=\"{&quot;aperture&quot;:&quot;4&quot;,&quot;credit&quot;:&quot;&quot;,&quot;camera&quot;:&quot;Canon EOS REBEL T3&quot;,&quot;caption&quot;:&quot;&quot;,&quot;created_timestamp&quot;:&quot;1562445834&quot;,&quot;copyright&quot;:&quot;&quot;,&quot;focal_length&quot;:&quot;24&quot;,&quot;iso&quot;:&quot;2500&quot;,&quot;shutter_speed&quot;:&quot;0.025&quot;,&quot;title&quot;:&quot;&quot;,&quot;orientation&quot;:&quot;1&quot;,&quot;keywords&quot;:&quot;Array&quot;}\" data-image-title=\"IMG_0986\" data-image-description=\"\" data-medium-file=\"https:\/\/www.colorado.com.br\/nosdacolorado\/wp-content\/uploads\/2019\/09\/IMG_0986-300x200.jpg\" data-large-file=\"https:\/\/www.colorado.com.br\/nosdacolorado\/wp-content\/uploads\/2019\/09\/IMG_0986-1024x683.jpg\" width=\"1024\" height=\"683\" src=\"https:\/\/www.colorado.com.br\/nosdacolorado\/wp-content\/uploads\/2019\/09\/IMG_0986-1024x683.jpg\" class=\"attachment-large size-large\" alt=\"\" srcset=\"https:\/\/www.colorado.com.br\/nosdacolorado\/wp-content\/uploads\/2019\/09\/IMG_0986-1024x683.jpg 1024w, https:\/\/www.colorado.com.br\/nosdacolorado\/wp-content\/uploads\/2019\/09\/IMG_0986-300x200.jpg 300w, https:\/\/www.colorado.com.br\/nosdacolorado\/wp-content\/uploads\/2019\/09\/IMG_0986-768x512.jpg 768w, https:\/\/www.colorado.com.br\/nosdacolorado\/wp-content\/uploads\/2019\/09\/IMG_0986-900x600.jpg 900w\" sizes=\"auto, (max-width: 1024px) 100vw, 1024px\" \/><\/a>\n\t\t\t<\/dt><\/dl><br style=\"clear: both\" \/><dl class='gallery-item'>\n\t\t\t<dt class='gallery-icon landscape'>\n\t\t\t\t<a href='https:\/\/www.colorado.com.br\/nosdacolorado\/em-uma-das-noites-mais-frias-do-ano-a-solidariedade-do-guairense-aqueceu-a-festa-julina-do-grupo-colorado\/img_0988\/'><img loading=\"lazy\" decoding=\"async\" data-attachment-id=\"440\" data-orig-file=\"https:\/\/www.colorado.com.br\/nosdacolorado\/wp-content\/uploads\/2019\/09\/IMG_0988.jpg\" data-orig-size=\"4272,2848\" data-comments-opened=\"1\" data-image-meta=\"{&quot;aperture&quot;:&quot;3.5&quot;,&quot;credit&quot;:&quot;&quot;,&quot;camera&quot;:&quot;Canon EOS REBEL T3&quot;,&quot;caption&quot;:&quot;&quot;,&quot;created_timestamp&quot;:&quot;1562445846&quot;,&quot;copyright&quot;:&quot;&quot;,&quot;focal_length&quot;:&quot;21&quot;,&quot;iso&quot;:&quot;1000&quot;,&quot;shutter_speed&quot;:&quot;0.033333333333333&quot;,&quot;title&quot;:&quot;&quot;,&quot;orientation&quot;:&quot;1&quot;,&quot;keywords&quot;:&quot;Array&quot;}\" data-image-title=\"IMG_0988\" data-image-description=\"\" data-medium-file=\"https:\/\/www.colorado.com.br\/nosdacolorado\/wp-content\/uploads\/2019\/09\/IMG_0988-300x200.jpg\" data-large-file=\"https:\/\/www.colorado.com.br\/nosdacolorado\/wp-content\/uploads\/2019\/09\/IMG_0988-1024x683.jpg\" width=\"1024\" height=\"683\" src=\"https:\/\/www.colorado.com.br\/nosdacolorado\/wp-content\/uploads\/2019\/09\/IMG_0988-1024x683.jpg\" class=\"attachment-large size-large\" alt=\"\" srcset=\"https:\/\/www.colorado.com.br\/nosdacolorado\/wp-content\/uploads\/2019\/09\/IMG_0988-1024x683.jpg 1024w, https:\/\/www.colorado.com.br\/nosdacolorado\/wp-content\/uploads\/2019\/09\/IMG_0988-300x200.jpg 300w, https:\/\/www.colorado.com.br\/nosdacolorado\/wp-content\/uploads\/2019\/09\/IMG_0988-768x512.jpg 768w, https:\/\/www.colorado.com.br\/nosdacolorado\/wp-content\/uploads\/2019\/09\/IMG_0988-900x600.jpg 900w\" sizes=\"auto, (max-width: 1024px) 100vw, 1024px\" \/><\/a>\n\t\t\t<\/dt><\/dl><dl class='gallery-item'>\n\t\t\t<dt class='gallery-icon landscape'>\n\t\t\t\t<a href='https:\/\/www.colorado.com.br\/nosdacolorado\/em-uma-das-noites-mais-frias-do-ano-a-solidariedade-do-guairense-aqueceu-a-festa-julina-do-grupo-colorado\/img_0996\/'><img loading=\"lazy\" decoding=\"async\" data-attachment-id=\"441\" data-orig-file=\"https:\/\/www.colorado.com.br\/nosdacolorado\/wp-content\/uploads\/2019\/09\/IMG_0996.jpg\" data-orig-size=\"4272,2848\" data-comments-opened=\"1\" data-image-meta=\"{&quot;aperture&quot;:&quot;3.5&quot;,&quot;credit&quot;:&quot;&quot;,&quot;camera&quot;:&quot;Canon EOS REBEL T3&quot;,&quot;caption&quot;:&quot;&quot;,&quot;created_timestamp&quot;:&quot;1562445970&quot;,&quot;copyright&quot;:&quot;&quot;,&quot;focal_length&quot;:&quot;18&quot;,&quot;iso&quot;:&quot;800&quot;,&quot;shutter_speed&quot;:&quot;0.033333333333333&quot;,&quot;title&quot;:&quot;&quot;,&quot;orientation&quot;:&quot;1&quot;,&quot;keywords&quot;:&quot;Array&quot;}\" data-image-title=\"IMG_0996\" data-image-description=\"\" data-medium-file=\"https:\/\/www.colorado.com.br\/nosdacolorado\/wp-content\/uploads\/2019\/09\/IMG_0996-300x200.jpg\" data-large-file=\"https:\/\/www.colorado.com.br\/nosdacolorado\/wp-content\/uploads\/2019\/09\/IMG_0996-1024x683.jpg\" width=\"1024\" height=\"683\" src=\"https:\/\/www.colorado.com.br\/nosdacolorado\/wp-content\/uploads\/2019\/09\/IMG_0996-1024x683.jpg\" class=\"attachment-large size-large\" alt=\"\" srcset=\"https:\/\/www.colorado.com.br\/nosdacolorado\/wp-content\/uploads\/2019\/09\/IMG_0996-1024x683.jpg 1024w, https:\/\/www.colorado.com.br\/nosdacolorado\/wp-content\/uploads\/2019\/09\/IMG_0996-300x200.jpg 300w, https:\/\/www.colorado.com.br\/nosdacolorado\/wp-content\/uploads\/2019\/09\/IMG_0996-768x512.jpg 768w, https:\/\/www.colorado.com.br\/nosdacolorado\/wp-content\/uploads\/2019\/09\/IMG_0996-900x600.jpg 900w\" sizes=\"auto, (max-width: 1024px) 100vw, 1024px\" \/><\/a>\n\t\t\t<\/dt><\/dl><dl class='gallery-item'>\n\t\t\t<dt class='gallery-icon landscape'>\n\t\t\t\t<a href='https:\/\/www.colorado.com.br\/nosdacolorado\/em-uma-das-noites-mais-frias-do-ano-a-solidariedade-do-guairense-aqueceu-a-festa-julina-do-grupo-colorado\/img_1001\/'><img loading=\"lazy\" decoding=\"async\" data-attachment-id=\"442\" data-orig-file=\"https:\/\/www.colorado.com.br\/nosdacolorado\/wp-content\/uploads\/2019\/09\/IMG_1001.jpg\" data-orig-size=\"4272,2848\" data-comments-opened=\"1\" data-image-meta=\"{&quot;aperture&quot;:&quot;3.5&quot;,&quot;credit&quot;:&quot;&quot;,&quot;camera&quot;:&quot;Canon EOS REBEL T3&quot;,&quot;caption&quot;:&quot;&quot;,&quot;created_timestamp&quot;:&quot;1562446029&quot;,&quot;copyright&quot;:&quot;&quot;,&quot;focal_length&quot;:&quot;18&quot;,&quot;iso&quot;:&quot;640&quot;,&quot;shutter_speed&quot;:&quot;0.025&quot;,&quot;title&quot;:&quot;&quot;,&quot;orientation&quot;:&quot;1&quot;,&quot;keywords&quot;:&quot;Array&quot;}\" data-image-title=\"IMG_1001\" data-image-description=\"\" data-medium-file=\"https:\/\/www.colorado.com.br\/nosdacolorado\/wp-content\/uploads\/2019\/09\/IMG_1001-300x200.jpg\" data-large-file=\"https:\/\/www.colorado.com.br\/nosdacolorado\/wp-content\/uploads\/2019\/09\/IMG_1001-1024x683.jpg\" width=\"1024\" height=\"683\" src=\"https:\/\/www.colorado.com.br\/nosdacolorado\/wp-content\/uploads\/2019\/09\/IMG_1001-1024x683.jpg\" class=\"attachment-large size-large\" alt=\"\" srcset=\"https:\/\/www.colorado.com.br\/nosdacolorado\/wp-content\/uploads\/2019\/09\/IMG_1001-1024x683.jpg 1024w, https:\/\/www.colorado.com.br\/nosdacolorado\/wp-content\/uploads\/2019\/09\/IMG_1001-300x200.jpg 300w, https:\/\/www.colorado.com.br\/nosdacolorado\/wp-content\/uploads\/2019\/09\/IMG_1001-768x512.jpg 768w, https:\/\/www.colorado.com.br\/nosdacolorado\/wp-content\/uploads\/2019\/09\/IMG_1001-900x600.jpg 900w\" sizes=\"auto, (max-width: 1024px) 100vw, 1024px\" \/><\/a>\n\t\t\t<\/dt><\/dl><br style=\"clear: both\" \/><dl class='gallery-item'>\n\t\t\t<dt class='gallery-icon landscape'>\n\t\t\t\t<a href='https:\/\/www.colorado.com.br\/nosdacolorado\/em-uma-das-noites-mais-frias-do-ano-a-solidariedade-do-guairense-aqueceu-a-festa-julina-do-grupo-colorado\/img_1005-2-2\/'><img loading=\"lazy\" decoding=\"async\" data-attachment-id=\"443\" data-orig-file=\"https:\/\/www.colorado.com.br\/nosdacolorado\/wp-content\/uploads\/2019\/09\/IMG_1005-2-1.jpg\" data-orig-size=\"4608,3456\" data-comments-opened=\"1\" data-image-meta=\"{&quot;aperture&quot;:&quot;3.5&quot;,&quot;credit&quot;:&quot;&quot;,&quot;camera&quot;:&quot;Canon PowerShot SX530 HS&quot;,&quot;caption&quot;:&quot;&quot;,&quot;created_timestamp&quot;:&quot;1562444919&quot;,&quot;copyright&quot;:&quot;&quot;,&quot;focal_length&quot;:&quot;5.036&quot;,&quot;iso&quot;:&quot;800&quot;,&quot;shutter_speed&quot;:&quot;0.033333333333333&quot;,&quot;title&quot;:&quot;&quot;,&quot;orientation&quot;:&quot;1&quot;,&quot;keywords&quot;:&quot;Array&quot;}\" data-image-title=\"IMG_1005 (2)\" data-image-description=\"\" data-medium-file=\"https:\/\/www.colorado.com.br\/nosdacolorado\/wp-content\/uploads\/2019\/09\/IMG_1005-2-1-300x225.jpg\" data-large-file=\"https:\/\/www.colorado.com.br\/nosdacolorado\/wp-content\/uploads\/2019\/09\/IMG_1005-2-1-1024x768.jpg\" width=\"1024\" height=\"768\" src=\"https:\/\/www.colorado.com.br\/nosdacolorado\/wp-content\/uploads\/2019\/09\/IMG_1005-2-1-1024x768.jpg\" class=\"attachment-large size-large\" alt=\"\" srcset=\"https:\/\/www.colorado.com.br\/nosdacolorado\/wp-content\/uploads\/2019\/09\/IMG_1005-2-1-1024x768.jpg 1024w, https:\/\/www.colorado.com.br\/nosdacolorado\/wp-content\/uploads\/2019\/09\/IMG_1005-2-1-300x225.jpg 300w, https:\/\/www.colorado.com.br\/nosdacolorado\/wp-content\/uploads\/2019\/09\/IMG_1005-2-1-768x576.jpg 768w\" sizes=\"auto, (max-width: 1024px) 100vw, 1024px\" \/><\/a>\n\t\t\t<\/dt><\/dl><dl class='gallery-item'>\n\t\t\t<dt class='gallery-icon landscape'>\n\t\t\t\t<a href='https:\/\/www.colorado.com.br\/nosdacolorado\/em-uma-das-noites-mais-frias-do-ano-a-solidariedade-do-guairense-aqueceu-a-festa-julina-do-grupo-colorado\/img_1006-2\/'><img loading=\"lazy\" decoding=\"async\" data-attachment-id=\"444\" data-orig-file=\"https:\/\/www.colorado.com.br\/nosdacolorado\/wp-content\/uploads\/2019\/09\/IMG_1006-2.jpg\" data-orig-size=\"4608,3456\" data-comments-opened=\"1\" data-image-meta=\"{&quot;aperture&quot;:&quot;3.4&quot;,&quot;credit&quot;:&quot;&quot;,&quot;camera&quot;:&quot;Canon PowerShot SX530 HS&quot;,&quot;caption&quot;:&quot;&quot;,&quot;created_timestamp&quot;:&quot;1562444987&quot;,&quot;copyright&quot;:&quot;&quot;,&quot;focal_length&quot;:&quot;4.3&quot;,&quot;iso&quot;:&quot;800&quot;,&quot;shutter_speed&quot;:&quot;0.05&quot;,&quot;title&quot;:&quot;&quot;,&quot;orientation&quot;:&quot;1&quot;,&quot;keywords&quot;:&quot;Array&quot;}\" data-image-title=\"IMG_1006 (2)\" data-image-description=\"\" data-medium-file=\"https:\/\/www.colorado.com.br\/nosdacolorado\/wp-content\/uploads\/2019\/09\/IMG_1006-2-300x225.jpg\" data-large-file=\"https:\/\/www.colorado.com.br\/nosdacolorado\/wp-content\/uploads\/2019\/09\/IMG_1006-2-1024x768.jpg\" width=\"1024\" height=\"768\" src=\"https:\/\/www.colorado.com.br\/nosdacolorado\/wp-content\/uploads\/2019\/09\/IMG_1006-2-1024x768.jpg\" class=\"attachment-large size-large\" alt=\"\" srcset=\"https:\/\/www.colorado.com.br\/nosdacolorado\/wp-content\/uploads\/2019\/09\/IMG_1006-2-1024x768.jpg 1024w, https:\/\/www.colorado.com.br\/nosdacolorado\/wp-content\/uploads\/2019\/09\/IMG_1006-2-300x225.jpg 300w, https:\/\/www.colorado.com.br\/nosdacolorado\/wp-content\/uploads\/2019\/09\/IMG_1006-2-768x576.jpg 768w\" sizes=\"auto, (max-width: 1024px) 100vw, 1024px\" \/><\/a>\n\t\t\t<\/dt><\/dl><dl class='gallery-item'>\n\t\t\t<dt class='gallery-icon landscape'>\n\t\t\t\t<a href='https:\/\/www.colorado.com.br\/nosdacolorado\/em-uma-das-noites-mais-frias-do-ano-a-solidariedade-do-guairense-aqueceu-a-festa-julina-do-grupo-colorado\/img_1010-2-2\/'><img loading=\"lazy\" decoding=\"async\" data-attachment-id=\"445\" data-orig-file=\"https:\/\/www.colorado.com.br\/nosdacolorado\/wp-content\/uploads\/2019\/09\/IMG_1010-2-1.jpg\" data-orig-size=\"4608,3456\" data-comments-opened=\"1\" data-image-meta=\"{&quot;aperture&quot;:&quot;3.4&quot;,&quot;credit&quot;:&quot;&quot;,&quot;camera&quot;:&quot;Canon PowerShot SX530 HS&quot;,&quot;caption&quot;:&quot;&quot;,&quot;created_timestamp&quot;:&quot;1562445279&quot;,&quot;copyright&quot;:&quot;&quot;,&quot;focal_length&quot;:&quot;4.3&quot;,&quot;iso&quot;:&quot;1600&quot;,&quot;shutter_speed&quot;:&quot;0.05&quot;,&quot;title&quot;:&quot;&quot;,&quot;orientation&quot;:&quot;1&quot;,&quot;keywords&quot;:&quot;Array&quot;}\" data-image-title=\"IMG_1010 (2)\" data-image-description=\"\" data-medium-file=\"https:\/\/www.colorado.com.br\/nosdacolorado\/wp-content\/uploads\/2019\/09\/IMG_1010-2-1-300x225.jpg\" data-large-file=\"https:\/\/www.colorado.com.br\/nosdacolorado\/wp-content\/uploads\/2019\/09\/IMG_1010-2-1-1024x768.jpg\" width=\"1024\" height=\"768\" src=\"https:\/\/www.colorado.com.br\/nosdacolorado\/wp-content\/uploads\/2019\/09\/IMG_1010-2-1-1024x768.jpg\" class=\"attachment-large size-large\" alt=\"\" srcset=\"https:\/\/www.colorado.com.br\/nosdacolorado\/wp-content\/uploads\/2019\/09\/IMG_1010-2-1-1024x768.jpg 1024w, https:\/\/www.colorado.com.br\/nosdacolorado\/wp-content\/uploads\/2019\/09\/IMG_1010-2-1-300x225.jpg 300w, https:\/\/www.colorado.com.br\/nosdacolorado\/wp-content\/uploads\/2019\/09\/IMG_1010-2-1-768x576.jpg 768w\" sizes=\"auto, (max-width: 1024px) 100vw, 1024px\" \/><\/a>\n\t\t\t<\/dt><\/dl><br style=\"clear: both\" \/><dl class='gallery-item'>\n\t\t\t<dt class='gallery-icon landscape'>\n\t\t\t\t<a href='https:\/\/www.colorado.com.br\/nosdacolorado\/em-uma-das-noites-mais-frias-do-ano-a-solidariedade-do-guairense-aqueceu-a-festa-julina-do-grupo-colorado\/img_1011-2\/'><img loading=\"lazy\" decoding=\"async\" data-attachment-id=\"446\" data-orig-file=\"https:\/\/www.colorado.com.br\/nosdacolorado\/wp-content\/uploads\/2019\/09\/IMG_1011-2.jpg\" data-orig-size=\"4608,3456\" data-comments-opened=\"1\" data-image-meta=\"{&quot;aperture&quot;:&quot;3.4&quot;,&quot;credit&quot;:&quot;&quot;,&quot;camera&quot;:&quot;Canon PowerShot SX530 HS&quot;,&quot;caption&quot;:&quot;&quot;,&quot;created_timestamp&quot;:&quot;1562445313&quot;,&quot;copyright&quot;:&quot;&quot;,&quot;focal_length&quot;:&quot;4.3&quot;,&quot;iso&quot;:&quot;1000&quot;,&quot;shutter_speed&quot;:&quot;0.05&quot;,&quot;title&quot;:&quot;&quot;,&quot;orientation&quot;:&quot;1&quot;,&quot;keywords&quot;:&quot;Array&quot;}\" data-image-title=\"IMG_1011 (2)\" data-image-description=\"\" data-medium-file=\"https:\/\/www.colorado.com.br\/nosdacolorado\/wp-content\/uploads\/2019\/09\/IMG_1011-2-300x225.jpg\" data-large-file=\"https:\/\/www.colorado.com.br\/nosdacolorado\/wp-content\/uploads\/2019\/09\/IMG_1011-2-1024x768.jpg\" width=\"1024\" height=\"768\" src=\"https:\/\/www.colorado.com.br\/nosdacolorado\/wp-content\/uploads\/2019\/09\/IMG_1011-2-1024x768.jpg\" class=\"attachment-large size-large\" alt=\"\" srcset=\"https:\/\/www.colorado.com.br\/nosdacolorado\/wp-content\/uploads\/2019\/09\/IMG_1011-2-1024x768.jpg 1024w, https:\/\/www.colorado.com.br\/nosdacolorado\/wp-content\/uploads\/2019\/09\/IMG_1011-2-300x225.jpg 300w, https:\/\/www.colorado.com.br\/nosdacolorado\/wp-content\/uploads\/2019\/09\/IMG_1011-2-768x576.jpg 768w\" sizes=\"auto, (max-width: 1024px) 100vw, 1024px\" \/><\/a>\n\t\t\t<\/dt><\/dl><dl class='gallery-item'>\n\t\t\t<dt class='gallery-icon landscape'>\n\t\t\t\t<a href='https:\/\/www.colorado.com.br\/nosdacolorado\/em-uma-das-noites-mais-frias-do-ano-a-solidariedade-do-guairense-aqueceu-a-festa-julina-do-grupo-colorado\/img_1012-2\/'><img loading=\"lazy\" decoding=\"async\" data-attachment-id=\"447\" data-orig-file=\"https:\/\/www.colorado.com.br\/nosdacolorado\/wp-content\/uploads\/2019\/09\/IMG_1012-2.jpg\" data-orig-size=\"4608,3456\" data-comments-opened=\"1\" data-image-meta=\"{&quot;aperture&quot;:&quot;3.4&quot;,&quot;credit&quot;:&quot;&quot;,&quot;camera&quot;:&quot;Canon PowerShot SX530 HS&quot;,&quot;caption&quot;:&quot;&quot;,&quot;created_timestamp&quot;:&quot;1562445328&quot;,&quot;copyright&quot;:&quot;&quot;,&quot;focal_length&quot;:&quot;4.3&quot;,&quot;iso&quot;:&quot;1000&quot;,&quot;shutter_speed&quot;:&quot;0.05&quot;,&quot;title&quot;:&quot;&quot;,&quot;orientation&quot;:&quot;1&quot;,&quot;keywords&quot;:&quot;Array&quot;}\" data-image-title=\"IMG_1012 (2)\" data-image-description=\"\" data-medium-file=\"https:\/\/www.colorado.com.br\/nosdacolorado\/wp-content\/uploads\/2019\/09\/IMG_1012-2-300x225.jpg\" data-large-file=\"https:\/\/www.colorado.com.br\/nosdacolorado\/wp-content\/uploads\/2019\/09\/IMG_1012-2-1024x768.jpg\" width=\"1024\" height=\"768\" src=\"https:\/\/www.colorado.com.br\/nosdacolorado\/wp-content\/uploads\/2019\/09\/IMG_1012-2-1024x768.jpg\" class=\"attachment-large size-large\" alt=\"\" srcset=\"https:\/\/www.colorado.com.br\/nosdacolorado\/wp-content\/uploads\/2019\/09\/IMG_1012-2-1024x768.jpg 1024w, https:\/\/www.colorado.com.br\/nosdacolorado\/wp-content\/uploads\/2019\/09\/IMG_1012-2-300x225.jpg 300w, https:\/\/www.colorado.com.br\/nosdacolorado\/wp-content\/uploads\/2019\/09\/IMG_1012-2-768x576.jpg 768w\" sizes=\"auto, (max-width: 1024px) 100vw, 1024px\" \/><\/a>\n\t\t\t<\/dt><\/dl><dl class='gallery-item'>\n\t\t\t<dt class='gallery-icon landscape'>\n\t\t\t\t<a href='https:\/\/www.colorado.com.br\/nosdacolorado\/em-uma-das-noites-mais-frias-do-ano-a-solidariedade-do-guairense-aqueceu-a-festa-julina-do-grupo-colorado\/img_1013-2\/'><img loading=\"lazy\" decoding=\"async\" data-attachment-id=\"448\" data-orig-file=\"https:\/\/www.colorado.com.br\/nosdacolorado\/wp-content\/uploads\/2019\/09\/IMG_1013-2.jpg\" data-orig-size=\"4608,3456\" data-comments-opened=\"1\" data-image-meta=\"{&quot;aperture&quot;:&quot;4&quot;,&quot;credit&quot;:&quot;&quot;,&quot;camera&quot;:&quot;Canon PowerShot SX530 HS&quot;,&quot;caption&quot;:&quot;&quot;,&quot;created_timestamp&quot;:&quot;1562445401&quot;,&quot;copyright&quot;:&quot;&quot;,&quot;focal_length&quot;:&quot;7.528&quot;,&quot;iso&quot;:&quot;800&quot;,&quot;shutter_speed&quot;:&quot;0.05&quot;,&quot;title&quot;:&quot;&quot;,&quot;orientation&quot;:&quot;1&quot;,&quot;keywords&quot;:&quot;Array&quot;}\" data-image-title=\"IMG_1013 (2)\" data-image-description=\"\" data-medium-file=\"https:\/\/www.colorado.com.br\/nosdacolorado\/wp-content\/uploads\/2019\/09\/IMG_1013-2-300x225.jpg\" data-large-file=\"https:\/\/www.colorado.com.br\/nosdacolorado\/wp-content\/uploads\/2019\/09\/IMG_1013-2-1024x768.jpg\" width=\"1024\" height=\"768\" src=\"https:\/\/www.colorado.com.br\/nosdacolorado\/wp-content\/uploads\/2019\/09\/IMG_1013-2-1024x768.jpg\" class=\"attachment-large size-large\" alt=\"\" srcset=\"https:\/\/www.colorado.com.br\/nosdacolorado\/wp-content\/uploads\/2019\/09\/IMG_1013-2-1024x768.jpg 1024w, https:\/\/www.colorado.com.br\/nosdacolorado\/wp-content\/uploads\/2019\/09\/IMG_1013-2-300x225.jpg 300w, https:\/\/www.colorado.com.br\/nosdacolorado\/wp-content\/uploads\/2019\/09\/IMG_1013-2-768x576.jpg 768w\" sizes=\"auto, (max-width: 1024px) 100vw, 1024px\" \/><\/a>\n\t\t\t<\/dt><\/dl><br style=\"clear: both\" \/><dl class='gallery-item'>\n\t\t\t<dt class='gallery-icon landscape'>\n\t\t\t\t<a href='https:\/\/www.colorado.com.br\/nosdacolorado\/em-uma-das-noites-mais-frias-do-ano-a-solidariedade-do-guairense-aqueceu-a-festa-julina-do-grupo-colorado\/img_1032-2\/'><img loading=\"lazy\" decoding=\"async\" data-attachment-id=\"449\" data-orig-file=\"https:\/\/www.colorado.com.br\/nosdacolorado\/wp-content\/uploads\/2019\/09\/IMG_1032-2.jpg\" data-orig-size=\"4608,3456\" data-comments-opened=\"1\" data-image-meta=\"{&quot;aperture&quot;:&quot;4&quot;,&quot;credit&quot;:&quot;&quot;,&quot;camera&quot;:&quot;Canon PowerShot SX530 HS&quot;,&quot;caption&quot;:&quot;&quot;,&quot;created_timestamp&quot;:&quot;1562446898&quot;,&quot;copyright&quot;:&quot;&quot;,&quot;focal_length&quot;:&quot;7.383&quot;,&quot;iso&quot;:&quot;1600&quot;,&quot;shutter_speed&quot;:&quot;0.05&quot;,&quot;title&quot;:&quot;&quot;,&quot;orientation&quot;:&quot;1&quot;,&quot;keywords&quot;:&quot;Array&quot;}\" data-image-title=\"IMG_1032 (2)\" data-image-description=\"\" data-medium-file=\"https:\/\/www.colorado.com.br\/nosdacolorado\/wp-content\/uploads\/2019\/09\/IMG_1032-2-300x225.jpg\" data-large-file=\"https:\/\/www.colorado.com.br\/nosdacolorado\/wp-content\/uploads\/2019\/09\/IMG_1032-2-1024x768.jpg\" width=\"1024\" height=\"768\" src=\"https:\/\/www.colorado.com.br\/nosdacolorado\/wp-content\/uploads\/2019\/09\/IMG_1032-2-1024x768.jpg\" class=\"attachment-large size-large\" alt=\"\" srcset=\"https:\/\/www.colorado.com.br\/nosdacolorado\/wp-content\/uploads\/2019\/09\/IMG_1032-2-1024x768.jpg 1024w, https:\/\/www.colorado.com.br\/nosdacolorado\/wp-content\/uploads\/2019\/09\/IMG_1032-2-300x225.jpg 300w, https:\/\/www.colorado.com.br\/nosdacolorado\/wp-content\/uploads\/2019\/09\/IMG_1032-2-768x576.jpg 768w\" sizes=\"auto, (max-width: 1024px) 100vw, 1024px\" \/><\/a>\n\t\t\t<\/dt><\/dl><dl class='gallery-item'>\n\t\t\t<dt class='gallery-icon landscape'>\n\t\t\t\t<a href='https:\/\/www.colorado.com.br\/nosdacolorado\/em-uma-das-noites-mais-frias-do-ano-a-solidariedade-do-guairense-aqueceu-a-festa-julina-do-grupo-colorado\/img_1033\/'><img loading=\"lazy\" decoding=\"async\" data-attachment-id=\"450\" data-orig-file=\"https:\/\/www.colorado.com.br\/nosdacolorado\/wp-content\/uploads\/2019\/09\/IMG_1033.jpg\" data-orig-size=\"4272,2848\" data-comments-opened=\"1\" data-image-meta=\"{&quot;aperture&quot;:&quot;4.5&quot;,&quot;credit&quot;:&quot;&quot;,&quot;camera&quot;:&quot;Canon EOS REBEL T3&quot;,&quot;caption&quot;:&quot;&quot;,&quot;created_timestamp&quot;:&quot;1562446718&quot;,&quot;copyright&quot;:&quot;&quot;,&quot;focal_length&quot;:&quot;34&quot;,&quot;iso&quot;:&quot;1600&quot;,&quot;shutter_speed&quot;:&quot;0.016666666666667&quot;,&quot;title&quot;:&quot;&quot;,&quot;orientation&quot;:&quot;1&quot;,&quot;keywords&quot;:&quot;Array&quot;}\" data-image-title=\"IMG_1033\" data-image-description=\"\" data-medium-file=\"https:\/\/www.colorado.com.br\/nosdacolorado\/wp-content\/uploads\/2019\/09\/IMG_1033-300x200.jpg\" data-large-file=\"https:\/\/www.colorado.com.br\/nosdacolorado\/wp-content\/uploads\/2019\/09\/IMG_1033-1024x683.jpg\" width=\"1024\" height=\"683\" src=\"https:\/\/www.colorado.com.br\/nosdacolorado\/wp-content\/uploads\/2019\/09\/IMG_1033-1024x683.jpg\" class=\"attachment-large size-large\" alt=\"\" srcset=\"https:\/\/www.colorado.com.br\/nosdacolorado\/wp-content\/uploads\/2019\/09\/IMG_1033-1024x683.jpg 1024w, https:\/\/www.colorado.com.br\/nosdacolorado\/wp-content\/uploads\/2019\/09\/IMG_1033-300x200.jpg 300w, https:\/\/www.colorado.com.br\/nosdacolorado\/wp-content\/uploads\/2019\/09\/IMG_1033-768x512.jpg 768w, https:\/\/www.colorado.com.br\/nosdacolorado\/wp-content\/uploads\/2019\/09\/IMG_1033-900x600.jpg 900w\" sizes=\"auto, (max-width: 1024px) 100vw, 1024px\" \/><\/a>\n\t\t\t<\/dt><\/dl><dl class='gallery-item'>\n\t\t\t<dt class='gallery-icon landscape'>\n\t\t\t\t<a href='https:\/\/www.colorado.com.br\/nosdacolorado\/em-uma-das-noites-mais-frias-do-ano-a-solidariedade-do-guairense-aqueceu-a-festa-julina-do-grupo-colorado\/img_1044-2\/'><img loading=\"lazy\" decoding=\"async\" data-attachment-id=\"451\" data-orig-file=\"https:\/\/www.colorado.com.br\/nosdacolorado\/wp-content\/uploads\/2019\/09\/IMG_1044-2.jpg\" data-orig-size=\"4608,3456\" data-comments-opened=\"1\" data-image-meta=\"{&quot;aperture&quot;:&quot;3.5&quot;,&quot;credit&quot;:&quot;&quot;,&quot;camera&quot;:&quot;Canon PowerShot SX530 HS&quot;,&quot;caption&quot;:&quot;&quot;,&quot;created_timestamp&quot;:&quot;1562447006&quot;,&quot;copyright&quot;:&quot;&quot;,&quot;focal_length&quot;:&quot;4.497&quot;,&quot;iso&quot;:&quot;800&quot;,&quot;shutter_speed&quot;:&quot;0.066666666666667&quot;,&quot;title&quot;:&quot;&quot;,&quot;orientation&quot;:&quot;1&quot;,&quot;keywords&quot;:&quot;Array&quot;}\" data-image-title=\"IMG_1044 (2)\" data-image-description=\"\" data-medium-file=\"https:\/\/www.colorado.com.br\/nosdacolorado\/wp-content\/uploads\/2019\/09\/IMG_1044-2-300x225.jpg\" data-large-file=\"https:\/\/www.colorado.com.br\/nosdacolorado\/wp-content\/uploads\/2019\/09\/IMG_1044-2-1024x768.jpg\" width=\"1024\" height=\"768\" src=\"https:\/\/www.colorado.com.br\/nosdacolorado\/wp-content\/uploads\/2019\/09\/IMG_1044-2-1024x768.jpg\" class=\"attachment-large size-large\" alt=\"\" srcset=\"https:\/\/www.colorado.com.br\/nosdacolorado\/wp-content\/uploads\/2019\/09\/IMG_1044-2-1024x768.jpg 1024w, https:\/\/www.colorado.com.br\/nosdacolorado\/wp-content\/uploads\/2019\/09\/IMG_1044-2-300x225.jpg 300w, https:\/\/www.colorado.com.br\/nosdacolorado\/wp-content\/uploads\/2019\/09\/IMG_1044-2-768x576.jpg 768w\" sizes=\"auto, (max-width: 1024px) 100vw, 1024px\" \/><\/a>\n\t\t\t<\/dt><\/dl><br style=\"clear: both\" \/><dl class='gallery-item'>\n\t\t\t<dt class='gallery-icon landscape'>\n\t\t\t\t<a href='https:\/\/www.colorado.com.br\/nosdacolorado\/em-uma-das-noites-mais-frias-do-ano-a-solidariedade-do-guairense-aqueceu-a-festa-julina-do-grupo-colorado\/img_1053\/'><img loading=\"lazy\" decoding=\"async\" data-attachment-id=\"452\" data-orig-file=\"https:\/\/www.colorado.com.br\/nosdacolorado\/wp-content\/uploads\/2019\/09\/IMG_1053.jpg\" data-orig-size=\"4272,2848\" data-comments-opened=\"1\" data-image-meta=\"{&quot;aperture&quot;:&quot;3.5&quot;,&quot;credit&quot;:&quot;&quot;,&quot;camera&quot;:&quot;Canon EOS REBEL T3&quot;,&quot;caption&quot;:&quot;&quot;,&quot;created_timestamp&quot;:&quot;1562446834&quot;,&quot;copyright&quot;:&quot;&quot;,&quot;focal_length&quot;:&quot;18&quot;,&quot;iso&quot;:&quot;500&quot;,&quot;shutter_speed&quot;:&quot;0.033333333333333&quot;,&quot;title&quot;:&quot;&quot;,&quot;orientation&quot;:&quot;1&quot;,&quot;keywords&quot;:&quot;Array&quot;}\" data-image-title=\"IMG_1053\" data-image-description=\"\" data-medium-file=\"https:\/\/www.colorado.com.br\/nosdacolorado\/wp-content\/uploads\/2019\/09\/IMG_1053-300x200.jpg\" data-large-file=\"https:\/\/www.colorado.com.br\/nosdacolorado\/wp-content\/uploads\/2019\/09\/IMG_1053-1024x683.jpg\" width=\"1024\" height=\"683\" src=\"https:\/\/www.colorado.com.br\/nosdacolorado\/wp-content\/uploads\/2019\/09\/IMG_1053-1024x683.jpg\" class=\"attachment-large size-large\" alt=\"\" srcset=\"https:\/\/www.colorado.com.br\/nosdacolorado\/wp-content\/uploads\/2019\/09\/IMG_1053-1024x683.jpg 1024w, https:\/\/www.colorado.com.br\/nosdacolorado\/wp-content\/uploads\/2019\/09\/IMG_1053-300x200.jpg 300w, https:\/\/www.colorado.com.br\/nosdacolorado\/wp-content\/uploads\/2019\/09\/IMG_1053-768x512.jpg 768w, https:\/\/www.colorado.com.br\/nosdacolorado\/wp-content\/uploads\/2019\/09\/IMG_1053-900x600.jpg 900w\" sizes=\"auto, (max-width: 1024px) 100vw, 1024px\" \/><\/a>\n\t\t\t<\/dt><\/dl><dl class='gallery-item'>\n\t\t\t<dt class='gallery-icon landscape'>\n\t\t\t\t<a href='https:\/\/www.colorado.com.br\/nosdacolorado\/em-uma-das-noites-mais-frias-do-ano-a-solidariedade-do-guairense-aqueceu-a-festa-julina-do-grupo-colorado\/img_1086-2\/'><img loading=\"lazy\" decoding=\"async\" data-attachment-id=\"429\" data-orig-file=\"https:\/\/www.colorado.com.br\/nosdacolorado\/wp-content\/uploads\/2019\/09\/IMG_1086-2.jpg\" data-orig-size=\"4608,3456\" data-comments-opened=\"1\" data-image-meta=\"{&quot;aperture&quot;:&quot;3.4&quot;,&quot;credit&quot;:&quot;&quot;,&quot;camera&quot;:&quot;Canon PowerShot SX530 HS&quot;,&quot;caption&quot;:&quot;&quot;,&quot;created_timestamp&quot;:&quot;1562447298&quot;,&quot;copyright&quot;:&quot;&quot;,&quot;focal_length&quot;:&quot;4.3&quot;,&quot;iso&quot;:&quot;3200&quot;,&quot;shutter_speed&quot;:&quot;0.02&quot;,&quot;title&quot;:&quot;&quot;,&quot;orientation&quot;:&quot;1&quot;,&quot;keywords&quot;:&quot;Array&quot;}\" data-image-title=\"IMG_1086 (2)\" data-image-description=\"\" data-medium-file=\"https:\/\/www.colorado.com.br\/nosdacolorado\/wp-content\/uploads\/2019\/09\/IMG_1086-2-300x225.jpg\" data-large-file=\"https:\/\/www.colorado.com.br\/nosdacolorado\/wp-content\/uploads\/2019\/09\/IMG_1086-2-1024x768.jpg\" width=\"1024\" height=\"768\" src=\"https:\/\/www.colorado.com.br\/nosdacolorado\/wp-content\/uploads\/2019\/09\/IMG_1086-2-1024x768.jpg\" class=\"attachment-large size-large\" alt=\"\" srcset=\"https:\/\/www.colorado.com.br\/nosdacolorado\/wp-content\/uploads\/2019\/09\/IMG_1086-2-1024x768.jpg 1024w, https:\/\/www.colorado.com.br\/nosdacolorado\/wp-content\/uploads\/2019\/09\/IMG_1086-2-300x225.jpg 300w, https:\/\/www.colorado.com.br\/nosdacolorado\/wp-content\/uploads\/2019\/09\/IMG_1086-2-768x576.jpg 768w\" sizes=\"auto, (max-width: 1024px) 100vw, 1024px\" \/><\/a>\n\t\t\t<\/dt><\/dl><dl class='gallery-item'>\n\t\t\t<dt class='gallery-icon landscape'>\n\t\t\t\t<a href='https:\/\/www.colorado.com.br\/nosdacolorado\/em-uma-das-noites-mais-frias-do-ano-a-solidariedade-do-guairense-aqueceu-a-festa-julina-do-grupo-colorado\/img_1067\/'><img loading=\"lazy\" decoding=\"async\" data-attachment-id=\"453\" data-orig-file=\"https:\/\/www.colorado.com.br\/nosdacolorado\/wp-content\/uploads\/2019\/09\/IMG_1067.jpg\" data-orig-size=\"4272,2848\" data-comments-opened=\"1\" data-image-meta=\"{&quot;aperture&quot;:&quot;3.5&quot;,&quot;credit&quot;:&quot;&quot;,&quot;camera&quot;:&quot;Canon EOS REBEL T3&quot;,&quot;caption&quot;:&quot;&quot;,&quot;created_timestamp&quot;:&quot;1562446984&quot;,&quot;copyright&quot;:&quot;&quot;,&quot;focal_length&quot;:&quot;18&quot;,&quot;iso&quot;:&quot;3200&quot;,&quot;shutter_speed&quot;:&quot;0.008&quot;,&quot;title&quot;:&quot;&quot;,&quot;orientation&quot;:&quot;1&quot;,&quot;keywords&quot;:&quot;Array&quot;}\" data-image-title=\"IMG_1067\" data-image-description=\"\" data-medium-file=\"https:\/\/www.colorado.com.br\/nosdacolorado\/wp-content\/uploads\/2019\/09\/IMG_1067-300x200.jpg\" data-large-file=\"https:\/\/www.colorado.com.br\/nosdacolorado\/wp-content\/uploads\/2019\/09\/IMG_1067-1024x683.jpg\" width=\"1024\" height=\"683\" src=\"https:\/\/www.colorado.com.br\/nosdacolorado\/wp-content\/uploads\/2019\/09\/IMG_1067-1024x683.jpg\" class=\"attachment-large size-large\" alt=\"\" srcset=\"https:\/\/www.colorado.com.br\/nosdacolorado\/wp-content\/uploads\/2019\/09\/IMG_1067-1024x683.jpg 1024w, https:\/\/www.colorado.com.br\/nosdacolorado\/wp-content\/uploads\/2019\/09\/IMG_1067-300x200.jpg 300w, https:\/\/www.colorado.com.br\/nosdacolorado\/wp-content\/uploads\/2019\/09\/IMG_1067-768x512.jpg 768w, https:\/\/www.colorado.com.br\/nosdacolorado\/wp-content\/uploads\/2019\/09\/IMG_1067-900x600.jpg 900w\" sizes=\"auto, (max-width: 1024px) 100vw, 1024px\" \/><\/a>\n\t\t\t<\/dt><\/dl><br style=\"clear: both\" \/><dl class='gallery-item'>\n\t\t\t<dt class='gallery-icon landscape'>\n\t\t\t\t<a href='https:\/\/www.colorado.com.br\/nosdacolorado\/em-uma-das-noites-mais-frias-do-ano-a-solidariedade-do-guairense-aqueceu-a-festa-julina-do-grupo-colorado\/img_0994\/'><img loading=\"lazy\" decoding=\"async\" data-attachment-id=\"420\" data-orig-file=\"https:\/\/www.colorado.com.br\/nosdacolorado\/wp-content\/uploads\/2019\/09\/IMG_0994.jpg\" data-orig-size=\"2362,1574\" data-comments-opened=\"1\" data-image-meta=\"{&quot;aperture&quot;:&quot;3.5&quot;,&quot;credit&quot;:&quot;&quot;,&quot;camera&quot;:&quot;Canon EOS REBEL T3&quot;,&quot;caption&quot;:&quot;&quot;,&quot;created_timestamp&quot;:&quot;1562445931&quot;,&quot;copyright&quot;:&quot;&quot;,&quot;focal_length&quot;:&quot;18&quot;,&quot;iso&quot;:&quot;640&quot;,&quot;shutter_speed&quot;:&quot;0.033333333333333&quot;,&quot;title&quot;:&quot;&quot;,&quot;orientation&quot;:&quot;1&quot;,&quot;keywords&quot;:&quot;Array&quot;}\" data-image-title=\"IMG_0994\" data-image-description=\"\" data-medium-file=\"https:\/\/www.colorado.com.br\/nosdacolorado\/wp-content\/uploads\/2019\/09\/IMG_0994-300x200.jpg\" data-large-file=\"https:\/\/www.colorado.com.br\/nosdacolorado\/wp-content\/uploads\/2019\/09\/IMG_0994-1024x682.jpg\" width=\"1024\" height=\"682\" src=\"https:\/\/www.colorado.com.br\/nosdacolorado\/wp-content\/uploads\/2019\/09\/IMG_0994-1024x682.jpg\" class=\"attachment-large size-large\" alt=\"\" srcset=\"https:\/\/www.colorado.com.br\/nosdacolorado\/wp-content\/uploads\/2019\/09\/IMG_0994-1024x682.jpg 1024w, https:\/\/www.colorado.com.br\/nosdacolorado\/wp-content\/uploads\/2019\/09\/IMG_0994-300x200.jpg 300w, https:\/\/www.colorado.com.br\/nosdacolorado\/wp-content\/uploads\/2019\/09\/IMG_0994-768x512.jpg 768w, https:\/\/www.colorado.com.br\/nosdacolorado\/wp-content\/uploads\/2019\/09\/IMG_0994-900x600.jpg 900w\" sizes=\"auto, (max-width: 1024px) 100vw, 1024px\" \/><\/a>\n\t\t\t<\/dt><\/dl><dl class='gallery-item'>\n\t\t\t<dt class='gallery-icon landscape'>\n\t\t\t\t<a href='https:\/\/www.colorado.com.br\/nosdacolorado\/em-uma-das-noites-mais-frias-do-ano-a-solidariedade-do-guairense-aqueceu-a-festa-julina-do-grupo-colorado\/img_1005-2\/'><img loading=\"lazy\" decoding=\"async\" data-attachment-id=\"421\" data-orig-file=\"https:\/\/www.colorado.com.br\/nosdacolorado\/wp-content\/uploads\/2019\/09\/IMG_1005-2.jpg\" data-orig-size=\"4608,3456\" data-comments-opened=\"1\" data-image-meta=\"{&quot;aperture&quot;:&quot;3.5&quot;,&quot;credit&quot;:&quot;&quot;,&quot;camera&quot;:&quot;Canon PowerShot SX530 HS&quot;,&quot;caption&quot;:&quot;&quot;,&quot;created_timestamp&quot;:&quot;1562444919&quot;,&quot;copyright&quot;:&quot;&quot;,&quot;focal_length&quot;:&quot;5.036&quot;,&quot;iso&quot;:&quot;800&quot;,&quot;shutter_speed&quot;:&quot;0.033333333333333&quot;,&quot;title&quot;:&quot;&quot;,&quot;orientation&quot;:&quot;1&quot;,&quot;keywords&quot;:&quot;Array&quot;}\" data-image-title=\"IMG_1005 (2)\" data-image-description=\"\" data-medium-file=\"https:\/\/www.colorado.com.br\/nosdacolorado\/wp-content\/uploads\/2019\/09\/IMG_1005-2-300x225.jpg\" data-large-file=\"https:\/\/www.colorado.com.br\/nosdacolorado\/wp-content\/uploads\/2019\/09\/IMG_1005-2-1024x768.jpg\" width=\"1024\" height=\"768\" src=\"https:\/\/www.colorado.com.br\/nosdacolorado\/wp-content\/uploads\/2019\/09\/IMG_1005-2-1024x768.jpg\" class=\"attachment-large size-large\" alt=\"\" srcset=\"https:\/\/www.colorado.com.br\/nosdacolorado\/wp-content\/uploads\/2019\/09\/IMG_1005-2-1024x768.jpg 1024w, https:\/\/www.colorado.com.br\/nosdacolorado\/wp-content\/uploads\/2019\/09\/IMG_1005-2-300x225.jpg 300w, https:\/\/www.colorado.com.br\/nosdacolorado\/wp-content\/uploads\/2019\/09\/IMG_1005-2-768x576.jpg 768w\" sizes=\"auto, (max-width: 1024px) 100vw, 1024px\" \/><\/a>\n\t\t\t<\/dt><\/dl><dl class='gallery-item'>\n\t\t\t<dt class='gallery-icon landscape'>\n\t\t\t\t<a href='https:\/\/www.colorado.com.br\/nosdacolorado\/em-uma-das-noites-mais-frias-do-ano-a-solidariedade-do-guairense-aqueceu-a-festa-julina-do-grupo-colorado\/img_1007-2\/'><img loading=\"lazy\" decoding=\"async\" data-attachment-id=\"422\" data-orig-file=\"https:\/\/www.colorado.com.br\/nosdacolorado\/wp-content\/uploads\/2019\/09\/IMG_1007-2.jpg\" data-orig-size=\"2362,1772\" data-comments-opened=\"1\" data-image-meta=\"{&quot;aperture&quot;:&quot;3.4&quot;,&quot;credit&quot;:&quot;&quot;,&quot;camera&quot;:&quot;Canon PowerShot SX530 HS&quot;,&quot;caption&quot;:&quot;&quot;,&quot;created_timestamp&quot;:&quot;1562445158&quot;,&quot;copyright&quot;:&quot;&quot;,&quot;focal_length&quot;:&quot;4.3&quot;,&quot;iso&quot;:&quot;1250&quot;,&quot;shutter_speed&quot;:&quot;0.05&quot;,&quot;title&quot;:&quot;&quot;,&quot;orientation&quot;:&quot;1&quot;,&quot;keywords&quot;:&quot;Array&quot;}\" data-image-title=\"IMG_1007 (2)\" data-image-description=\"\" data-medium-file=\"https:\/\/www.colorado.com.br\/nosdacolorado\/wp-content\/uploads\/2019\/09\/IMG_1007-2-300x225.jpg\" data-large-file=\"https:\/\/www.colorado.com.br\/nosdacolorado\/wp-content\/uploads\/2019\/09\/IMG_1007-2-1024x768.jpg\" width=\"1024\" height=\"768\" src=\"https:\/\/www.colorado.com.br\/nosdacolorado\/wp-content\/uploads\/2019\/09\/IMG_1007-2-1024x768.jpg\" class=\"attachment-large size-large\" alt=\"\" srcset=\"https:\/\/www.colorado.com.br\/nosdacolorado\/wp-content\/uploads\/2019\/09\/IMG_1007-2-1024x768.jpg 1024w, https:\/\/www.colorado.com.br\/nosdacolorado\/wp-content\/uploads\/2019\/09\/IMG_1007-2-300x225.jpg 300w, https:\/\/www.colorado.com.br\/nosdacolorado\/wp-content\/uploads\/2019\/09\/IMG_1007-2-768x576.jpg 768w\" sizes=\"auto, (max-width: 1024px) 100vw, 1024px\" \/><\/a>\n\t\t\t<\/dt><\/dl><br style=\"clear: both\" \/><dl class='gallery-item'>\n\t\t\t<dt class='gallery-icon landscape'>\n\t\t\t\t<a href='https:\/\/www.colorado.com.br\/nosdacolorado\/em-uma-das-noites-mais-frias-do-ano-a-solidariedade-do-guairense-aqueceu-a-festa-julina-do-grupo-colorado\/img_1009-2\/'><img loading=\"lazy\" decoding=\"async\" data-attachment-id=\"423\" data-orig-file=\"https:\/\/www.colorado.com.br\/nosdacolorado\/wp-content\/uploads\/2019\/09\/IMG_1009-2.jpg\" data-orig-size=\"2362,1772\" data-comments-opened=\"1\" data-image-meta=\"{&quot;aperture&quot;:&quot;3.5&quot;,&quot;credit&quot;:&quot;&quot;,&quot;camera&quot;:&quot;Canon PowerShot SX530 HS&quot;,&quot;caption&quot;:&quot;&quot;,&quot;created_timestamp&quot;:&quot;1562445256&quot;,&quot;copyright&quot;:&quot;&quot;,&quot;focal_length&quot;:&quot;4.669&quot;,&quot;iso&quot;:&quot;1250&quot;,&quot;shutter_speed&quot;:&quot;0.05&quot;,&quot;title&quot;:&quot;&quot;,&quot;orientation&quot;:&quot;1&quot;,&quot;keywords&quot;:&quot;Array&quot;}\" data-image-title=\"IMG_1009 (2)\" data-image-description=\"\" data-medium-file=\"https:\/\/www.colorado.com.br\/nosdacolorado\/wp-content\/uploads\/2019\/09\/IMG_1009-2-300x225.jpg\" data-large-file=\"https:\/\/www.colorado.com.br\/nosdacolorado\/wp-content\/uploads\/2019\/09\/IMG_1009-2-1024x768.jpg\" width=\"1024\" height=\"768\" src=\"https:\/\/www.colorado.com.br\/nosdacolorado\/wp-content\/uploads\/2019\/09\/IMG_1009-2-1024x768.jpg\" class=\"attachment-large size-large\" alt=\"\" srcset=\"https:\/\/www.colorado.com.br\/nosdacolorado\/wp-content\/uploads\/2019\/09\/IMG_1009-2-1024x768.jpg 1024w, https:\/\/www.colorado.com.br\/nosdacolorado\/wp-content\/uploads\/2019\/09\/IMG_1009-2-300x225.jpg 300w, https:\/\/www.colorado.com.br\/nosdacolorado\/wp-content\/uploads\/2019\/09\/IMG_1009-2-768x576.jpg 768w\" sizes=\"auto, (max-width: 1024px) 100vw, 1024px\" \/><\/a>\n\t\t\t<\/dt><\/dl><dl class='gallery-item'>\n\t\t\t<dt class='gallery-icon landscape'>\n\t\t\t\t<a href='https:\/\/www.colorado.com.br\/nosdacolorado\/em-uma-das-noites-mais-frias-do-ano-a-solidariedade-do-guairense-aqueceu-a-festa-julina-do-grupo-colorado\/img_1010-2\/'><img loading=\"lazy\" decoding=\"async\" data-attachment-id=\"424\" data-orig-file=\"https:\/\/www.colorado.com.br\/nosdacolorado\/wp-content\/uploads\/2019\/09\/IMG_1010-2.jpg\" data-orig-size=\"4608,3456\" data-comments-opened=\"1\" data-image-meta=\"{&quot;aperture&quot;:&quot;3.4&quot;,&quot;credit&quot;:&quot;&quot;,&quot;camera&quot;:&quot;Canon PowerShot SX530 HS&quot;,&quot;caption&quot;:&quot;&quot;,&quot;created_timestamp&quot;:&quot;1562445279&quot;,&quot;copyright&quot;:&quot;&quot;,&quot;focal_length&quot;:&quot;4.3&quot;,&quot;iso&quot;:&quot;1600&quot;,&quot;shutter_speed&quot;:&quot;0.05&quot;,&quot;title&quot;:&quot;&quot;,&quot;orientation&quot;:&quot;1&quot;,&quot;keywords&quot;:&quot;Array&quot;}\" data-image-title=\"IMG_1010 (2)\" data-image-description=\"\" data-medium-file=\"https:\/\/www.colorado.com.br\/nosdacolorado\/wp-content\/uploads\/2019\/09\/IMG_1010-2-300x225.jpg\" data-large-file=\"https:\/\/www.colorado.com.br\/nosdacolorado\/wp-content\/uploads\/2019\/09\/IMG_1010-2-1024x768.jpg\" width=\"1024\" height=\"768\" src=\"https:\/\/www.colorado.com.br\/nosdacolorado\/wp-content\/uploads\/2019\/09\/IMG_1010-2-1024x768.jpg\" class=\"attachment-large size-large\" alt=\"\" srcset=\"https:\/\/www.colorado.com.br\/nosdacolorado\/wp-content\/uploads\/2019\/09\/IMG_1010-2-1024x768.jpg 1024w, https:\/\/www.colorado.com.br\/nosdacolorado\/wp-content\/uploads\/2019\/09\/IMG_1010-2-300x225.jpg 300w, https:\/\/www.colorado.com.br\/nosdacolorado\/wp-content\/uploads\/2019\/09\/IMG_1010-2-768x576.jpg 768w\" sizes=\"auto, (max-width: 1024px) 100vw, 1024px\" \/><\/a>\n\t\t\t<\/dt><\/dl><dl class='gallery-item'>\n\t\t\t<dt class='gallery-icon landscape'>\n\t\t\t\t<a href='https:\/\/www.colorado.com.br\/nosdacolorado\/em-uma-das-noites-mais-frias-do-ano-a-solidariedade-do-guairense-aqueceu-a-festa-julina-do-grupo-colorado\/img_7657\/'><img loading=\"lazy\" decoding=\"async\" data-attachment-id=\"433\" data-orig-file=\"https:\/\/www.colorado.com.br\/nosdacolorado\/wp-content\/uploads\/2019\/09\/IMG_7657.jpg\" data-orig-size=\"4032,3024\" data-comments-opened=\"1\" data-image-meta=\"{&quot;aperture&quot;:&quot;1.8&quot;,&quot;credit&quot;:&quot;&quot;,&quot;camera&quot;:&quot;iPhone 7 Plus&quot;,&quot;caption&quot;:&quot;&quot;,&quot;created_timestamp&quot;:&quot;1562453049&quot;,&quot;copyright&quot;:&quot;&quot;,&quot;focal_length&quot;:&quot;3.99&quot;,&quot;iso&quot;:&quot;100&quot;,&quot;shutter_speed&quot;:&quot;0.090909090909091&quot;,&quot;title&quot;:&quot;&quot;,&quot;orientation&quot;:&quot;1&quot;,&quot;keywords&quot;:&quot;Array&quot;}\" data-image-title=\"IMG_7657\" data-image-description=\"\" data-medium-file=\"https:\/\/www.colorado.com.br\/nosdacolorado\/wp-content\/uploads\/2019\/09\/IMG_7657-300x225.jpg\" data-large-file=\"https:\/\/www.colorado.com.br\/nosdacolorado\/wp-content\/uploads\/2019\/09\/IMG_7657-1024x768.jpg\" width=\"1024\" height=\"768\" src=\"https:\/\/www.colorado.com.br\/nosdacolorado\/wp-content\/uploads\/2019\/09\/IMG_7657-1024x768.jpg\" class=\"attachment-large size-large\" alt=\"\" srcset=\"https:\/\/www.colorado.com.br\/nosdacolorado\/wp-content\/uploads\/2019\/09\/IMG_7657-1024x768.jpg 1024w, https:\/\/www.colorado.com.br\/nosdacolorado\/wp-content\/uploads\/2019\/09\/IMG_7657-300x225.jpg 300w, https:\/\/www.colorado.com.br\/nosdacolorado\/wp-content\/uploads\/2019\/09\/IMG_7657-768x576.jpg 768w\" sizes=\"auto, (max-width: 1024px) 100vw, 1024px\" \/><\/a>\n\t\t\t<\/dt><\/dl><br style=\"clear: both\" \/><dl class='gallery-item'>\n\t\t\t<dt class='gallery-icon landscape'>\n\t\t\t\t<a href='https:\/\/www.colorado.com.br\/nosdacolorado\/em-uma-das-noites-mais-frias-do-ano-a-solidariedade-do-guairense-aqueceu-a-festa-julina-do-grupo-colorado\/img_7669\/'><img loading=\"lazy\" decoding=\"async\" data-attachment-id=\"434\" data-orig-file=\"https:\/\/www.colorado.com.br\/nosdacolorado\/wp-content\/uploads\/2019\/09\/IMG_7669.jpg\" data-orig-size=\"4032,3024\" data-comments-opened=\"1\" data-image-meta=\"{&quot;aperture&quot;:&quot;1.8&quot;,&quot;credit&quot;:&quot;&quot;,&quot;camera&quot;:&quot;iPhone 7 Plus&quot;,&quot;caption&quot;:&quot;&quot;,&quot;created_timestamp&quot;:&quot;1562457324&quot;,&quot;copyright&quot;:&quot;&quot;,&quot;focal_length&quot;:&quot;3.99&quot;,&quot;iso&quot;:&quot;100&quot;,&quot;shutter_speed&quot;:&quot;0.083333333333333&quot;,&quot;title&quot;:&quot;&quot;,&quot;orientation&quot;:&quot;1&quot;,&quot;keywords&quot;:&quot;Array&quot;}\" data-image-title=\"IMG_7669\" data-image-description=\"\" data-medium-file=\"https:\/\/www.colorado.com.br\/nosdacolorado\/wp-content\/uploads\/2019\/09\/IMG_7669-300x225.jpg\" data-large-file=\"https:\/\/www.colorado.com.br\/nosdacolorado\/wp-content\/uploads\/2019\/09\/IMG_7669-1024x768.jpg\" width=\"1024\" height=\"768\" src=\"https:\/\/www.colorado.com.br\/nosdacolorado\/wp-content\/uploads\/2019\/09\/IMG_7669-1024x768.jpg\" class=\"attachment-large size-large\" alt=\"\" srcset=\"https:\/\/www.colorado.com.br\/nosdacolorado\/wp-content\/uploads\/2019\/09\/IMG_7669-1024x768.jpg 1024w, https:\/\/www.colorado.com.br\/nosdacolorado\/wp-content\/uploads\/2019\/09\/IMG_7669-300x225.jpg 300w, https:\/\/www.colorado.com.br\/nosdacolorado\/wp-content\/uploads\/2019\/09\/IMG_7669-768x576.jpg 768w\" sizes=\"auto, (max-width: 1024px) 100vw, 1024px\" \/><\/a>\n\t\t\t<\/dt><\/dl><dl class='gallery-item'>\n\t\t\t<dt class='gallery-icon landscape'>\n\t\t\t\t<a href='https:\/\/www.colorado.com.br\/nosdacolorado\/em-uma-das-noites-mais-frias-do-ano-a-solidariedade-do-guairense-aqueceu-a-festa-julina-do-grupo-colorado\/img_7671\/'><img loading=\"lazy\" decoding=\"async\" data-attachment-id=\"435\" data-orig-file=\"https:\/\/www.colorado.com.br\/nosdacolorado\/wp-content\/uploads\/2019\/09\/IMG_7671.jpg\" data-orig-size=\"4032,3024\" data-comments-opened=\"1\" data-image-meta=\"{&quot;aperture&quot;:&quot;1.8&quot;,&quot;credit&quot;:&quot;&quot;,&quot;camera&quot;:&quot;iPhone 7 Plus&quot;,&quot;caption&quot;:&quot;&quot;,&quot;created_timestamp&quot;:&quot;1562457357&quot;,&quot;copyright&quot;:&quot;&quot;,&quot;focal_length&quot;:&quot;3.99&quot;,&quot;iso&quot;:&quot;100&quot;,&quot;shutter_speed&quot;:&quot;0.083333333333333&quot;,&quot;title&quot;:&quot;&quot;,&quot;orientation&quot;:&quot;1&quot;,&quot;keywords&quot;:&quot;Array&quot;}\" data-image-title=\"IMG_7671\" data-image-description=\"\" data-medium-file=\"https:\/\/www.colorado.com.br\/nosdacolorado\/wp-content\/uploads\/2019\/09\/IMG_7671-300x225.jpg\" data-large-file=\"https:\/\/www.colorado.com.br\/nosdacolorado\/wp-content\/uploads\/2019\/09\/IMG_7671-1024x768.jpg\" width=\"1024\" height=\"768\" src=\"https:\/\/www.colorado.com.br\/nosdacolorado\/wp-content\/uploads\/2019\/09\/IMG_7671-1024x768.jpg\" class=\"attachment-large size-large\" alt=\"\" srcset=\"https:\/\/www.colorado.com.br\/nosdacolorado\/wp-content\/uploads\/2019\/09\/IMG_7671-1024x768.jpg 1024w, https:\/\/www.colorado.com.br\/nosdacolorado\/wp-content\/uploads\/2019\/09\/IMG_7671-300x225.jpg 300w, https:\/\/www.colorado.com.br\/nosdacolorado\/wp-content\/uploads\/2019\/09\/IMG_7671-768x576.jpg 768w\" sizes=\"auto, (max-width: 1024px) 100vw, 1024px\" \/><\/a>\n\t\t\t<\/dt><\/dl><dl class='gallery-item'>\n\t\t\t<dt class='gallery-icon landscape'>\n\t\t\t\t<a href='https:\/\/www.colorado.com.br\/nosdacolorado\/em-uma-das-noites-mais-frias-do-ano-a-solidariedade-do-guairense-aqueceu-a-festa-julina-do-grupo-colorado\/img_1025-2\/'><img loading=\"lazy\" decoding=\"async\" data-attachment-id=\"425\" data-orig-file=\"https:\/\/www.colorado.com.br\/nosdacolorado\/wp-content\/uploads\/2019\/09\/IMG_1025-2.jpg\" data-orig-size=\"2362,1772\" data-comments-opened=\"1\" data-image-meta=\"{&quot;aperture&quot;:&quot;3.5&quot;,&quot;credit&quot;:&quot;&quot;,&quot;camera&quot;:&quot;Canon PowerShot SX530 HS&quot;,&quot;caption&quot;:&quot;&quot;,&quot;created_timestamp&quot;:&quot;1562446025&quot;,&quot;copyright&quot;:&quot;&quot;,&quot;focal_length&quot;:&quot;4.759&quot;,&quot;iso&quot;:&quot;1600&quot;,&quot;shutter_speed&quot;:&quot;0.05&quot;,&quot;title&quot;:&quot;&quot;,&quot;orientation&quot;:&quot;1&quot;,&quot;keywords&quot;:&quot;Array&quot;}\" data-image-title=\"IMG_1025 (2)\" data-image-description=\"\" data-medium-file=\"https:\/\/www.colorado.com.br\/nosdacolorado\/wp-content\/uploads\/2019\/09\/IMG_1025-2-300x225.jpg\" data-large-file=\"https:\/\/www.colorado.com.br\/nosdacolorado\/wp-content\/uploads\/2019\/09\/IMG_1025-2-1024x768.jpg\" width=\"1024\" height=\"768\" src=\"https:\/\/www.colorado.com.br\/nosdacolorado\/wp-content\/uploads\/2019\/09\/IMG_1025-2-1024x768.jpg\" class=\"attachment-large size-large\" alt=\"\" srcset=\"https:\/\/www.colorado.com.br\/nosdacolorado\/wp-content\/uploads\/2019\/09\/IMG_1025-2-1024x768.jpg 1024w, https:\/\/www.colorado.com.br\/nosdacolorado\/wp-content\/uploads\/2019\/09\/IMG_1025-2-300x225.jpg 300w, https:\/\/www.colorado.com.br\/nosdacolorado\/wp-content\/uploads\/2019\/09\/IMG_1025-2-768x576.jpg 768w\" sizes=\"auto, (max-width: 1024px) 100vw, 1024px\" \/><\/a>\n\t\t\t<\/dt><\/dl><br style=\"clear: both\" \/><dl class='gallery-item'>\n\t\t\t<dt class='gallery-icon landscape'>\n\t\t\t\t<a href='https:\/\/www.colorado.com.br\/nosdacolorado\/em-uma-das-noites-mais-frias-do-ano-a-solidariedade-do-guairense-aqueceu-a-festa-julina-do-grupo-colorado\/img_1027-2\/'><img loading=\"lazy\" decoding=\"async\" data-attachment-id=\"426\" data-orig-file=\"https:\/\/www.colorado.com.br\/nosdacolorado\/wp-content\/uploads\/2019\/09\/IMG_1027-2.jpg\" data-orig-size=\"2362,1772\" data-comments-opened=\"1\" data-image-meta=\"{&quot;aperture&quot;:&quot;3.4&quot;,&quot;credit&quot;:&quot;&quot;,&quot;camera&quot;:&quot;Canon PowerShot SX530 HS&quot;,&quot;caption&quot;:&quot;&quot;,&quot;created_timestamp&quot;:&quot;1562446068&quot;,&quot;copyright&quot;:&quot;&quot;,&quot;focal_length&quot;:&quot;4.3&quot;,&quot;iso&quot;:&quot;1600&quot;,&quot;shutter_speed&quot;:&quot;0.05&quot;,&quot;title&quot;:&quot;&quot;,&quot;orientation&quot;:&quot;1&quot;,&quot;keywords&quot;:&quot;Array&quot;}\" data-image-title=\"IMG_1027 (2)\" data-image-description=\"\" data-medium-file=\"https:\/\/www.colorado.com.br\/nosdacolorado\/wp-content\/uploads\/2019\/09\/IMG_1027-2-300x225.jpg\" data-large-file=\"https:\/\/www.colorado.com.br\/nosdacolorado\/wp-content\/uploads\/2019\/09\/IMG_1027-2-1024x768.jpg\" width=\"1024\" height=\"768\" src=\"https:\/\/www.colorado.com.br\/nosdacolorado\/wp-content\/uploads\/2019\/09\/IMG_1027-2-1024x768.jpg\" class=\"attachment-large size-large\" alt=\"\" srcset=\"https:\/\/www.colorado.com.br\/nosdacolorado\/wp-content\/uploads\/2019\/09\/IMG_1027-2-1024x768.jpg 1024w, https:\/\/www.colorado.com.br\/nosdacolorado\/wp-content\/uploads\/2019\/09\/IMG_1027-2-300x225.jpg 300w, https:\/\/www.colorado.com.br\/nosdacolorado\/wp-content\/uploads\/2019\/09\/IMG_1027-2-768x576.jpg 768w\" sizes=\"auto, (max-width: 1024px) 100vw, 1024px\" \/><\/a>\n\t\t\t<\/dt><\/dl>\n\t\t\t<br style='clear: both' \/>\n\t\t<\/div>\n\n","protected":false},"excerpt":{"rendered":"<p>N\u00e3o \u00e9 comum para Gua\u00edra temperaturas t\u00e3o baixas como as registradas na noite de 6 de julho. Apesar do frio, a solidariedade falou mais alto e cerca de 550 pessoas&#8230;<\/p>\n","protected":false},"author":2,"featured_media":419,"comment_status":"open","ping_status":"open","sticky":false,"template":"","format":"standard","meta":{"footnotes":""},"categories":[11,12],"tags":[23,24,22],"class_list":{"0":"post-418","1":"post","2":"type-post","3":"status-publish","4":"format-standard","5":"has-post-thumbnail","7":"category-acontece-na-colorado","8":"category-fazer-o-bem","9":"tag-comemoracao","10":"tag-festa-julina","11":"tag-solidariedade"},"_links":{"self":[{"href":"https:\/\/www.colorado.com.br\/nosdacolorado\/wp-json\/wp\/v2\/posts\/418","targetHints":{"allow":["GET"]}}],"collection":[{"href":"https:\/\/www.colorado.com.br\/nosdacolorado\/wp-json\/wp\/v2\/posts"}],"about":[{"href":"https:\/\/www.colorado.com.br\/nosdacolorado\/wp-json\/wp\/v2\/types\/post"}],"author":[{"embeddable":true,"href":"https:\/\/www.colorado.com.br\/nosdacolorado\/wp-json\/wp\/v2\/users\/2"}],"replies":[{"embeddable":true,"href":"https:\/\/www.colorado.com.br\/nosdacolorado\/wp-json\/wp\/v2\/comments?post=418"}],"version-history":[{"count":1,"href":"https:\/\/www.colorado.com.br\/nosdacolorado\/wp-json\/wp\/v2\/posts\/418\/revisions"}],"predecessor-version":[{"id":454,"href":"https:\/\/www.colorado.com.br\/nosdacolorado\/wp-json\/wp\/v2\/posts\/418\/revisions\/454"}],"wp:featuredmedia":[{"embeddable":true,"href":"https:\/\/www.colorado.com.br\/nosdacolorado\/wp-json\/wp\/v2\/media\/419"}],"wp:attachment":[{"href":"https:\/\/www.colorado.com.br\/nosdacolorado\/wp-json\/wp\/v2\/media?parent=418"}],"wp:term":[{"taxonomy":"category","embeddable":true,"href":"https:\/\/www.colorado.com.br\/nosdacolorado\/wp-json\/wp\/v2\/categories?post=418"},{"taxonomy":"post_tag","embeddable":true,"href":"https:\/\/www.colorado.com.br\/nosdacolorado\/wp-json\/wp\/v2\/tags?post=418"}],"curies":[{"name":"wp","href":"https:\/\/api.w.org\/{rel}","templated":true}]}}