{"id":458,"date":"2019-09-11T09:00:45","date_gmt":"2019-09-11T12:00:45","guid":{"rendered":"http:\/\/www.colorado.com.br\/nosdacolorado\/?p=458"},"modified":"2019-09-11T11:51:58","modified_gmt":"2019-09-11T14:51:58","slug":"campanha-de-vacinacao-antigripal-quando-se-investe-em-prevencao-o-retorno-e-saude","status":"publish","type":"post","link":"https:\/\/www.colorado.com.br\/nosdacolorado\/campanha-de-vacinacao-antigripal-quando-se-investe-em-prevencao-o-retorno-e-saude\/","title":{"rendered":"Campanha de Vacina\u00e7\u00e3o Antigripal &#8211; Quando se investe em preven\u00e7\u00e3o, o  retorno \u00e9 sa\u00fade"},"content":{"rendered":"<p>No m\u00eas de maio, 900 colaboradores da Usina Colorado foram vacinados contra a gripe. A gripe humana \u00e9 uma doen\u00e7a infecciosa do trato respirat\u00f3rio muito comum e altamente contagiosa, transmitida de pessoa para pessoa por meio de got\u00edculas respirat\u00f3rias infectadas, tosse, espirro, fala, ou ainda por contato com materiais recentemente contaminados pelo v\u00edrus. Grandes surtos ocorrem em todas as faixas et\u00e1rias, durante o inverno.<br \/>\nA melhor forma de evitar a gripe \u00e9 por meio da imuniza\u00e7\u00e3o. As vacinas contra a gripe atuam, como quaisquer outras vacinas, como uma forma de preven\u00e7\u00e3o de uma doen\u00e7a, a gripe, no caso. Elas s\u00e3o capazes de tornar o sistema imunol\u00f3gico apto a combater o v\u00edrus da gripe H1N1, atrav\u00e9s da inocula\u00e7\u00e3o do pr\u00f3prio v\u00edrus. O melhor per\u00edodo de vacina\u00e7\u00e3o \u00e9 o outono, que no Brasil corresponde aos meses de abril e maio. Tal indica\u00e7\u00e3o se deve ao fato de que a quantidade m\u00e1xima de anticorpos \u00e9 atingida ap\u00f3s 1 a 2 meses ap\u00f3s a vacina\u00e7\u00e3o, da\u00ed a raz\u00e3o da vacina ser aplicada no outono, esta\u00e7\u00e3o do ano que precede o inverno.<\/p>\n<p><img loading=\"lazy\" decoding=\"async\" class=\"aligncenter wp-image-460 size-full\" src=\"http:\/\/www.colorado.com.br\/nosdacolorado\/wp-content\/uploads\/2019\/09\/SINTOMASGRIPE.png\" alt=\"\" width=\"2552\" height=\"3022\" srcset=\"https:\/\/www.colorado.com.br\/nosdacolorado\/wp-content\/uploads\/2019\/09\/SINTOMASGRIPE.png 2552w, https:\/\/www.colorado.com.br\/nosdacolorado\/wp-content\/uploads\/2019\/09\/SINTOMASGRIPE-253x300.png 253w, https:\/\/www.colorado.com.br\/nosdacolorado\/wp-content\/uploads\/2019\/09\/SINTOMASGRIPE-768x909.png 768w, https:\/\/www.colorado.com.br\/nosdacolorado\/wp-content\/uploads\/2019\/09\/SINTOMASGRIPE-865x1024.png 865w\" sizes=\"auto, (max-width: 2552px) 100vw, 2552px\" \/><\/p>\n","protected":false},"excerpt":{"rendered":"<p>No m\u00eas de maio, 900 colaboradores da Usina Colorado foram vacinados contra a gripe. A gripe humana \u00e9 uma doen\u00e7a infecciosa do trato respirat\u00f3rio muito comum e altamente contagiosa, transmitida&#8230;<\/p>\n","protected":false},"author":2,"featured_media":459,"comment_status":"open","ping_status":"open","sticky":false,"template":"","format":"standard","meta":{"footnotes":""},"categories":[11,9],"tags":[27,25,26],"class_list":{"0":"post-458","1":"post","2":"type-post","3":"status-publish","4":"format-standard","5":"has-post-thumbnail","7":"category-acontece-na-colorado","8":"category-saude-e-seguranca","9":"tag-campanha","10":"tag-saude","11":"tag-vacinacao"},"_links":{"self":[{"href":"https:\/\/www.colorado.com.br\/nosdacolorado\/wp-json\/wp\/v2\/posts\/458","targetHints":{"allow":["GET"]}}],"collection":[{"href":"https:\/\/www.colorado.com.br\/nosdacolorado\/wp-json\/wp\/v2\/posts"}],"about":[{"href":"https:\/\/www.colorado.com.br\/nosdacolorado\/wp-json\/wp\/v2\/types\/post"}],"author":[{"embeddable":true,"href":"https:\/\/www.colorado.com.br\/nosdacolorado\/wp-json\/wp\/v2\/users\/2"}],"replies":[{"embeddable":true,"href":"https:\/\/www.colorado.com.br\/nosdacolorado\/wp-json\/wp\/v2\/comments?post=458"}],"version-history":[{"count":1,"href":"https:\/\/www.colorado.com.br\/nosdacolorado\/wp-json\/wp\/v2\/posts\/458\/revisions"}],"predecessor-version":[{"id":462,"href":"https:\/\/www.colorado.com.br\/nosdacolorado\/wp-json\/wp\/v2\/posts\/458\/revisions\/462"}],"wp:featuredmedia":[{"embeddable":true,"href":"https:\/\/www.colorado.com.br\/nosdacolorado\/wp-json\/wp\/v2\/media\/459"}],"wp:attachment":[{"href":"https:\/\/www.colorado.com.br\/nosdacolorado\/wp-json\/wp\/v2\/media?parent=458"}],"wp:term":[{"taxonomy":"category","embeddable":true,"href":"https:\/\/www.colorado.com.br\/nosdacolorado\/wp-json\/wp\/v2\/categories?post=458"},{"taxonomy":"post_tag","embeddable":true,"href":"https:\/\/www.colorado.com.br\/nosdacolorado\/wp-json\/wp\/v2\/tags?post=458"}],"curies":[{"name":"wp","href":"https:\/\/api.w.org\/{rel}","templated":true}]}}