{"id":518,"date":"2019-09-11T09:24:14","date_gmt":"2019-09-11T12:24:14","guid":{"rendered":"http:\/\/www.colorado.com.br\/nosdacolorado\/?p=518"},"modified":"2019-09-11T12:25:42","modified_gmt":"2019-09-11T15:25:42","slug":"colorado-maquinas-faz-doacao-para-apae-de-franca","status":"publish","type":"post","link":"https:\/\/www.colorado.com.br\/nosdacolorado\/colorado-maquinas-faz-doacao-para-apae-de-franca\/","title":{"rendered":"Colorado M\u00e1quinas faz doa\u00e7\u00e3o para Apae de Franca"},"content":{"rendered":"<p>A responsabilidade social faz parte da tradi\u00e7\u00e3o das empresas do Grupo Colorado. Em respeito \u00e0 essa hist\u00f3ria de compromisso com a comunidade, a Colorado M\u00e1quinas fez a doa\u00e7\u00e3o de um Gator John Deere para o 8\u00b0 Leil\u00e3o Uni\u00e3o de For\u00e7as Quem Doa Mais? Realizado pela Apae Franca no dia 25 de maio.<br \/>\nAvaliado em aproximadamente R$ 2.500,00, o Gator John Deere rendeu \u00e0 institui\u00e7\u00e3o R$ 17 mil. Inicialmente arrematado por R$ 10.000,00, o pr\u00eamio foi doado pelo ganhador e novamente leiloado, alcan\u00e7ando o valor de R$ 7 mil.<br \/>\n\u201cFaz parte da hist\u00f3ria da Colorado M\u00e1quinas, adotar posturas que promovam o bem-estar social. Esse comportamento se reflete em a\u00e7\u00f5es pr\u00e1ticas. O time Colorado M\u00e1quinas fica orgulhoso pela oportunidade de estar presente em uma a\u00e7\u00e3o como essa, organizada pela APAE.\u201d, salienta o gerente Geral de Neg\u00f3cios da Colorado M\u00e1quinas, Jo\u00e3o Falaschi.<br \/>\nA Apae Franca completou em janeiro 49 anos de atividade e \u00e9 composta por mais de 300 colaboradores. A institui\u00e7\u00e3o atua na defesa da pessoa com defici\u00eancia.<\/p>\n","protected":false},"excerpt":{"rendered":"<p>A responsabilidade social faz parte da tradi\u00e7\u00e3o das empresas do Grupo Colorado. Em respeito \u00e0 essa hist\u00f3ria de compromisso com a comunidade, a Colorado M\u00e1quinas fez a doa\u00e7\u00e3o de um&#8230;<\/p>\n","protected":false},"author":2,"featured_media":508,"comment_status":"open","ping_status":"open","sticky":false,"template":"","format":"standard","meta":{"footnotes":""},"categories":[11,12],"tags":[33,22],"class_list":{"0":"post-518","1":"post","2":"type-post","3":"status-publish","4":"format-standard","5":"has-post-thumbnail","7":"category-acontece-na-colorado","8":"category-fazer-o-bem","9":"tag-colorado-maquinas","10":"tag-solidariedade"},"_links":{"self":[{"href":"https:\/\/www.colorado.com.br\/nosdacolorado\/wp-json\/wp\/v2\/posts\/518","targetHints":{"allow":["GET"]}}],"collection":[{"href":"https:\/\/www.colorado.com.br\/nosdacolorado\/wp-json\/wp\/v2\/posts"}],"about":[{"href":"https:\/\/www.colorado.com.br\/nosdacolorado\/wp-json\/wp\/v2\/types\/post"}],"author":[{"embeddable":true,"href":"https:\/\/www.colorado.com.br\/nosdacolorado\/wp-json\/wp\/v2\/users\/2"}],"replies":[{"embeddable":true,"href":"https:\/\/www.colorado.com.br\/nosdacolorado\/wp-json\/wp\/v2\/comments?post=518"}],"version-history":[{"count":1,"href":"https:\/\/www.colorado.com.br\/nosdacolorado\/wp-json\/wp\/v2\/posts\/518\/revisions"}],"predecessor-version":[{"id":519,"href":"https:\/\/www.colorado.com.br\/nosdacolorado\/wp-json\/wp\/v2\/posts\/518\/revisions\/519"}],"wp:featuredmedia":[{"embeddable":true,"href":"https:\/\/www.colorado.com.br\/nosdacolorado\/wp-json\/wp\/v2\/media\/508"}],"wp:attachment":[{"href":"https:\/\/www.colorado.com.br\/nosdacolorado\/wp-json\/wp\/v2\/media?parent=518"}],"wp:term":[{"taxonomy":"category","embeddable":true,"href":"https:\/\/www.colorado.com.br\/nosdacolorado\/wp-json\/wp\/v2\/categories?post=518"},{"taxonomy":"post_tag","embeddable":true,"href":"https:\/\/www.colorado.com.br\/nosdacolorado\/wp-json\/wp\/v2\/tags?post=518"}],"curies":[{"name":"wp","href":"https:\/\/api.w.org\/{rel}","templated":true}]}}