{"id":523,"date":"2019-09-05T10:35:34","date_gmt":"2019-09-05T13:35:34","guid":{"rendered":"http:\/\/www.colorado.com.br\/nosdacolorado\/?p=523"},"modified":"2019-09-19T10:46:53","modified_gmt":"2019-09-19T13:46:53","slug":"instrutor-colorado-maquinas-e-certificado-no-curso-treinando-treinadores-e-apresentacoes-de-alto-impacto","status":"publish","type":"post","link":"https:\/\/www.colorado.com.br\/nosdacolorado\/instrutor-colorado-maquinas-e-certificado-no-curso-treinando-treinadores-e-apresentacoes-de-alto-impacto\/","title":{"rendered":"Instrutor Colorado M\u00e1quinas \u00e9 certificado no curso Treinando Treinadores e  Apresenta\u00e7\u00f5es de Alto  Impacto"},"content":{"rendered":"<p>Investindo permanentemente na capacita\u00e7\u00e3o da equipe, a Colorado M\u00e1quinas comemora a conquista do instrutor Edimilson Calisto que concluiu com sucesso e obteve o certificado no curso Treinando Treinadores e Apresenta\u00e7\u00f5es de Alto Impacto, ministrado pela Dale Carnegie no m\u00eas de junho. Trata-se do segundo instrutor certificado do concession\u00e1rio. O instrutor Anderson Souza j\u00e1 foi certificado pelo curso.<br \/>\nA certifica\u00e7\u00e3o dos instrutores \u00e9 importante para o processo de forma\u00e7\u00e3o profissional e tem como base modelar de forma comportamental para as diferentes situa\u00e7\u00f5es que se apresentam, instruir a maneira como efetuar treinamentos de alto impacto al\u00e9m de encantar o ouvinte dos treinamentos.<\/p>\n","protected":false},"excerpt":{"rendered":"<p>Investindo permanentemente na capacita\u00e7\u00e3o da equipe, a Colorado M\u00e1quinas comemora a conquista do instrutor Edimilson Calisto que concluiu com sucesso e obteve o certificado no curso Treinando Treinadores e Apresenta\u00e7\u00f5es&#8230;<\/p>\n","protected":false},"author":2,"featured_media":524,"comment_status":"open","ping_status":"open","sticky":false,"template":"","format":"standard","meta":{"footnotes":""},"categories":[11],"tags":[],"class_list":{"0":"post-523","1":"post","2":"type-post","3":"status-publish","4":"format-standard","5":"has-post-thumbnail","7":"category-acontece-na-colorado"},"_links":{"self":[{"href":"https:\/\/www.colorado.com.br\/nosdacolorado\/wp-json\/wp\/v2\/posts\/523","targetHints":{"allow":["GET"]}}],"collection":[{"href":"https:\/\/www.colorado.com.br\/nosdacolorado\/wp-json\/wp\/v2\/posts"}],"about":[{"href":"https:\/\/www.colorado.com.br\/nosdacolorado\/wp-json\/wp\/v2\/types\/post"}],"author":[{"embeddable":true,"href":"https:\/\/www.colorado.com.br\/nosdacolorado\/wp-json\/wp\/v2\/users\/2"}],"replies":[{"embeddable":true,"href":"https:\/\/www.colorado.com.br\/nosdacolorado\/wp-json\/wp\/v2\/comments?post=523"}],"version-history":[{"count":1,"href":"https:\/\/www.colorado.com.br\/nosdacolorado\/wp-json\/wp\/v2\/posts\/523\/revisions"}],"predecessor-version":[{"id":525,"href":"https:\/\/www.colorado.com.br\/nosdacolorado\/wp-json\/wp\/v2\/posts\/523\/revisions\/525"}],"wp:featuredmedia":[{"embeddable":true,"href":"https:\/\/www.colorado.com.br\/nosdacolorado\/wp-json\/wp\/v2\/media\/524"}],"wp:attachment":[{"href":"https:\/\/www.colorado.com.br\/nosdacolorado\/wp-json\/wp\/v2\/media?parent=523"}],"wp:term":[{"taxonomy":"category","embeddable":true,"href":"https:\/\/www.colorado.com.br\/nosdacolorado\/wp-json\/wp\/v2\/categories?post=523"},{"taxonomy":"post_tag","embeddable":true,"href":"https:\/\/www.colorado.com.br\/nosdacolorado\/wp-json\/wp\/v2\/tags?post=523"}],"curies":[{"name":"wp","href":"https:\/\/api.w.org\/{rel}","templated":true}]}}