{"id":537,"date":"2019-09-05T10:55:07","date_gmt":"2019-09-05T13:55:07","guid":{"rendered":"http:\/\/www.colorado.com.br\/nosdacolorado\/?p=537"},"modified":"2019-09-19T10:56:22","modified_gmt":"2019-09-19T13:56:22","slug":"concessionario-entrega-10-tratores-john-deere-para-produtor-de-cafe-de-pedregulho","status":"publish","type":"post","link":"https:\/\/www.colorado.com.br\/nosdacolorado\/concessionario-entrega-10-tratores-john-deere-para-produtor-de-cafe-de-pedregulho\/","title":{"rendered":"Concession\u00e1rio entrega 10 Tratores John Deere para  produtor de caf\u00e9 de Pedregulho"},"content":{"rendered":"<p>No m\u00eas de julho, a Colorado M\u00e1quinas realizou a entrega de 10 tratores John Deere para o produtor de caf\u00e9 do munic\u00edpio de Pedregulho, Dirnei de Barros Pereira. O munic\u00edpio, localizado na regi\u00e3o de Franca, \u00e9 importante polo produtor de caf\u00e9 da Alta Mogiana.<br \/>\nCliente Colorado M\u00e1quinas h\u00e1 mais de uma d\u00e9cada, Dirnei de Barros Pereira e fam\u00edlia demonstraram orgulho e satisfa\u00e7\u00e3o no momento da entrega dos tratores na propriedade agr\u00edcola. Dirnei elogiou o atendimento do CEN Mateus Radi e toda aten\u00e7\u00e3o que tem recebido da Colorado M\u00e1quinas nos mais de dez anos de relacionamento com o concession\u00e1rio.<\/p>\n","protected":false},"excerpt":{"rendered":"<p>No m\u00eas de julho, a Colorado M\u00e1quinas realizou a entrega de 10 tratores John Deere para o produtor de caf\u00e9 do munic\u00edpio de Pedregulho, Dirnei de Barros Pereira. O munic\u00edpio,&#8230;<\/p>\n","protected":false},"author":2,"featured_media":513,"comment_status":"open","ping_status":"open","sticky":false,"template":"","format":"standard","meta":{"footnotes":""},"categories":[11],"tags":[],"class_list":{"0":"post-537","1":"post","2":"type-post","3":"status-publish","4":"format-standard","5":"has-post-thumbnail","7":"category-acontece-na-colorado"},"_links":{"self":[{"href":"https:\/\/www.colorado.com.br\/nosdacolorado\/wp-json\/wp\/v2\/posts\/537","targetHints":{"allow":["GET"]}}],"collection":[{"href":"https:\/\/www.colorado.com.br\/nosdacolorado\/wp-json\/wp\/v2\/posts"}],"about":[{"href":"https:\/\/www.colorado.com.br\/nosdacolorado\/wp-json\/wp\/v2\/types\/post"}],"author":[{"embeddable":true,"href":"https:\/\/www.colorado.com.br\/nosdacolorado\/wp-json\/wp\/v2\/users\/2"}],"replies":[{"embeddable":true,"href":"https:\/\/www.colorado.com.br\/nosdacolorado\/wp-json\/wp\/v2\/comments?post=537"}],"version-history":[{"count":1,"href":"https:\/\/www.colorado.com.br\/nosdacolorado\/wp-json\/wp\/v2\/posts\/537\/revisions"}],"predecessor-version":[{"id":538,"href":"https:\/\/www.colorado.com.br\/nosdacolorado\/wp-json\/wp\/v2\/posts\/537\/revisions\/538"}],"wp:featuredmedia":[{"embeddable":true,"href":"https:\/\/www.colorado.com.br\/nosdacolorado\/wp-json\/wp\/v2\/media\/513"}],"wp:attachment":[{"href":"https:\/\/www.colorado.com.br\/nosdacolorado\/wp-json\/wp\/v2\/media?parent=537"}],"wp:term":[{"taxonomy":"category","embeddable":true,"href":"https:\/\/www.colorado.com.br\/nosdacolorado\/wp-json\/wp\/v2\/categories?post=537"},{"taxonomy":"post_tag","embeddable":true,"href":"https:\/\/www.colorado.com.br\/nosdacolorado\/wp-json\/wp\/v2\/tags?post=537"}],"curies":[{"name":"wp","href":"https:\/\/api.w.org\/{rel}","templated":true}]}}