{"id":542,"date":"2019-09-05T10:58:57","date_gmt":"2019-09-05T13:58:57","guid":{"rendered":"http:\/\/www.colorado.com.br\/nosdacolorado\/?p=542"},"modified":"2019-09-19T11:02:08","modified_gmt":"2019-09-19T14:02:08","slug":"diretora-do-grupo-colorado-representa-presenca-feminina-na-posse-da-primeira-presidenta-do-rotaract-orlandia","status":"publish","type":"post","link":"https:\/\/www.colorado.com.br\/nosdacolorado\/diretora-do-grupo-colorado-representa-presenca-feminina-na-posse-da-primeira-presidenta-do-rotaract-orlandia\/","title":{"rendered":"Diretora do Grupo Colorado representa presen\u00e7a feminina na posse da primeira presidenta do Rotaract Orl\u00e2ndia"},"content":{"rendered":"<p>\u201cNunca deixe que algu\u00e9m lhe diga que n\u00e3o pode fazer algo. Se voc\u00ea tem um sonho, tem que proteg\u00ea-lo. As pessoas que n\u00e3o podem fazer por si mesmas, dir\u00e3o que voc\u00ea n\u00e3o consegue. Se quer alguma coisa, v\u00e1 e lute por ela.\u201d. A Diretora de Responsabilidade Social do Grupo Colorado, Josimara Ribeiro de Mendon\u00e7a citou a frase do personagem de Will Smith no filme \u00c0 Procura da Felicidade durante sua fala na cerim\u00f4nia de posse da primeira presidenta do Rotaract Orl\u00e2ndia, realizada na noite de 15 de agosto na sede do Rotary Clube do munic\u00edpio.<br \/>\nJosy foi convidada a representar a presen\u00e7a feminina na solenidade em que Gabriel Campassi transmitiu a presid\u00eancia do Rotaract Orl\u00e2ndia para Tamires Coelho Pinheiro de Lima, a primeira jovem mulher que ir\u00e1 conduzir esse movimento global na cidade.<br \/>\nH\u00e1 mais de 50 anos, o Rotaract re\u00fane jovens de 18 a 30 anos por causas muito importantes para a comunidade. Por meio do Programa Novas Gera\u00e7\u00f5es, al\u00e9m de realizarem projetos de cunho humanit\u00e1rio, os membros do Rotaract t\u00eam a oportunidade de crescerem profissionalmente, tamb\u00e9m de desenvolverem suas habilidades de lideran\u00e7a e descobrirem a for\u00e7a do lema: dar de si antes de pensar em si. Esta \u00e9 uma linda li\u00e7\u00e3o para todos n\u00f3s que pensamos na comunidade e realizamos trabalhos volunt\u00e1rios.<br \/>\nA cerim\u00f4nia contou tamb\u00e9m com as presen\u00e7as do Casal Governador do Distrito do Rotary, Gilberto de Carvalho e Cl\u00e1udia Regina Pereira; do presidente do Rotary Clube de Orl\u00e2ndia, Daniel Orlando, do rotariano que \u00e9 coordenador do Rotaract local, Ivan Edson, da representante distrital, Priscila. Josy esteve acompanhada pela supervisora de Responsabilidade Social e Comunica\u00e7\u00e3o do Grupo Colorado, Maria In\u00eas Marc\u00f3rio Guedes Moreira de Carvalho, pela secret\u00e1ria Elaine Carniel Mian e pela psicopedagoga C\u00e9lia Piai .<\/p>\n","protected":false},"excerpt":{"rendered":"<p>\u201cNunca deixe que algu\u00e9m lhe diga que n\u00e3o pode fazer algo. Se voc\u00ea tem um sonho, tem que proteg\u00ea-lo. As pessoas que n\u00e3o podem fazer por si mesmas, dir\u00e3o que&#8230;<\/p>\n","protected":false},"author":2,"featured_media":543,"comment_status":"open","ping_status":"open","sticky":false,"template":"","format":"standard","meta":{"footnotes":""},"categories":[13],"tags":[],"class_list":{"0":"post-542","1":"post","2":"type-post","3":"status-publish","4":"format-standard","5":"has-post-thumbnail","7":"category-na-cidade"},"_links":{"self":[{"href":"https:\/\/www.colorado.com.br\/nosdacolorado\/wp-json\/wp\/v2\/posts\/542","targetHints":{"allow":["GET"]}}],"collection":[{"href":"https:\/\/www.colorado.com.br\/nosdacolorado\/wp-json\/wp\/v2\/posts"}],"about":[{"href":"https:\/\/www.colorado.com.br\/nosdacolorado\/wp-json\/wp\/v2\/types\/post"}],"author":[{"embeddable":true,"href":"https:\/\/www.colorado.com.br\/nosdacolorado\/wp-json\/wp\/v2\/users\/2"}],"replies":[{"embeddable":true,"href":"https:\/\/www.colorado.com.br\/nosdacolorado\/wp-json\/wp\/v2\/comments?post=542"}],"version-history":[{"count":1,"href":"https:\/\/www.colorado.com.br\/nosdacolorado\/wp-json\/wp\/v2\/posts\/542\/revisions"}],"predecessor-version":[{"id":545,"href":"https:\/\/www.colorado.com.br\/nosdacolorado\/wp-json\/wp\/v2\/posts\/542\/revisions\/545"}],"wp:featuredmedia":[{"embeddable":true,"href":"https:\/\/www.colorado.com.br\/nosdacolorado\/wp-json\/wp\/v2\/media\/543"}],"wp:attachment":[{"href":"https:\/\/www.colorado.com.br\/nosdacolorado\/wp-json\/wp\/v2\/media?parent=542"}],"wp:term":[{"taxonomy":"category","embeddable":true,"href":"https:\/\/www.colorado.com.br\/nosdacolorado\/wp-json\/wp\/v2\/categories?post=542"},{"taxonomy":"post_tag","embeddable":true,"href":"https:\/\/www.colorado.com.br\/nosdacolorado\/wp-json\/wp\/v2\/tags?post=542"}],"curies":[{"name":"wp","href":"https:\/\/api.w.org\/{rel}","templated":true}]}}