{"id":551,"date":"2019-09-10T11:06:54","date_gmt":"2019-09-10T14:06:54","guid":{"rendered":"http:\/\/www.colorado.com.br\/nosdacolorado\/?p=551"},"modified":"2019-09-19T11:10:04","modified_gmt":"2019-09-19T14:10:04","slug":"usina-colorado-doa-bebedouros-para-a-santa-casa-de-guaira","status":"publish","type":"post","link":"https:\/\/www.colorado.com.br\/nosdacolorado\/usina-colorado-doa-bebedouros-para-a-santa-casa-de-guaira\/","title":{"rendered":"Usina Colorado doa bebedouros para a Santa Casa de Gua\u00edra"},"content":{"rendered":"<p>Como forma de participar do movimento comunit\u00e1rio de recupera\u00e7\u00e3o da Santa Casa de Gua\u00edra, \u00fanico hospital do munic\u00edpio e patrim\u00f4nio da comunidade, a Usina Colorado acaba de doar dois bebedouros para a institui\u00e7\u00e3o de sa\u00fade.<br \/>\nEsta, no entanto, n\u00e3o \u00e9 a primeira doa\u00e7\u00e3o registrada pela Usina Colorado ao hospital. Em 1997, o patriarca do Grupo Colorado, Oswaldo Ribeiro de Mendon\u00e7a importou e doou \u00e0 Santa Casa o aparelho de videolaparoscopia de \u00faltima gera\u00e7\u00e3o, um dos primeiros da microrregi\u00e3o de Gua\u00edra e que, devido \u00e0 sua alta tecnologia, permanece em uso at\u00e9 hoje. Na \u00e9poca, a chegada do equipamento promoveu uma evolu\u00e7\u00e3o na t\u00e9cnica cir\u00fargica do munic\u00edpio e at\u00e9 mesmo levou \u00e0 atualiza\u00e7\u00e3o dos profissionais de sa\u00fade.<br \/>\nNo dia 22 de agosto, o aparelho passou por Manuten\u00e7\u00e3o Preventiva, ou seja,um verdadeiro \u201ccheck up\u201d que garante seu uso sem qualquer intercorr\u00eancia. Em retribui\u00e7\u00e3o \u00e0 importante doa\u00e7\u00e3o, a Santa Casa deu o nome de Oswaldo Ribeiro de Mendon\u00e7a \u00e0 sala de cirurgia do hospital.<br \/>\nUma homenagem tocante da Santa Casa que, como hospital beneficente, luta para sobreviver. Os bebedouros doados foram instalados no centro de Diagn\u00f3stico por Imagem e na sala da brinquedoteca para Pacientes SUS.<br \/>\nDesde outubro de 2018, a Santa Casa est\u00e1 sob interven\u00e7\u00e3o do munic\u00edpio. A medida foi tomada como forma de sanar as contas do hospital que estava devendo mais de R$ 6 milh\u00f5es, sendo R$ 700 mil para m\u00e9dicos e funcion\u00e1rios com sal\u00e1rios atrasados. O hospital renegociou d\u00e9bitos com fornecedores para que os atendimentos n\u00e3o sofressem interrup\u00e7\u00e3o.<br \/>\nO \u00fanico hospital da cidade, realiza no Pronto Atendimento cerca de 600 consultas por m\u00eas, 120 interna\u00e7\u00f5es cl\u00ednicas e 150 cirurgias ao m\u00eas, contabiliza a administradora Hospitalar Nayara Della Valentina, Formada em Administra\u00e7\u00e3o de Empresa com especializa\u00e7\u00e3o MBA em Gest\u00e3o Hospitalar (FGV)<br \/>\nA institui\u00e7\u00e3o atende a clientes do SUS, conv\u00eanios e particulares. Possui 60 leitos e tem realizado uma ampla campanha junto \u00e0 sociedade guairense para sua recupera\u00e7\u00e3o.<\/p>\n<p>&nbsp;<\/p>\n<p><strong>SAIBA MAIS<\/strong><\/p>\n<p>Videolaparoscopia \u00e9 uma t\u00e9cnica cir\u00fargica minimamente invasiva realizada por aux\u00edlio de uma endoc\u00e2mera, de forma a assegurar aos pacientes um pronto restabelecimento com menos dor no per\u00edodo p\u00f3s-operat\u00f3rio, com alta hospitalar e retorno as atividades mais rapidamente.<br \/>\nNa videolaparoscopia a cirurgia \u00e9 realizada com aux\u00edlio de uma c\u00e2mera de v\u00eddeo e pin\u00e7as introduzidas na cavidade abdominal por meio de incis\u00f5es de at\u00e9 1 cent\u00edmetro. A c\u00e2mera capta as imagens que s\u00e3o ampliadas e projetadas em um monitor de alta resolu\u00e7\u00e3o. Este procedimento traz seguran\u00e7a ao cirurgi\u00e3o e conforto aos doentes, permitindo altas hospitalares, permitindo maior n\u00famero de procedimentos.<br \/>\nA videolaparoscopia pode tornar o trabalho do profissional de sa\u00fade ainda mais preciso e \u00e1gil.<\/p>\n<p style=\"text-align: center;\"><strong>A Santa Casa de Gua\u00edra precisa do apoio da comunidade. Para fazer contribui\u00e7\u00f5es, entre em contato com a administra\u00e7\u00e3o do hospital pelo telefone (17) 3332-7000.<\/strong><\/p>\n<p>&nbsp;<\/p>\n","protected":false},"excerpt":{"rendered":"<p>Como forma de participar do movimento comunit\u00e1rio de recupera\u00e7\u00e3o da Santa Casa de Gua\u00edra, \u00fanico hospital do munic\u00edpio e patrim\u00f4nio da comunidade, a Usina Colorado acaba de doar dois bebedouros&#8230;<\/p>\n","protected":false},"author":2,"featured_media":552,"comment_status":"open","ping_status":"open","sticky":false,"template":"","format":"standard","meta":{"footnotes":""},"categories":[12,13],"tags":[],"class_list":{"0":"post-551","1":"post","2":"type-post","3":"status-publish","4":"format-standard","5":"has-post-thumbnail","7":"category-fazer-o-bem","8":"category-na-cidade"},"_links":{"self":[{"href":"https:\/\/www.colorado.com.br\/nosdacolorado\/wp-json\/wp\/v2\/posts\/551","targetHints":{"allow":["GET"]}}],"collection":[{"href":"https:\/\/www.colorado.com.br\/nosdacolorado\/wp-json\/wp\/v2\/posts"}],"about":[{"href":"https:\/\/www.colorado.com.br\/nosdacolorado\/wp-json\/wp\/v2\/types\/post"}],"author":[{"embeddable":true,"href":"https:\/\/www.colorado.com.br\/nosdacolorado\/wp-json\/wp\/v2\/users\/2"}],"replies":[{"embeddable":true,"href":"https:\/\/www.colorado.com.br\/nosdacolorado\/wp-json\/wp\/v2\/comments?post=551"}],"version-history":[{"count":1,"href":"https:\/\/www.colorado.com.br\/nosdacolorado\/wp-json\/wp\/v2\/posts\/551\/revisions"}],"predecessor-version":[{"id":553,"href":"https:\/\/www.colorado.com.br\/nosdacolorado\/wp-json\/wp\/v2\/posts\/551\/revisions\/553"}],"wp:featuredmedia":[{"embeddable":true,"href":"https:\/\/www.colorado.com.br\/nosdacolorado\/wp-json\/wp\/v2\/media\/552"}],"wp:attachment":[{"href":"https:\/\/www.colorado.com.br\/nosdacolorado\/wp-json\/wp\/v2\/media?parent=551"}],"wp:term":[{"taxonomy":"category","embeddable":true,"href":"https:\/\/www.colorado.com.br\/nosdacolorado\/wp-json\/wp\/v2\/categories?post=551"},{"taxonomy":"post_tag","embeddable":true,"href":"https:\/\/www.colorado.com.br\/nosdacolorado\/wp-json\/wp\/v2\/tags?post=551"}],"curies":[{"name":"wp","href":"https:\/\/api.w.org\/{rel}","templated":true}]}}