{"id":584,"date":"2019-09-05T11:45:24","date_gmt":"2019-09-05T14:45:24","guid":{"rendered":"http:\/\/www.colorado.com.br\/nosdacolorado\/?p=584"},"modified":"2019-09-19T11:51:00","modified_gmt":"2019-09-19T14:51:00","slug":"jovens-alunos-do-pet-novas-conexoes-visitam-a-usina","status":"publish","type":"post","link":"https:\/\/www.colorado.com.br\/nosdacolorado\/jovens-alunos-do-pet-novas-conexoes-visitam-a-usina\/","title":{"rendered":"Jovens alunos do PET &#8211; Novas Conex\u00f5es  visitam a usina"},"content":{"rendered":"<p>A Usina Colorado que \u00e9 financiadora do Programa de Educa\u00e7\u00e3o para o Trabalho \u2013 PET Novas Conex\u00f5es, recebeu no dia 17 de agosto, alunos do curso para uma visita. O apoio ao PET refor\u00e7a o investimento na forma\u00e7\u00e3o de jovens para o mercado de trabalho como um dos valores da empresa.<br \/>\nOs estudantes visitaram o Parque Industrial da Usina Colorado e a Biblioteca Engenho do Conhecimento, que funciona dentro da empresa com a miss\u00e3o de disseminar o h\u00e1bito da leitura para colaboradores.<br \/>\nFoi um oportunidade para saberem mais sobre o compromisso da Usina Colorado com o PET. A supervisora de Comunica\u00e7\u00e3o Social e Responsabilidade Social do Grupo Colorado, Maria In\u00eas Marc\u00f3rio Guedes Moreira de Carvalho detalhou aspectos da empresa, desde sua funda\u00e7\u00e3o, at\u00e9 o conglomerado atual e suas a\u00e7\u00f5es e projetos da \u00e1rea de Responsabilidade. Como forma de influenciar cidad\u00e3o do futuro, os alunos receberam exemplar do Relat\u00f3rio de Sustentabilidade do Grupo Colorado.<br \/>\nA iniciativa tem apoio da Sociedade Guairense de Benefic\u00eancia &#8211; Sogube e \u00e9 uma realiza\u00e7\u00e3o do Senac Barretos. O curso, iniciado a 1\u00ba de abril ser\u00e1 encerrado no m\u00eas de novembro com a entrega dos certificados de conclus\u00e3o a 25 participantes depois de terem cursado 330 horas aula.<br \/>\nTrata-se de uma alternativa real para jovens de 14 a 21 anos que estejam cursando a partir do s\u00e9timo ano do ensino fundamental, a antiga sexta s\u00e9rie.<br \/>\nO PET tem o objetivo de contribuir para o desenvolvimento pessoal e profissional de jovens socialmente desfavorecidos, auxiliando-os no desenvolvimento de compet\u00eancias que ampliem suas possibilidades de inser\u00e7\u00e3o no mercado de trabalho, gera\u00e7\u00e3o de renda e participa\u00e7\u00e3o na sociedade.<\/p>\n\n\t\t<style type=\"text\/css\">\n\t\t\t#gallery-1 {\n\t\t\t\tmargin: auto;\n\t\t\t}\n\t\t\t#gallery-1 .gallery-item {\n\t\t\t\tfloat: left;\n\t\t\t\tmargin-top: 10px;\n\t\t\t\ttext-align: center;\n\t\t\t\twidth: 33%;\n\t\t\t}\n\t\t\t#gallery-1 img {\n\t\t\t\tborder: 2px solid #cfcfcf;\n\t\t\t}\n\t\t\t#gallery-1 .gallery-caption {\n\t\t\t\tmargin-left: 0;\n\t\t\t}\n\t\t\t\/* see gallery_shortcode() in wp-includes\/media.php *\/\n\t\t<\/style>\n\t\t<div data-carousel-extra='{\"blog_id\":1,\"permalink\":\"https:\\\/\\\/www.colorado.com.br\\\/nosdacolorado\\\/jovens-alunos-do-pet-novas-conexoes-visitam-a-usina\\\/\"}' id='gallery-1' class='gallery galleryid-584 gallery-columns-3 gallery-size-full'><dl class='gallery-item'>\n\t\t\t<dt class='gallery-icon landscape'>\n\t\t\t\t<a href='https:\/\/www.colorado.com.br\/nosdacolorado\/jovens-alunos-do-pet-novas-conexoes-visitam-a-usina\/dsc04305\/'><img loading=\"lazy\" decoding=\"async\" data-attachment-id=\"586\" data-orig-file=\"https:\/\/www.colorado.com.br\/nosdacolorado\/wp-content\/uploads\/2019\/09\/DSC04305.jpg\" data-orig-size=\"1772,1178\" data-comments-opened=\"1\" data-image-meta=\"{&quot;aperture&quot;:&quot;4&quot;,&quot;credit&quot;:&quot;&quot;,&quot;camera&quot;:&quot;SLT-A57&quot;,&quot;caption&quot;:&quot;&quot;,&quot;created_timestamp&quot;:&quot;1560778452&quot;,&quot;copyright&quot;:&quot;&quot;,&quot;focal_length&quot;:&quot;18&quot;,&quot;iso&quot;:&quot;800&quot;,&quot;shutter_speed&quot;:&quot;0.016666666666667&quot;,&quot;title&quot;:&quot;&quot;,&quot;orientation&quot;:&quot;1&quot;,&quot;keywords&quot;:&quot;Array&quot;}\" data-image-title=\"DSC04305\" data-image-description=\"\" data-medium-file=\"https:\/\/www.colorado.com.br\/nosdacolorado\/wp-content\/uploads\/2019\/09\/DSC04305-300x199.jpg\" data-large-file=\"https:\/\/www.colorado.com.br\/nosdacolorado\/wp-content\/uploads\/2019\/09\/DSC04305-1024x681.jpg\" width=\"1772\" height=\"1178\" src=\"https:\/\/www.colorado.com.br\/nosdacolorado\/wp-content\/uploads\/2019\/09\/DSC04305.jpg\" class=\"attachment-full size-full\" alt=\"\" srcset=\"https:\/\/www.colorado.com.br\/nosdacolorado\/wp-content\/uploads\/2019\/09\/DSC04305.jpg 1772w, https:\/\/www.colorado.com.br\/nosdacolorado\/wp-content\/uploads\/2019\/09\/DSC04305-300x199.jpg 300w, https:\/\/www.colorado.com.br\/nosdacolorado\/wp-content\/uploads\/2019\/09\/DSC04305-768x511.jpg 768w, https:\/\/www.colorado.com.br\/nosdacolorado\/wp-content\/uploads\/2019\/09\/DSC04305-1024x681.jpg 1024w\" sizes=\"auto, (max-width: 1772px) 100vw, 1772px\" \/><\/a>\n\t\t\t<\/dt><\/dl><dl class='gallery-item'>\n\t\t\t<dt class='gallery-icon landscape'>\n\t\t\t\t<a href='https:\/\/www.colorado.com.br\/nosdacolorado\/jovens-alunos-do-pet-novas-conexoes-visitam-a-usina\/dsc04303\/'><img loading=\"lazy\" decoding=\"async\" data-attachment-id=\"585\" data-orig-file=\"https:\/\/www.colorado.com.br\/nosdacolorado\/wp-content\/uploads\/2019\/09\/DSC04303.jpg\" data-orig-size=\"1772,1178\" data-comments-opened=\"1\" data-image-meta=\"{&quot;aperture&quot;:&quot;4&quot;,&quot;credit&quot;:&quot;&quot;,&quot;camera&quot;:&quot;SLT-A57&quot;,&quot;caption&quot;:&quot;&quot;,&quot;created_timestamp&quot;:&quot;1560778431&quot;,&quot;copyright&quot;:&quot;&quot;,&quot;focal_length&quot;:&quot;18&quot;,&quot;iso&quot;:&quot;800&quot;,&quot;shutter_speed&quot;:&quot;0.016666666666667&quot;,&quot;title&quot;:&quot;&quot;,&quot;orientation&quot;:&quot;1&quot;,&quot;keywords&quot;:&quot;Array&quot;}\" data-image-title=\"DSC04303\" data-image-description=\"\" data-medium-file=\"https:\/\/www.colorado.com.br\/nosdacolorado\/wp-content\/uploads\/2019\/09\/DSC04303-300x199.jpg\" data-large-file=\"https:\/\/www.colorado.com.br\/nosdacolorado\/wp-content\/uploads\/2019\/09\/DSC04303-1024x681.jpg\" width=\"1772\" height=\"1178\" src=\"https:\/\/www.colorado.com.br\/nosdacolorado\/wp-content\/uploads\/2019\/09\/DSC04303.jpg\" class=\"attachment-full size-full\" alt=\"\" srcset=\"https:\/\/www.colorado.com.br\/nosdacolorado\/wp-content\/uploads\/2019\/09\/DSC04303.jpg 1772w, https:\/\/www.colorado.com.br\/nosdacolorado\/wp-content\/uploads\/2019\/09\/DSC04303-300x199.jpg 300w, https:\/\/www.colorado.com.br\/nosdacolorado\/wp-content\/uploads\/2019\/09\/DSC04303-768x511.jpg 768w, https:\/\/www.colorado.com.br\/nosdacolorado\/wp-content\/uploads\/2019\/09\/DSC04303-1024x681.jpg 1024w\" sizes=\"auto, (max-width: 1772px) 100vw, 1772px\" \/><\/a>\n\t\t\t<\/dt><\/dl><dl class='gallery-item'>\n\t\t\t<dt class='gallery-icon landscape'>\n\t\t\t\t<a href='https:\/\/www.colorado.com.br\/nosdacolorado\/jovens-alunos-do-pet-novas-conexoes-visitam-a-usina\/dsc04329\/'><img loading=\"lazy\" decoding=\"async\" data-attachment-id=\"587\" data-orig-file=\"https:\/\/www.colorado.com.br\/nosdacolorado\/wp-content\/uploads\/2019\/09\/DSC04329.jpg\" data-orig-size=\"1772,1178\" data-comments-opened=\"1\" data-image-meta=\"{&quot;aperture&quot;:&quot;5.6&quot;,&quot;credit&quot;:&quot;&quot;,&quot;camera&quot;:&quot;SLT-A57&quot;,&quot;caption&quot;:&quot;&quot;,&quot;created_timestamp&quot;:&quot;1560781157&quot;,&quot;copyright&quot;:&quot;&quot;,&quot;focal_length&quot;:&quot;18&quot;,&quot;iso&quot;:&quot;100&quot;,&quot;shutter_speed&quot;:&quot;0.008&quot;,&quot;title&quot;:&quot;&quot;,&quot;orientation&quot;:&quot;1&quot;,&quot;keywords&quot;:&quot;Array&quot;}\" data-image-title=\"DSC04329\" data-image-description=\"\" data-medium-file=\"https:\/\/www.colorado.com.br\/nosdacolorado\/wp-content\/uploads\/2019\/09\/DSC04329-300x199.jpg\" data-large-file=\"https:\/\/www.colorado.com.br\/nosdacolorado\/wp-content\/uploads\/2019\/09\/DSC04329-1024x681.jpg\" width=\"1772\" height=\"1178\" src=\"https:\/\/www.colorado.com.br\/nosdacolorado\/wp-content\/uploads\/2019\/09\/DSC04329.jpg\" class=\"attachment-full size-full\" alt=\"\" srcset=\"https:\/\/www.colorado.com.br\/nosdacolorado\/wp-content\/uploads\/2019\/09\/DSC04329.jpg 1772w, https:\/\/www.colorado.com.br\/nosdacolorado\/wp-content\/uploads\/2019\/09\/DSC04329-300x199.jpg 300w, https:\/\/www.colorado.com.br\/nosdacolorado\/wp-content\/uploads\/2019\/09\/DSC04329-768x511.jpg 768w, https:\/\/www.colorado.com.br\/nosdacolorado\/wp-content\/uploads\/2019\/09\/DSC04329-1024x681.jpg 1024w\" sizes=\"auto, (max-width: 1772px) 100vw, 1772px\" \/><\/a>\n\t\t\t<\/dt><\/dl><br style=\"clear: both\" \/>\n\t\t<\/div>\n\n<h2>Alunos do PET Novas Conex\u00f5es recebem uniformes doados pela Usina Colorado<\/h2>\n<p><img loading=\"lazy\" decoding=\"async\" class=\"aligncenter wp-image-589 size-full\" src=\"http:\/\/www.colorado.com.br\/nosdacolorado\/wp-content\/uploads\/2019\/09\/DSC04031.jpg\" alt=\"\" width=\"1772\" height=\"1178\" srcset=\"https:\/\/www.colorado.com.br\/nosdacolorado\/wp-content\/uploads\/2019\/09\/DSC04031.jpg 1772w, https:\/\/www.colorado.com.br\/nosdacolorado\/wp-content\/uploads\/2019\/09\/DSC04031-300x199.jpg 300w, https:\/\/www.colorado.com.br\/nosdacolorado\/wp-content\/uploads\/2019\/09\/DSC04031-768x511.jpg 768w, https:\/\/www.colorado.com.br\/nosdacolorado\/wp-content\/uploads\/2019\/09\/DSC04031-1024x681.jpg 1024w\" sizes=\"auto, (max-width: 1772px) 100vw, 1772px\" \/><\/p>\n<p>Com o aporte financeiro da Usina Colorado o Programa de Educa\u00e7\u00e3o para o Trabalho \u2013 PET Novas Conex\u00f5es j\u00e1 totalizou 1.102 jovens formados desde o ano de 2003, nos munic\u00edpios de Gua\u00edra, Ipu\u00e3 e Miguel\u00f3polis.<br \/>\nA turma atual do PET Novas Conex\u00f5es, de Gua\u00edra,que iniciou as aulas no dia 1\u00ba de abril, receberam no dia 12 de junho as camisetas que s\u00e3o os uniformes do curso. Eles foram doados pela Usina Colorado,<br \/>\nA realiza\u00e7\u00e3o do PET Novas Conex\u00f5es conta com o apoio da Sociedade Guairense de Benefic\u00eancia &#8211; Sogube e \u00e9 uma realiza\u00e7\u00e3o do Senac Barretos.<\/p>\n","protected":false},"excerpt":{"rendered":"<p>A Usina Colorado que \u00e9 financiadora do Programa de Educa\u00e7\u00e3o para o Trabalho \u2013 PET Novas Conex\u00f5es, recebeu no dia 17 de agosto, alunos do curso para uma visita. O&#8230;<\/p>\n","protected":false},"author":2,"featured_media":588,"comment_status":"open","ping_status":"open","sticky":false,"template":"","format":"standard","meta":{"footnotes":""},"categories":[11,13],"tags":[],"class_list":{"0":"post-584","1":"post","2":"type-post","3":"status-publish","4":"format-standard","5":"has-post-thumbnail","7":"category-acontece-na-colorado","8":"category-na-cidade"},"_links":{"self":[{"href":"https:\/\/www.colorado.com.br\/nosdacolorado\/wp-json\/wp\/v2\/posts\/584","targetHints":{"allow":["GET"]}}],"collection":[{"href":"https:\/\/www.colorado.com.br\/nosdacolorado\/wp-json\/wp\/v2\/posts"}],"about":[{"href":"https:\/\/www.colorado.com.br\/nosdacolorado\/wp-json\/wp\/v2\/types\/post"}],"author":[{"embeddable":true,"href":"https:\/\/www.colorado.com.br\/nosdacolorado\/wp-json\/wp\/v2\/users\/2"}],"replies":[{"embeddable":true,"href":"https:\/\/www.colorado.com.br\/nosdacolorado\/wp-json\/wp\/v2\/comments?post=584"}],"version-history":[{"count":1,"href":"https:\/\/www.colorado.com.br\/nosdacolorado\/wp-json\/wp\/v2\/posts\/584\/revisions"}],"predecessor-version":[{"id":590,"href":"https:\/\/www.colorado.com.br\/nosdacolorado\/wp-json\/wp\/v2\/posts\/584\/revisions\/590"}],"wp:featuredmedia":[{"embeddable":true,"href":"https:\/\/www.colorado.com.br\/nosdacolorado\/wp-json\/wp\/v2\/media\/588"}],"wp:attachment":[{"href":"https:\/\/www.colorado.com.br\/nosdacolorado\/wp-json\/wp\/v2\/media?parent=584"}],"wp:term":[{"taxonomy":"category","embeddable":true,"href":"https:\/\/www.colorado.com.br\/nosdacolorado\/wp-json\/wp\/v2\/categories?post=584"},{"taxonomy":"post_tag","embeddable":true,"href":"https:\/\/www.colorado.com.br\/nosdacolorado\/wp-json\/wp\/v2\/tags?post=584"}],"curies":[{"name":"wp","href":"https:\/\/api.w.org\/{rel}","templated":true}]}}