{"id":597,"date":"2019-09-12T12:01:58","date_gmt":"2019-09-12T15:01:58","guid":{"rendered":"http:\/\/www.colorado.com.br\/nosdacolorado\/?p=597"},"modified":"2019-09-19T12:05:22","modified_gmt":"2019-09-19T15:05:22","slug":"fundacao-abrinq-reconhece-mais-uma-vez-usina-colorado-como-empresa-amiga-da-crianca","status":"publish","type":"post","link":"https:\/\/www.colorado.com.br\/nosdacolorado\/fundacao-abrinq-reconhece-mais-uma-vez-usina-colorado-como-empresa-amiga-da-crianca\/","title":{"rendered":"Funda\u00e7\u00e3o Abrinq reconhece mais uma vez Usina Colorado como empresa Amiga da Crian\u00e7a"},"content":{"rendered":"<p>Parceira da Funda\u00e7\u00e3o Abrinq desde 1995, a Usina Colorado recebeu a renova\u00e7\u00e3o do selo Empresa Amiga da Crian\u00e7a em reconhecimento \u00e0s iniciativas em defesa dos direitos das crian\u00e7as e dos adolescentes.<br \/>\nA empresa \u00e9 uma das 89 do pa\u00eds que h\u00e1 mais tempo receberam o certificado que atesta o respeito \u00e0 inf\u00e2ncia e o seu compromisso com as a\u00e7\u00f5es sociais realizadas em benef\u00edcio dos cidad\u00e3os que s\u00e3o a esperan\u00e7a do Brasil do futuro.<br \/>\nEntre as a\u00e7\u00f5es decisivas da Usina Colorado para a conquista do selo est\u00e3o o investimento cont\u00ednuo na forma\u00e7\u00e3o de jovens e a promo\u00e7\u00e3o de cursos para gestantes. Desde 2OO2, a empresa destina recursos para a forma\u00e7\u00e3o de jovens para o mercado de trabalho, por meio do financiamento do Programa de Educa\u00e7\u00e3o para o Trabalho &#8211; PET &#8211; Novas Conex\u00f5es, realizado pelo Senac. At\u00e9 2018, 1.102 jovens foram formados pela iniciativa. Cerca de 95% dos alunos s\u00e3o dos munic\u00edpios de Gua\u00edra e Miguel\u00f3polis.<br \/>\nComo forma de apoiar a sa\u00fade materno infantil, a Usina Colorado oferece a colaboradoras gestantes e tamb\u00e9m \u00e0s esposas dos colaboradores o curso para gestantes, que re\u00fane profissionais especializados nas \u00e1reas de obstetr\u00edcia, pediatria, nutri\u00e7\u00e3o, psicologia, que prestam orienta\u00e7\u00f5es precisas para garantir uma experi\u00eancia positiva para toda a fam\u00edlia. S\u00e3o mais de 30 cursos realizados e cerca de 700 mulheres assistidas.<br \/>\n\u201cO desafio da Usina Colorado \u00e9 o de atuar em rede para potencializar o trabalho em defesa da inf\u00e2ncia e da adolesc\u00eancia. Esta \u00e9, tamb\u00e9m, uma forma de promover a responsabilidade social da empresa, engajando e motivando os colaboradores e a sociedade para que ajudem a transformar a vida de milhares de crian\u00e7as e adolescentes que precisam da nossa ajuda. O momento \u00e9 agora\u201d, destaca a diretora de Responsabilidade Social do Grupo Colorado, Josimara Ribeiro de Mendon\u00e7a, sobre a renova\u00e7\u00e3o do selo.<br \/>\n\u201cParabenizamos a Usina Colorado pelo engajamento social e compromisso de sua empresa com a causa da inf\u00e2ncia e adolesc\u00eancia Sua empresa tem papel fundamental na mudan\u00e7a de nossa sociedade e a Funda\u00e7\u00e3o Abrinq se orgulha de reconhec\u00ea-los como uma Empresa Amiga da Crian\u00e7a!\u201d, destacou Djair Silva, do setor de Prote\u00e7\u00e3o da Funda\u00e7\u00e3o Abrinq.<br \/>\nEntre as iniciativas que levaram \u00e0 renova\u00e7\u00e3o do Selo da Usina Colorado est\u00e3o as doa\u00e7\u00f5es incentivadas realizadas aos Fundos dos Direitos da Crian\u00e7a e do Adolescente dos munic\u00edpios de Ipu\u00e3, Gua\u00edra, Orl\u00e2ndia e Miguel\u00f3polis, que permite a continuidade de projetos importantes para o desenvolvimento integral de crian\u00e7as, adolescentes e de suas fam\u00edlias.<br \/>\nOutro ponto de destaque para o reconhecimento da Usina como Empresa Amiga da Crian\u00e7a \u00e9 o permanente incentivo ao Voluntariado Empresarial, o desenvolvimento de a\u00e7\u00f5es de Responsabilidade Social junto \u00e0 comunidade, al\u00e9m do Investimento Social Privado e dos Incentivos Fiscais voltado \u00e0s causas importantes para as comunidades junto \u00e0s quais a empresa mant\u00eam suas atividades produtivas.<\/p>\n<p>&nbsp;<\/p>\n<h3><img loading=\"lazy\" decoding=\"async\" class=\"alignnone size-medium wp-image-599\" src=\"http:\/\/www.colorado.com.br\/nosdacolorado\/wp-content\/uploads\/2019\/09\/certificadoabrinq-300x242.jpg\" alt=\"\" width=\"300\" height=\"242\" srcset=\"https:\/\/www.colorado.com.br\/nosdacolorado\/wp-content\/uploads\/2019\/09\/certificadoabrinq-300x242.jpg 300w, https:\/\/www.colorado.com.br\/nosdacolorado\/wp-content\/uploads\/2019\/09\/certificadoabrinq-768x620.jpg 768w, https:\/\/www.colorado.com.br\/nosdacolorado\/wp-content\/uploads\/2019\/09\/certificadoabrinq-1024x827.jpg 1024w\" sizes=\"auto, (max-width: 300px) 100vw, 300px\" \/><\/h3>\n<h3>Os compromissos da Usina Colorado como empresa Amiga da Crian\u00e7a:<\/h3>\n<p>&#8211; N\u00e3o explorar o trabalho infantil e n\u00e3o permitir em sua cadeia produtiva.<\/p>\n<p>&#8211; Promover a forma\u00e7\u00e3o profissional e acesso ao emprego protegido para adolescentes<\/p>\n<p>&#8211; Realizar a\u00e7\u00f5es sociais em benef\u00edcio de crian\u00e7as e adolescentes.<\/p>\n","protected":false},"excerpt":{"rendered":"<p>Parceira da Funda\u00e7\u00e3o Abrinq desde 1995, a Usina Colorado recebeu a renova\u00e7\u00e3o do selo Empresa Amiga da Crian\u00e7a em reconhecimento \u00e0s iniciativas em defesa dos direitos das crian\u00e7as e dos&#8230;<\/p>\n","protected":false},"author":2,"featured_media":598,"comment_status":"open","ping_status":"open","sticky":false,"template":"","format":"standard","meta":{"footnotes":""},"categories":[11,7,12],"tags":[],"class_list":{"0":"post-597","1":"post","2":"type-post","3":"status-publish","4":"format-standard","5":"has-post-thumbnail","7":"category-acontece-na-colorado","8":"category-atualidade","9":"category-fazer-o-bem"},"_links":{"self":[{"href":"https:\/\/www.colorado.com.br\/nosdacolorado\/wp-json\/wp\/v2\/posts\/597","targetHints":{"allow":["GET"]}}],"collection":[{"href":"https:\/\/www.colorado.com.br\/nosdacolorado\/wp-json\/wp\/v2\/posts"}],"about":[{"href":"https:\/\/www.colorado.com.br\/nosdacolorado\/wp-json\/wp\/v2\/types\/post"}],"author":[{"embeddable":true,"href":"https:\/\/www.colorado.com.br\/nosdacolorado\/wp-json\/wp\/v2\/users\/2"}],"replies":[{"embeddable":true,"href":"https:\/\/www.colorado.com.br\/nosdacolorado\/wp-json\/wp\/v2\/comments?post=597"}],"version-history":[{"count":1,"href":"https:\/\/www.colorado.com.br\/nosdacolorado\/wp-json\/wp\/v2\/posts\/597\/revisions"}],"predecessor-version":[{"id":600,"href":"https:\/\/www.colorado.com.br\/nosdacolorado\/wp-json\/wp\/v2\/posts\/597\/revisions\/600"}],"wp:featuredmedia":[{"embeddable":true,"href":"https:\/\/www.colorado.com.br\/nosdacolorado\/wp-json\/wp\/v2\/media\/598"}],"wp:attachment":[{"href":"https:\/\/www.colorado.com.br\/nosdacolorado\/wp-json\/wp\/v2\/media?parent=597"}],"wp:term":[{"taxonomy":"category","embeddable":true,"href":"https:\/\/www.colorado.com.br\/nosdacolorado\/wp-json\/wp\/v2\/categories?post=597"},{"taxonomy":"post_tag","embeddable":true,"href":"https:\/\/www.colorado.com.br\/nosdacolorado\/wp-json\/wp\/v2\/tags?post=597"}],"curies":[{"name":"wp","href":"https:\/\/api.w.org\/{rel}","templated":true}]}}