{"id":6021,"date":"2020-08-03T14:31:17","date_gmt":"2020-08-03T17:31:17","guid":{"rendered":"http:\/\/www.colorado.com.br\/nosdacolorado\/?p=6021"},"modified":"2020-08-03T14:31:17","modified_gmt":"2020-08-03T17:31:17","slug":"prevencao-focos-de-incendios-aumentam-no-mes-de-agosto","status":"publish","type":"post","link":"https:\/\/www.colorado.com.br\/nosdacolorado\/prevencao-focos-de-incendios-aumentam-no-mes-de-agosto\/","title":{"rendered":"Preven\u00e7\u00e3o : Focos de Inc\u00eandios aumentam no m\u00eas de agosto"},"content":{"rendered":"<p>Durante o m\u00eas de agosto, aumentam as chances de fogo acidental em toda a regi\u00e3o. Isso porque \u00e9 um per\u00edodo do ano com ventos mais fortes e tempo seco, o que facilita que o fogo se espalhe. A neglig\u00eancia de motoristas e pedestres muitas vezes contribui para provocar o inc\u00eandio na lavoura. Para isso, basta uma bituca acesa de cigarro lan\u00e7ada \u00e0s margens da estrada&#8230;Inc\u00eandio\u00a0 \u00e0s margens de rodovias, al\u00e9m de causar danos ao meio ambiente, traz risco para os motoristas porque prejudica a visibilidade e tamb\u00e9m pode atingir planta\u00e7\u00f5es pr\u00f3ximas. A Usina Colorado colhe toda sua planta\u00e7\u00e3o de cana-de-a\u00e7\u00facar, crua e mecanicamente e,\u00a0 portanto, eliminou o uso do fogo para o despalhamento. Ent\u00e3o, se voc\u00ea verificar inc\u00eandio na lavoura, pode ter certeza, de que \u00e9 fogo acidental ou criminoso. Na foto, profissionais em um caminh\u00e3o bombeiro da Usina Colorado tentam controlar o in\u00edcio de inc\u00eandio \u00e0s margens de rodovia da regi\u00e3o.<\/p>\n","protected":false},"excerpt":{"rendered":"<p>Durante o m\u00eas de agosto, aumentam as chances de fogo acidental em toda a regi\u00e3o. Isso porque \u00e9 um per\u00edodo do ano com ventos mais fortes e tempo seco, o&#8230;<\/p>\n","protected":false},"author":2,"featured_media":6022,"comment_status":"open","ping_status":"open","sticky":false,"template":"","format":"standard","meta":{"footnotes":""},"categories":[11],"tags":[],"class_list":{"0":"post-6021","1":"post","2":"type-post","3":"status-publish","4":"format-standard","5":"has-post-thumbnail","7":"category-acontece-na-colorado"},"_links":{"self":[{"href":"https:\/\/www.colorado.com.br\/nosdacolorado\/wp-json\/wp\/v2\/posts\/6021","targetHints":{"allow":["GET"]}}],"collection":[{"href":"https:\/\/www.colorado.com.br\/nosdacolorado\/wp-json\/wp\/v2\/posts"}],"about":[{"href":"https:\/\/www.colorado.com.br\/nosdacolorado\/wp-json\/wp\/v2\/types\/post"}],"author":[{"embeddable":true,"href":"https:\/\/www.colorado.com.br\/nosdacolorado\/wp-json\/wp\/v2\/users\/2"}],"replies":[{"embeddable":true,"href":"https:\/\/www.colorado.com.br\/nosdacolorado\/wp-json\/wp\/v2\/comments?post=6021"}],"version-history":[{"count":1,"href":"https:\/\/www.colorado.com.br\/nosdacolorado\/wp-json\/wp\/v2\/posts\/6021\/revisions"}],"predecessor-version":[{"id":6023,"href":"https:\/\/www.colorado.com.br\/nosdacolorado\/wp-json\/wp\/v2\/posts\/6021\/revisions\/6023"}],"wp:featuredmedia":[{"embeddable":true,"href":"https:\/\/www.colorado.com.br\/nosdacolorado\/wp-json\/wp\/v2\/media\/6022"}],"wp:attachment":[{"href":"https:\/\/www.colorado.com.br\/nosdacolorado\/wp-json\/wp\/v2\/media?parent=6021"}],"wp:term":[{"taxonomy":"category","embeddable":true,"href":"https:\/\/www.colorado.com.br\/nosdacolorado\/wp-json\/wp\/v2\/categories?post=6021"},{"taxonomy":"post_tag","embeddable":true,"href":"https:\/\/www.colorado.com.br\/nosdacolorado\/wp-json\/wp\/v2\/tags?post=6021"}],"curies":[{"name":"wp","href":"https:\/\/api.w.org\/{rel}","templated":true}]}}