{"id":6057,"date":"2020-08-05T11:45:12","date_gmt":"2020-08-05T14:45:12","guid":{"rendered":"http:\/\/www.colorado.com.br\/nosdacolorado\/?p=6057"},"modified":"2020-08-05T11:45:12","modified_gmt":"2020-08-05T14:45:12","slug":"nova-lei-para-pcd-limita-compra-de-carro-com-isencao","status":"publish","type":"post","link":"https:\/\/www.colorado.com.br\/nosdacolorado\/nova-lei-para-pcd-limita-compra-de-carro-com-isencao\/","title":{"rendered":"Nova lei para PCD limita compra de carro com isen\u00e7\u00e3o"},"content":{"rendered":"<h2>Desconto no IPI e ICMS para compra de carro PCD pode passar a valer apenas para pessoas com defici\u00eancias de grau moderado ou grave<\/h2>\n<div class=\"jc-post-social-media-share\">\n<p>As isen\u00e7\u00f5es para compra de ve\u00edculos PCD passam a valer apenas\u00a0para quem tem<a href=\"https:\/\/www.estadao.com.br\/infograficos\/jornal-do-carro,conheca-seus-direitos,1001713\"><strong>\u00a0defici\u00eancias de grau moderado ou grave<\/strong><\/a>. As novas regras alteradas pelo\u00a0Conselho Nacional de Pol\u00edtica Fazend\u00e1ria (Confaz) foram publicadas na segunda-feira (3), no Di\u00e1rio Oficial da Uni\u00e3o (DOU).<\/p>\n<p>Se enquadram na categoria pessoas com defici\u00eancias que causem limita\u00e7\u00e3o parcial ou total de \u00e1reas do corpo que envolvam a seguran\u00e7a durante a condu\u00e7\u00e3o do ve\u00edculo.\u00a0No novo texto que regulamenta as isen\u00e7\u00f5es est\u00e3o especificadas \u201cforma de paraplegia, paraparesia, monoplegia, monoparesia, nanismo, tetraplegia, tetraparesia, triplegia, triparesia, hemiplegia, hemiparesia, amputa\u00e7\u00e3o ou aus\u00eancia de membro, paralisia cerebral, membros com deformidade cong\u00eanita ou adquirida, exceto as deformidades est\u00e9ticas e as que n\u00e3o produzam dificuldades para o desempenho de fun\u00e7\u00f5es\u201d.<\/p>\n<p>Para ter validade, a medida deve ser aprovada pelos Estados. O prazo \u00e9 de at\u00e9 15 dias ap\u00f3s a publica\u00e7\u00e3o no DOU. Isso porque a mudan\u00e7a envolve o recolhimento de IPI (Imposto sobre Produtos Industrializados), que \u00e9 federal; e do ICMS (Imposto sobre Circula\u00e7\u00e3o de Mercadorias e Servi\u00e7os), que \u00e9 estadual. A entrada em vigor ser\u00e1 em 1\u00ba de janeiro de 2021.<\/p>\n<p>Como ocorria anteriormente, a isen\u00e7\u00e3o est\u00e1 atrelada \u00e0 apresenta\u00e7\u00e3o de\u00a0<a href=\"https:\/\/jornaldocarro.estadao.com.br\/servicos\/pcd-area-exclusiva-cnh-sp\/?fbclid=IwAR0lnEwZDYruLjD9XEgKGDIbLslANEw4QeP8CMmlj6Hb7YzdGrdgHDabRlE\"><strong>laudo m\u00e9dico<\/strong><\/a>\u00a0que constate a defici\u00eancia \u201ctotal ou parcial\u201d para dirigir. A nova regra mant\u00e9m at\u00e9 tr\u00eas condutores autorizados a guiar o ve\u00edculo. Isso porque muitos benefici\u00e1rios t\u00eam limita\u00e7\u00f5es que os impedem de dirigir.<\/p>\n<h3>Qual era a regra para isen\u00e7\u00e3o de PCD at\u00e9 agora?<\/h3>\n<p>At\u00e9 ent\u00e3o, o n\u00famero de doen\u00e7as que garantiam as isen\u00e7\u00f5es fiscais era considerado muito amplo. O texto da lei n\u00ba 8.989\/1995 permitia interpreta\u00e7\u00f5es variadas. Inclu\u00eda, por exemplo, problemas neurol\u00f3gicos, c\u00e2ncer, diabetes, portadores do v\u00edrus HIV, esclerose m\u00faltipla e doen\u00e7as degenerativas, entre outros.<\/p>\n<p>Na pr\u00e1tica, qualquer pessoa que apresentasse sequelas motoras ou tivesse alguma doen\u00e7a que pudesse causar perda de for\u00e7a ou limita\u00e7\u00e3o ao movimento tinha direito ao benef\u00edcio. \u00c9 o caso, por exemplo, de artrose e tendinite, problemas que afetam um grande n\u00famero de brasileiros. Pela nova regra, esses motoristas dever\u00e3o perder o direito \u00e0s isen\u00e7\u00f5es.<\/p>\n<p>Prof. P\u00f3s Dr. especialista em direito de pessoas vulner\u00e1veis, Marcelo V\u00e1lio diz que a medida representa um retrocesso. \u201cO novo conv\u00eanio fere o principio da igualdade, pois trata pessoas iguais de forma desigual\u201d. De acordo com ele, a mudan\u00e7a tamb\u00e9m fere os princ\u00edpios da dignidade da pessoa humana e, eventualmente, do direito adquirido.<\/p>\n<p>&nbsp;<\/p>\n<\/div>\n","protected":false},"excerpt":{"rendered":"<p>Desconto no IPI e ICMS para compra de carro PCD pode passar a valer apenas para pessoas com defici\u00eancias de grau moderado ou grave As isen\u00e7\u00f5es para compra de ve\u00edculos&#8230;<\/p>\n","protected":false},"author":2,"featured_media":6058,"comment_status":"open","ping_status":"open","sticky":false,"template":"","format":"standard","meta":{"footnotes":""},"categories":[1],"tags":[],"class_list":{"0":"post-6057","1":"post","2":"type-post","3":"status-publish","4":"format-standard","5":"has-post-thumbnail","7":"category-sem-categoria"},"_links":{"self":[{"href":"https:\/\/www.colorado.com.br\/nosdacolorado\/wp-json\/wp\/v2\/posts\/6057","targetHints":{"allow":["GET"]}}],"collection":[{"href":"https:\/\/www.colorado.com.br\/nosdacolorado\/wp-json\/wp\/v2\/posts"}],"about":[{"href":"https:\/\/www.colorado.com.br\/nosdacolorado\/wp-json\/wp\/v2\/types\/post"}],"author":[{"embeddable":true,"href":"https:\/\/www.colorado.com.br\/nosdacolorado\/wp-json\/wp\/v2\/users\/2"}],"replies":[{"embeddable":true,"href":"https:\/\/www.colorado.com.br\/nosdacolorado\/wp-json\/wp\/v2\/comments?post=6057"}],"version-history":[{"count":1,"href":"https:\/\/www.colorado.com.br\/nosdacolorado\/wp-json\/wp\/v2\/posts\/6057\/revisions"}],"predecessor-version":[{"id":6059,"href":"https:\/\/www.colorado.com.br\/nosdacolorado\/wp-json\/wp\/v2\/posts\/6057\/revisions\/6059"}],"wp:featuredmedia":[{"embeddable":true,"href":"https:\/\/www.colorado.com.br\/nosdacolorado\/wp-json\/wp\/v2\/media\/6058"}],"wp:attachment":[{"href":"https:\/\/www.colorado.com.br\/nosdacolorado\/wp-json\/wp\/v2\/media?parent=6057"}],"wp:term":[{"taxonomy":"category","embeddable":true,"href":"https:\/\/www.colorado.com.br\/nosdacolorado\/wp-json\/wp\/v2\/categories?post=6057"},{"taxonomy":"post_tag","embeddable":true,"href":"https:\/\/www.colorado.com.br\/nosdacolorado\/wp-json\/wp\/v2\/tags?post=6057"}],"curies":[{"name":"wp","href":"https:\/\/api.w.org\/{rel}","templated":true}]}}