{"id":642,"date":"2019-10-03T16:42:36","date_gmt":"2019-10-03T19:42:36","guid":{"rendered":"http:\/\/www.colorado.com.br\/nosdacolorado\/?p=642"},"modified":"2026-03-04T14:29:12","modified_gmt":"2026-03-04T17:29:12","slug":"ame-se-cuide-se-hoje-foi-dia-de-conscientizacao-na-usina-colorado","status":"publish","type":"post","link":"https:\/\/www.colorado.com.br\/nosdacolorado\/ame-se-cuide-se-hoje-foi-dia-de-conscientizacao-na-usina-colorado\/","title":{"rendered":"Ame-se, Cuide-se! Hoje foi dia de conscientiza\u00e7\u00e3o na Usina Colorado"},"content":{"rendered":"<p>Hoje foi dia de conscientiza\u00e7\u00e3o sobre a import\u00e2ncia da preven\u00e7\u00e3o e diagn\u00f3stico precoce dos c\u00e2nceres de mama e colo do \u00fatero com a Dra. Vanderleia Muzetti, ginecologista e obstetra. O evento foi realizado pelo departamento de Medicina do Trabalho do Grupo Colorado em parceria com a Unimed Nordeste Paulista Federa\u00e7\u00e3o Intrafederativa de Ribeir\u00e3o Preto e a Credcol.<\/p>\n<p><a class=\"_58cn\" href=\"https:\/\/www.facebook.com\/hashtag\/preven%C3%A7%C3%A3o?source=feed_text&amp;epa=HASHTAG\" data-ft=\"{&quot;type&quot;:104,&quot;tn&quot;:&quot;*N&quot;}\"><span class=\"_5afx\"><span class=\"_58cl _5afz\" aria-label=\"hashtag\">#<\/span><span class=\"_58cm\">preven\u00e7\u00e3o<\/span><\/span><\/a>\u00a0<a class=\"_58cn\" href=\"https:\/\/www.facebook.com\/hashtag\/diagn%C3%B3sticoprecoce?source=feed_text&amp;epa=HASHTAG\" data-ft=\"{&quot;type&quot;:104,&quot;tn&quot;:&quot;*N&quot;}\"><span class=\"_5afx\"><span class=\"_58cl _5afz\" aria-label=\"hashtag\">#<\/span><span class=\"_58cm\">diagn\u00f3sticoprecoce<\/span><\/span><\/a>\u00a0<a class=\"_58cn\" href=\"https:\/\/www.facebook.com\/hashtag\/outubrorosa?source=feed_text&amp;epa=HASHTAG\" data-ft=\"{&quot;type&quot;:104,&quot;tn&quot;:&quot;*N&quot;}\"><span class=\"_5afx\"><span class=\"_58cl _5afz\" aria-label=\"hashtag\">#<\/span><span class=\"_58cm\">outubrorosa<\/span><\/span><\/a>\u00a0<a class=\"_58cn\" href=\"https:\/\/www.facebook.com\/hashtag\/grupocolorado?source=feed_text&amp;epa=HASHTAG\" data-ft=\"{&quot;type&quot;:104,&quot;tn&quot;:&quot;*N&quot;}\"><span class=\"_5afx\"><span class=\"_58cl _5afz\" aria-label=\"hashtag\">#<\/span><span class=\"_58cm\">grupocolorado<\/span><\/span><\/a><\/p>\n<p>&nbsp;<\/p>\n\n\t\t<style type=\"text\/css\">\n\t\t\t#gallery-1 {\n\t\t\t\tmargin: auto;\n\t\t\t}\n\t\t\t#gallery-1 .gallery-item {\n\t\t\t\tfloat: left;\n\t\t\t\tmargin-top: 10px;\n\t\t\t\ttext-align: center;\n\t\t\t\twidth: 33%;\n\t\t\t}\n\t\t\t#gallery-1 img {\n\t\t\t\tborder: 2px solid #cfcfcf;\n\t\t\t}\n\t\t\t#gallery-1 .gallery-caption {\n\t\t\t\tmargin-left: 0;\n\t\t\t}\n\t\t\t\/* see gallery_shortcode() in wp-includes\/media.php *\/\n\t\t<\/style>\n\t\t<div data-carousel-extra='{\"blog_id\":1,\"permalink\":\"https:\\\/\\\/www.colorado.com.br\\\/nosdacolorado\\\/ame-se-cuide-se-hoje-foi-dia-de-conscientizacao-na-usina-colorado\\\/\"}' id='gallery-1' class='gallery galleryid-642 gallery-columns-3 gallery-size-large'><dl class='gallery-item'>\n\t\t\t<dt class='gallery-icon landscape'>\n\t\t\t\t<a href='https:\/\/www.colorado.com.br\/nosdacolorado\/wp-content\/uploads\/2019\/10\/DSC05301-1.jpg'><img loading=\"lazy\" decoding=\"async\" data-attachment-id=\"25867\" data-orig-file=\"https:\/\/www.colorado.com.br\/nosdacolorado\/wp-content\/uploads\/2019\/10\/DSC05301-1.jpg\" data-orig-size=\"1820,1209\" data-comments-opened=\"0\" data-image-meta=\"{&quot;aperture&quot;:&quot;0&quot;,&quot;credit&quot;:&quot;&quot;,&quot;camera&quot;:&quot;&quot;,&quot;caption&quot;:&quot;&quot;,&quot;created_timestamp&quot;:&quot;0&quot;,&quot;copyright&quot;:&quot;&quot;,&quot;focal_length&quot;:&quot;0&quot;,&quot;iso&quot;:&quot;0&quot;,&quot;shutter_speed&quot;:&quot;0&quot;,&quot;title&quot;:&quot;&quot;,&quot;orientation&quot;:&quot;0&quot;,&quot;keywords&quot;:&quot;Array&quot;}\" data-image-title=\"DSC05301\" data-image-description=\"\" data-medium-file=\"https:\/\/www.colorado.com.br\/nosdacolorado\/wp-content\/uploads\/2019\/10\/DSC05301-1-300x199.jpg\" data-large-file=\"https:\/\/www.colorado.com.br\/nosdacolorado\/wp-content\/uploads\/2019\/10\/DSC05301-1-1024x680.jpg\" width=\"1024\" height=\"680\" src=\"https:\/\/www.colorado.com.br\/nosdacolorado\/wp-content\/uploads\/2019\/10\/DSC05301-1-1024x680.jpg\" class=\"attachment-large size-large\" alt=\"\" srcset=\"https:\/\/www.colorado.com.br\/nosdacolorado\/wp-content\/uploads\/2019\/10\/DSC05301-1-1024x680.jpg 1024w, https:\/\/www.colorado.com.br\/nosdacolorado\/wp-content\/uploads\/2019\/10\/DSC05301-1-300x199.jpg 300w, https:\/\/www.colorado.com.br\/nosdacolorado\/wp-content\/uploads\/2019\/10\/DSC05301-1-768x510.jpg 768w, https:\/\/www.colorado.com.br\/nosdacolorado\/wp-content\/uploads\/2019\/10\/DSC05301-1-1536x1020.jpg 1536w, https:\/\/www.colorado.com.br\/nosdacolorado\/wp-content\/uploads\/2019\/10\/DSC05301-1.jpg 1820w\" sizes=\"auto, (max-width: 1024px) 100vw, 1024px\" \/><\/a>\n\t\t\t<\/dt><\/dl><dl class='gallery-item'>\n\t\t\t<dt class='gallery-icon landscape'>\n\t\t\t\t<a href='https:\/\/www.colorado.com.br\/nosdacolorado\/wp-content\/uploads\/2019\/10\/DSC05272-1.jpg'><img loading=\"lazy\" decoding=\"async\" data-attachment-id=\"25868\" data-orig-file=\"https:\/\/www.colorado.com.br\/nosdacolorado\/wp-content\/uploads\/2019\/10\/DSC05272-1.jpg\" data-orig-size=\"1820,1209\" data-comments-opened=\"0\" data-image-meta=\"{&quot;aperture&quot;:&quot;0&quot;,&quot;credit&quot;:&quot;&quot;,&quot;camera&quot;:&quot;&quot;,&quot;caption&quot;:&quot;&quot;,&quot;created_timestamp&quot;:&quot;0&quot;,&quot;copyright&quot;:&quot;&quot;,&quot;focal_length&quot;:&quot;0&quot;,&quot;iso&quot;:&quot;0&quot;,&quot;shutter_speed&quot;:&quot;0&quot;,&quot;title&quot;:&quot;&quot;,&quot;orientation&quot;:&quot;0&quot;,&quot;keywords&quot;:&quot;Array&quot;}\" data-image-title=\"DSC05272\" data-image-description=\"\" data-medium-file=\"https:\/\/www.colorado.com.br\/nosdacolorado\/wp-content\/uploads\/2019\/10\/DSC05272-1-300x199.jpg\" data-large-file=\"https:\/\/www.colorado.com.br\/nosdacolorado\/wp-content\/uploads\/2019\/10\/DSC05272-1-1024x680.jpg\" width=\"1024\" height=\"680\" src=\"https:\/\/www.colorado.com.br\/nosdacolorado\/wp-content\/uploads\/2019\/10\/DSC05272-1-1024x680.jpg\" class=\"attachment-large size-large\" alt=\"\" srcset=\"https:\/\/www.colorado.com.br\/nosdacolorado\/wp-content\/uploads\/2019\/10\/DSC05272-1-1024x680.jpg 1024w, https:\/\/www.colorado.com.br\/nosdacolorado\/wp-content\/uploads\/2019\/10\/DSC05272-1-300x199.jpg 300w, https:\/\/www.colorado.com.br\/nosdacolorado\/wp-content\/uploads\/2019\/10\/DSC05272-1-768x510.jpg 768w, https:\/\/www.colorado.com.br\/nosdacolorado\/wp-content\/uploads\/2019\/10\/DSC05272-1-1536x1020.jpg 1536w, https:\/\/www.colorado.com.br\/nosdacolorado\/wp-content\/uploads\/2019\/10\/DSC05272-1.jpg 1820w\" sizes=\"auto, (max-width: 1024px) 100vw, 1024px\" \/><\/a>\n\t\t\t<\/dt><\/dl>\n\t\t\t<br style='clear: both' \/>\n\t\t<\/div>\n\n","protected":false},"excerpt":{"rendered":"<p>Hoje foi dia de conscientiza\u00e7\u00e3o sobre a import\u00e2ncia da preven\u00e7\u00e3o e diagn\u00f3stico precoce dos c\u00e2nceres de mama e colo do \u00fatero com a Dra. Vanderleia Muzetti, ginecologista e obstetra. O&#8230;<\/p>\n","protected":false},"author":2,"featured_media":25867,"comment_status":"open","ping_status":"open","sticky":false,"template":"","format":"standard","meta":{"footnotes":""},"categories":[11],"tags":[],"class_list":{"0":"post-642","1":"post","2":"type-post","3":"status-publish","4":"format-standard","5":"has-post-thumbnail","7":"category-acontece-na-colorado"},"_links":{"self":[{"href":"https:\/\/www.colorado.com.br\/nosdacolorado\/wp-json\/wp\/v2\/posts\/642","targetHints":{"allow":["GET"]}}],"collection":[{"href":"https:\/\/www.colorado.com.br\/nosdacolorado\/wp-json\/wp\/v2\/posts"}],"about":[{"href":"https:\/\/www.colorado.com.br\/nosdacolorado\/wp-json\/wp\/v2\/types\/post"}],"author":[{"embeddable":true,"href":"https:\/\/www.colorado.com.br\/nosdacolorado\/wp-json\/wp\/v2\/users\/2"}],"replies":[{"embeddable":true,"href":"https:\/\/www.colorado.com.br\/nosdacolorado\/wp-json\/wp\/v2\/comments?post=642"}],"version-history":[{"count":4,"href":"https:\/\/www.colorado.com.br\/nosdacolorado\/wp-json\/wp\/v2\/posts\/642\/revisions"}],"predecessor-version":[{"id":25874,"href":"https:\/\/www.colorado.com.br\/nosdacolorado\/wp-json\/wp\/v2\/posts\/642\/revisions\/25874"}],"wp:featuredmedia":[{"embeddable":true,"href":"https:\/\/www.colorado.com.br\/nosdacolorado\/wp-json\/wp\/v2\/media\/25867"}],"wp:attachment":[{"href":"https:\/\/www.colorado.com.br\/nosdacolorado\/wp-json\/wp\/v2\/media?parent=642"}],"wp:term":[{"taxonomy":"category","embeddable":true,"href":"https:\/\/www.colorado.com.br\/nosdacolorado\/wp-json\/wp\/v2\/categories?post=642"},{"taxonomy":"post_tag","embeddable":true,"href":"https:\/\/www.colorado.com.br\/nosdacolorado\/wp-json\/wp\/v2\/tags?post=642"}],"curies":[{"name":"wp","href":"https:\/\/api.w.org\/{rel}","templated":true}]}}