{"id":6593,"date":"2020-08-27T07:00:01","date_gmt":"2020-08-27T10:00:01","guid":{"rendered":"http:\/\/www.colorado.com.br\/nosdacolorado\/?p=6593"},"modified":"2020-08-26T15:53:02","modified_gmt":"2020-08-26T18:53:02","slug":"nos-da-colorado-entrevista-tatiane-ramos-dos-santos-psicologa-em-recrutamento-e-selecao-da-usina-colorado","status":"publish","type":"post","link":"https:\/\/www.colorado.com.br\/nosdacolorado\/nos-da-colorado-entrevista-tatiane-ramos-dos-santos-psicologa-em-recrutamento-e-selecao-da-usina-colorado\/","title":{"rendered":"N\u00d3S, DA COLORADO ENTREVISTA: Tatiane Ramos dos Santos, Psic\u00f3loga em Recrutamento e Sele\u00e7\u00e3o da Usina Colorado"},"content":{"rendered":"<h4 style=\"font-weight: 400; text-align: center;\"><strong>27 de agosto \u2013 Dia do Psic\u00f3logo<\/strong><\/h4>\n<blockquote>\n<h2 style=\"font-weight: 400;\"><a href=\"http:\/\/www.colorado.com.br\/nosdacolorado\/wp-content\/uploads\/2020\/08\/IMG_E7910.jpg\" rel=\"prettyPhoto[gallery-jpAu]\"><img loading=\"lazy\" decoding=\"async\" class=\"aligncenter size-full wp-image-6596\" src=\"http:\/\/www.colorado.com.br\/nosdacolorado\/wp-content\/uploads\/2020\/08\/IMG_E7910.jpg\" alt=\"\" width=\"4032\" height=\"3024\" srcset=\"https:\/\/www.colorado.com.br\/nosdacolorado\/wp-content\/uploads\/2020\/08\/IMG_E7910.jpg 4032w, https:\/\/www.colorado.com.br\/nosdacolorado\/wp-content\/uploads\/2020\/08\/IMG_E7910-300x225.jpg 300w, https:\/\/www.colorado.com.br\/nosdacolorado\/wp-content\/uploads\/2020\/08\/IMG_E7910-768x576.jpg 768w, https:\/\/www.colorado.com.br\/nosdacolorado\/wp-content\/uploads\/2020\/08\/IMG_E7910-1024x768.jpg 1024w\" sizes=\"auto, (max-width: 4032px) 100vw, 4032px\" \/><\/a><\/h2>\n<h2 style=\"font-weight: 400;\">\u201cPara os profissionais j\u00e1 empregados e para os candidatos em busca de uma coloca\u00e7\u00e3o profissional, a dica \u00e9 sempre se manter atualizado\u201d<\/h2>\n<\/blockquote>\n<p style=\"font-weight: 400;\">Tatiane Ramos dos Santos, Psic\u00f3loga do setor de\u00a0 Recrutamento e Sele\u00e7\u00e3o da Usina Colorado \u00e9 nossa entrevistada na data que comemora o Dia do Psic\u00f3logo.<\/p>\n<p style=\"font-weight: 400;\">H\u00e1 mais de oito anos na empresa, Tatiane atua diretamente na verifica\u00e7\u00e3o de curr\u00edculos de candidatos \u00e0s vagas oferecidas, tamb\u00e9m \u00e9 respons\u00e1vel pelas entrevistas psicol\u00f3gicas com os selecionados e pela an\u00e1lise de perfil da vaga e candidatos.<\/p>\n<p style=\"font-weight: 400;\">Pode-se dizer que faz parte da porta de entrada para o ingresso de novos profissionais na Usina Colorado.<\/p>\n<p style=\"font-weight: 400;\">Formada em Psicologia pela Unifil, com t\u00edtulo de especialista pela PUC do Paran\u00e1, nesta entrevista \u00a0Tatiane fala dos seus desafios profissionais e d\u00e1 dicas para quem j\u00e1 est\u00e1 trabalhando e tamb\u00e9m para aqueles que procuram seu lugar ao sol no mercado de trabalho.<\/p>\n<h2 style=\"font-weight: 400;\">Acompanhe:<\/h2>\n<p style=\"font-weight: 400;\"><strong>N\u00f3s, da Colorado: Conte-nos sobre sua forma\u00e7\u00e3o acad\u00eamica, sua experi\u00eancia profissional.<\/strong><\/p>\n<p style=\"font-weight: 400;\"><strong>Tatiane:<\/strong>\u00a0Sou formada em Psicologia pela UniFil e especialista pela PUC PR.Trabalho desde 2008, atuando com Recursos Humanos e seus subsistemas.<\/p>\n<p style=\"font-weight: 400;\"><strong>N\u00f3s, da Colorado: H\u00e1 quanto tempo atua no Grupo Colorado e quais s\u00e3o suas principais atribui\u00e7\u00f5es?<\/strong><\/p>\n<p style=\"font-weight: 400;\"><strong>Tatiane: <\/strong>Atuo no Grupo Colorado desde 2012 na \u00e1rea de Recrutamento e Sele\u00e7\u00e3o, como Analista de Recursos Humanos. Tendo como responsabilidades: verifica\u00e7\u00e3o de curr\u00edculos, entrevistas psicol\u00f3gicas, an\u00e1lise de perfil da vaga e de candidatos.<\/p>\n<p style=\"font-weight: 400;\"><strong>N\u00f3s, da Colorado: Quais os maiores desafios j\u00e1 vividos em sua carreira dentro do Grupo?<\/strong><\/p>\n<p style=\"font-weight: 400;\"><strong>Tatiane: <\/strong>Para mim toda safra que se inicia \u00e9 como um desafio novo. S\u00e3o novos processos a ser realizados, e com isso, s\u00e3o novas vagas e novos candidatos. Nenhum processo \u00e9 igual ao outro, cada ser humano tem sua particularidade e trabalhar com pessoas nos proporciona esse dinamismo.Sinto-me realizada enquanto profissional, tenho muito orgulho e amor no meu trabalho. Minha maior satisfa\u00e7\u00e3o \u00e9 proporcionar uma nova oportunidade de coloca\u00e7\u00e3o profissional para os candidatos que passam por processo seletivo.<\/p>\n<p style=\"font-weight: 400;\"><strong>N\u00f3s, da Colorado: Como Psic\u00f3loga organizacional, quais s\u00e3o as orienta\u00e7\u00f5es para o profissional que hoje atua no Grupo Colorado e para aquelas pessoas que buscam por vagas na empresa?<\/strong><\/p>\n<p style=\"font-weight: 400;\"><strong>Tatiane: <\/strong>Para os profissionais que j\u00e1 est\u00e3o empregados e para os candidatos que est\u00e3o em busca de uma coloca\u00e7\u00e3o profissional, a dica \u00e9 sempre se manter atualizado, buscando forma\u00e7\u00e3o para desenvolvimento t\u00e9cnico e autoconhecimento para desenvolvimento de habilidades comportamentais. Neste momento que estamos vivendo, a tecnologia est\u00e1 muito presente, ent\u00e3o podemos usar esta ferramenta a nosso favor, para adquirir conhecimento e fortalecer nossas redes de contato.<\/p>\n<blockquote>\n<h3 style=\"font-weight: 400; text-align: center;\">\u201cMesmo com o isolamento social, devemos sempre estimular h\u00e1bitos de companheirismo e humaniza\u00e7\u00e3o.\u201d<\/h3>\n<\/blockquote>\n<p style=\"font-weight: 400;\"><strong>N\u00f3s, da Colorado: Como apoiar as pessoas em um momento como este? O que, como profissionais devemos buscar para garantir equil\u00edbrio e um <\/strong><strong>bom desempenho?Quais os cuidados para prote\u00e7\u00e3o de nossa sa\u00fade mental nesse momento de Pandemia e quais os sinais que merecem nossa aten\u00e7\u00e3o?<\/strong><\/p>\n<p style=\"font-weight: 400;\"><strong>Tatiane: <\/strong>O momento exige que as pessoas se voltem para dentro, buscando ressignificar seus comportamentos e os novos h\u00e1bitos. A terapia nos ajuda a desenvolver esta autoan\u00e1lise.\u00a0 Mesmo com o isolamento social, devemos sempre estimular h\u00e1bitos de companheirismo e humaniza\u00e7\u00e3o.<\/p>\n","protected":false},"excerpt":{"rendered":"<p>27 de agosto \u2013 Dia do Psic\u00f3logo \u201cPara os profissionais j\u00e1 empregados e para os candidatos em busca de uma coloca\u00e7\u00e3o profissional, a dica \u00e9 sempre se manter atualizado\u201d Tatiane&#8230;<\/p>\n","protected":false},"author":2,"featured_media":6596,"comment_status":"open","ping_status":"open","sticky":false,"template":"","format":"standard","meta":{"footnotes":""},"categories":[11],"tags":[],"class_list":{"0":"post-6593","1":"post","2":"type-post","3":"status-publish","4":"format-standard","5":"has-post-thumbnail","7":"category-acontece-na-colorado"},"_links":{"self":[{"href":"https:\/\/www.colorado.com.br\/nosdacolorado\/wp-json\/wp\/v2\/posts\/6593","targetHints":{"allow":["GET"]}}],"collection":[{"href":"https:\/\/www.colorado.com.br\/nosdacolorado\/wp-json\/wp\/v2\/posts"}],"about":[{"href":"https:\/\/www.colorado.com.br\/nosdacolorado\/wp-json\/wp\/v2\/types\/post"}],"author":[{"embeddable":true,"href":"https:\/\/www.colorado.com.br\/nosdacolorado\/wp-json\/wp\/v2\/users\/2"}],"replies":[{"embeddable":true,"href":"https:\/\/www.colorado.com.br\/nosdacolorado\/wp-json\/wp\/v2\/comments?post=6593"}],"version-history":[{"count":7,"href":"https:\/\/www.colorado.com.br\/nosdacolorado\/wp-json\/wp\/v2\/posts\/6593\/revisions"}],"predecessor-version":[{"id":6603,"href":"https:\/\/www.colorado.com.br\/nosdacolorado\/wp-json\/wp\/v2\/posts\/6593\/revisions\/6603"}],"wp:featuredmedia":[{"embeddable":true,"href":"https:\/\/www.colorado.com.br\/nosdacolorado\/wp-json\/wp\/v2\/media\/6596"}],"wp:attachment":[{"href":"https:\/\/www.colorado.com.br\/nosdacolorado\/wp-json\/wp\/v2\/media?parent=6593"}],"wp:term":[{"taxonomy":"category","embeddable":true,"href":"https:\/\/www.colorado.com.br\/nosdacolorado\/wp-json\/wp\/v2\/categories?post=6593"},{"taxonomy":"post_tag","embeddable":true,"href":"https:\/\/www.colorado.com.br\/nosdacolorado\/wp-json\/wp\/v2\/tags?post=6593"}],"curies":[{"name":"wp","href":"https:\/\/api.w.org\/{rel}","templated":true}]}}