{"id":8296,"date":"2020-11-05T09:39:09","date_gmt":"2020-11-05T11:39:09","guid":{"rendered":"http:\/\/www.colorado.com.br\/nosdacolorado\/?p=8296"},"modified":"2020-11-05T09:39:09","modified_gmt":"2020-11-05T11:39:09","slug":"mundo-de-olho-em-quatro-estados-americanos","status":"publish","type":"post","link":"https:\/\/www.colorado.com.br\/nosdacolorado\/mundo-de-olho-em-quatro-estados-americanos\/","title":{"rendered":"Mundo de olho em quatro Estados americanos"},"content":{"rendered":"<div class=\"row\">\n<section class=\"col-xs-12\">\n<div class=\"row\">\n<section class=\"col-xs-12 col-sm-offset-1 col-sm-11\">\n<article class=\"n--noticia__header \">\n<h2 class=\"n--noticia__subtitle\">Elei\u00e7\u00e3o do presidente passa pela decis\u00e3o das urnas \u2013 e dos tribunais<\/h2>\n<\/article>\n<\/section>\n<\/div>\n<\/section>\n<\/div>\n<aside class=\"col-sm-1 col-xs-none fixed-position-share\">\n<div class=\"module__share js-fixed-noticia-cover\">\n<div class=\"n--noticia__state-title\">Reda\u00e7\u00e3o, O Estado de S.Paulo<\/div>\n<div><\/div>\n<div>\n<p>Mais de um ano de campanha, 160 milh\u00f5es de votos em 50 Estados e a disputa pela presid\u00eancia dos EUA se restringe a alguns lugares. A decis\u00e3o sobre quem ocupar\u00e1 a Casa Branca pelos pr\u00f3ximos quatro anos divide os Estados em duas categorias: os Estados em que\u00a0<a href=\"https:\/\/tudo-sobre.estadao.com.br\/donald-trump\"><strong>Donald Trump<\/strong><\/a>\u00a0lidera a apura\u00e7\u00e3o, e quer encerr\u00e1-la antes do fim, alegando irregularidades, e os lugares onde o presidente est\u00e1 atr\u00e1s do democrata\u00a0<a href=\"https:\/\/tudo-sobre.estadao.com.br\/joe-biden\"><strong>Joe Biden<\/strong><\/a>, e exige que os votos continuem sendo contados. Em ambos os casos, ele amea\u00e7a tomar medidas legais.<\/p>\n<div class=\"line-leia\">O caminho da judicializa\u00e7\u00e3o \u00e9 longo e pode se arrastar por semanas \u2013 at\u00e9 que eventualmente um caso chegue \u00e0 Suprema Corte. Se isso ocorrer, os ju\u00edzes \u2013 a maioria indicada por presidentes republicanos (6 dos 9) \u2013 ter\u00e3o de deliberar sobre o direito constitucional dos Estados de definirem as pr\u00f3prias regras eleitorais. Juristas republicanos afirmam que um dos argumentos poderia ser o questionamento do processo usado para flexibilizar normas eleitorais em raz\u00e3o da pandemia, que deveriam ser aprovadas pelo Legislativo, e n\u00e3o outorgadas por autoridades locais.<\/div>\n<div>\n<p>Outra possibilidade seria levar a elei\u00e7\u00e3o diretamente para a Suprema Corte, para que ela julgue em car\u00e1ter de emerg\u00eancia a decis\u00e3o de permitir que votos cheguem ap\u00f3s a elei\u00e7\u00e3o na\u00a0<a href=\"https:\/\/tudo-sobre.estadao.com.br\/carolina-do-norte-estados-unidos\"><strong>Carolina do Norte<\/strong><\/a>\u00a0e na Pensilv\u00e2nia. O tribunal negou o primeiro pedido republicano, na semana passada, mas n\u00e3o descarta a possibilidade de analisar de novo o caso.<\/p>\n<h3 class=\"intertitulo\">Disputa no Cintur\u00e3o do Sol<\/h3>\n<p>A Ge\u00f3rgia \u00e9 tradicionalmente republicana, mas vem mudando lentamente. Nas \u00faltimas nove elei\u00e7\u00f5es presidenciais, os democratas venceram apenas uma vez, com\u00a0<a href=\"https:\/\/tudo-sobre.estadao.com.br\/bill-clinton\"><strong>Bill Clinton<\/strong><\/a>, em 1992. No entanto, a imigra\u00e7\u00e3o e o r\u00e1pido desenvolvimento v\u00eam aumentando a popula\u00e7\u00e3o urbana, principalmente em raz\u00e3o do crescimento de Atlanta e de seus sub\u00farbios, sede de empresas como Delta Airlines, Coca-Cola e The Home Depot.<\/p>\n<p>Os democratas suspeitavam que a mudan\u00e7a demogr\u00e1fica favorecia candidatos progressistas, mas n\u00e3o imaginavam ter chances de vencer t\u00e3o cedo em lugar que at\u00e9 bem pouco tempo era considerado reduto republicano. Por isso, \u00e9 surpreendente ver Joe Biden brigar voto a voto contra Donald Trump nos dias seguintes \u00e0 elei\u00e7\u00e3o.<\/p>\n<div class=\"mm_conteudo blog-multimidia foto loaded\" data-config=\"{&quot;tipo&quot;:&quot;FOTO&quot;,&quot;id&quot;:&quot;1132972&quot;,&quot;provider&quot;:&quot;AGILE&quot;}\">\n<figure class=\"n--noticia__image modulo-noticia\"><img decoding=\"async\" src=\"https:\/\/img.estadao.com.br\/resources\/jpg\/4\/7\/1604540566474.jpg\" alt=\"ctv-jgf-georgia\" \/><figcaption>A Ge\u00f3rgia \u00e9 tradicionalmente republicana, mas vem mudando lentamente Foto: Jessica MgGowan\/Getty Images\/AFP<\/figcaption><\/figure>\n<\/div>\n<p>No entanto, o presidente deve vender caro a derrota. Na quarta-feira, 4, a campanha republicana entrou com uma a\u00e7\u00e3o judicial contra o condado de Chatham, onde fica a cidade de Savannah, pedindo a reten\u00e7\u00e3o das c\u00e9dulas que chegaram ap\u00f3s 19 horas do dia da elei\u00e7\u00e3o. O argumento \u00e9 que um volunt\u00e1rio republicano testemunhou um mes\u00e1rio sair de uma sala com v\u00e1rias c\u00e9dulas n\u00e3o apuradas e mistur\u00e1-las com as que j\u00e1 haviam sido contadas. Os advogados do partido do presidente, de acordo com a imprensa local, pretendem entrar com medidas judiciais semelhantes em outros condados da Ge\u00f3rgia.<\/p>\n<h3 class=\"intertitulo\"><a href=\"http:\/\/www.colorado.com.br\/nosdacolorado\/wp-content\/uploads\/2020\/11\/georgia.jpg\" rel=\"prettyPhoto[gallery-oNJQ]\"><img loading=\"lazy\" decoding=\"async\" class=\"aligncenter size-full wp-image-8297\" src=\"http:\/\/www.colorado.com.br\/nosdacolorado\/wp-content\/uploads\/2020\/11\/georgia.jpg\" alt=\"\" width=\"735\" height=\"487\" srcset=\"https:\/\/www.colorado.com.br\/nosdacolorado\/wp-content\/uploads\/2020\/11\/georgia.jpg 735w, https:\/\/www.colorado.com.br\/nosdacolorado\/wp-content\/uploads\/2020\/11\/georgia-300x199.jpg 300w\" sizes=\"auto, (max-width: 735px) 100vw, 735px\" \/><\/a><\/h3>\n<h3 class=\"intertitulo\">O retorno da &#8216;barreira azul&#8217;<\/h3>\n<p>Quando Donald Trump venceu\u00a0<a href=\"https:\/\/tudo-sobre.estadao.com.br\/hillary-clinton\"><strong>Hillary Clinton<\/strong><\/a>\u00a0em Michigan, em 2016, por apenas 0,2 ponto porcentual, os democratas sentiram o golpe. Juntamente com o Estado, na mesma noite, ca\u00edram na coluna republicana outros redutos democratas do Meio-Oeste, como Wisconsin e Pensilv\u00e2nia \u2013 derrubando o que muitos analistas chamavam de \u201cbarreira azul\u201d, em refer\u00eancia \u00e0 cor que identifica o partido.<\/p>\n<div class=\"mm_conteudo blog-multimidia foto loaded\" data-config=\"{&quot;tipo&quot;:&quot;FOTO&quot;,&quot;id&quot;:&quot;1132968&quot;,&quot;provider&quot;:&quot;AGILE&quot;}\">\n<figure class=\"n--noticia__image modulo-noticia\"><img decoding=\"async\" src=\"https:\/\/img.estadao.com.br\/resources\/jpg\/6\/8\/1604540565286.jpg\" alt=\"ctv-kn5-michigan\" \/><figcaption>Michigan voltou ao poder dos democratas Foto: Jeff Kowalsky\/AFP<\/figcaption><\/figure>\n<\/div>\n<p>Na quarta-feira, impulsionado pelos votos de Detroit, o Estado voltou ao poder dos democratas. No entanto, antes de todas as proje\u00e7\u00f5es darem vit\u00f3ria a Joe Biden no Estado, os advogados de Donald Trump entraram com uma a\u00e7\u00e3o judicial contra a secret\u00e1ria de Estado de\u00a0<a href=\"https:\/\/tudo-sobre.estadao.com.br\/michigan-estados-unidos\"><strong>Michigan<\/strong><\/a>, Jocelyn Benson, para interromper a apura\u00e7\u00e3o.<\/p>\n<p><a href=\"http:\/\/www.colorado.com.br\/nosdacolorado\/wp-content\/uploads\/2020\/11\/michigan.jpg\" rel=\"prettyPhoto[gallery-oNJQ]\"><img loading=\"lazy\" decoding=\"async\" class=\"aligncenter size-full wp-image-8298\" src=\"http:\/\/www.colorado.com.br\/nosdacolorado\/wp-content\/uploads\/2020\/11\/michigan.jpg\" alt=\"\" width=\"736\" height=\"494\" srcset=\"https:\/\/www.colorado.com.br\/nosdacolorado\/wp-content\/uploads\/2020\/11\/michigan.jpg 736w, https:\/\/www.colorado.com.br\/nosdacolorado\/wp-content\/uploads\/2020\/11\/michigan-300x201.jpg 300w, https:\/\/www.colorado.com.br\/nosdacolorado\/wp-content\/uploads\/2020\/11\/michigan-600x403.jpg 600w, https:\/\/www.colorado.com.br\/nosdacolorado\/wp-content\/uploads\/2020\/11\/michigan-400x269.jpg 400w\" sizes=\"auto, (max-width: 736px) 100vw, 736px\" \/><\/a>O argumento \u00e9 que observadores do partido no pequeno condado de Roscommon, na zona rural, n\u00e3o tiveram permiss\u00e3o para acompanhar a contagem. Logo depois de protocolado o pedido, por\u00e9m, a apura\u00e7\u00e3o terminou, com vit\u00f3ria de Biden. Juristas garantem que nunca houve base para se questionar a validade de c\u00e9dulas que foram depositadas legalmente. Mesmo assim, outras a\u00e7\u00f5es do mesmo tipo est\u00e3o sendo preparadas pelos advogados do presidente em outras partes do pa\u00eds.<\/p>\n<h3 class=\"intertitulo\">Democratas retomam Wisconsin<\/h3>\n<p>Os democratas venceram as sete elei\u00e7\u00f5es em Wisconsin de 1988 a 2012, sequ\u00eancia que foi interrompida em 2016, quando Donald Trump venceu a elei\u00e7\u00e3o por apenas 0,8 ponto porcentual. A vit\u00f3ria caiu na conta pessoal de Hillary Clinton, que praticamente n\u00e3o fez campanha no Estado, acreditando ser improv\u00e1vel que Trump derrubasse parte de sua \u201cbarreira azul\u201d (ao lado de Michigan e Pensilv\u00e2nia, que tamb\u00e9m ca\u00edram na mesma noite).<a href=\"http:\/\/www.colorado.com.br\/nosdacolorado\/wp-content\/uploads\/2020\/11\/wisconsin.jpg\" rel=\"prettyPhoto[gallery-oNJQ]\"><img loading=\"lazy\" decoding=\"async\" class=\"aligncenter size-full wp-image-8299\" src=\"http:\/\/www.colorado.com.br\/nosdacolorado\/wp-content\/uploads\/2020\/11\/wisconsin.jpg\" alt=\"\" width=\"727\" height=\"498\" srcset=\"https:\/\/www.colorado.com.br\/nosdacolorado\/wp-content\/uploads\/2020\/11\/wisconsin.jpg 727w, https:\/\/www.colorado.com.br\/nosdacolorado\/wp-content\/uploads\/2020\/11\/wisconsin-300x206.jpg 300w\" sizes=\"auto, (max-width: 727px) 100vw, 727px\" \/><\/a>A pol\u00edtica local \u00e9 moldada pelas cidades de\u00a0<strong>Milwaukee<\/strong>\u00a0e Madison, de perfil progressista. Neste ano, o Estado ficou marcado pela onda de protestos na cidade de Kenosha, desencadeada depois que um policial branco atirou e atingiu pelas costas v\u00e1rias vezes um homem negro, Jacob Blake, na frente dos tr\u00eas filhos. Donald Trump tentou culpar Joe Biden pelas manifesta\u00e7\u00f5es que sa\u00edram de controle, mas pesquisas mostraram que os eleitores n\u00e3o compraram a vers\u00e3o. Pelo contr\u00e1rio, culpam o presidente pela maneira como conduziu a crise.<\/p>\n<p>Este ano, Biden reconstruiu parte da \u201cbarreira azul\u201d, retomando o Wisconsin de Trump \u2013 a vit\u00f3ria foi por pouco mais de 20 mil votos, mesma margem que ele venceu Hillary quatro anos atr\u00e1s. O presidente, \u00e9 claro, ficou profundamente irritado com a derrota e na quarta-feira anunciou que sua equipe de advogados vai exigir a recontagem dos votos.<\/p>\n<h3 class=\"intertitulo\">Nas ruas da decisiva Pensilv\u00e2nia<\/h3>\n<p>Nova York \u00e9 a capital cultural e financeira dos Estados Unidos. Washington \u00e9 a capital pol\u00edtica do pa\u00eds. Filad\u00e9lfia \u00e9 a ex-capital (entre 1790 e 1800, enquanto a Casa Branca era constru\u00edda). Como muitas cidades cujos dias de gl\u00f3ria est\u00e3o no passado \u2013 Montreal, Liverpool, G\u00eanova, Luang Prabang \u2013, ela conserva um charme imenso e parece sempre disposta a provar seu valor (e n\u00e3o estou dizendo isso apenas para evitar que furem meus pneus ou que me deem um soco na cara). Na\u00a0<strong>Filad\u00e9lfia,<\/strong>\u00a0n\u00e3o h\u00e1 ilus\u00e3o nem glamour. Mas, nos \u00faltimos dias da corrida eleitoral de 2020, ela se tornou a cidade mais importante do mundo.<\/p>\n<div class=\"mm_conteudo blog-multimidia foto loaded\" data-config=\"{&quot;tipo&quot;:&quot;FOTO&quot;,&quot;id&quot;:&quot;1132974&quot;,&quot;provider&quot;:&quot;AGILE&quot;}\">\n<figure class=\"n--noticia__image modulo-noticia\"><img decoding=\"async\" src=\"https:\/\/img.estadao.com.br\/resources\/jpg\/5\/6\/1604540595265.jpg\" alt=\"ctv-ex8-filadlfia\" \/><figcaption>Segundo previs\u00e3o da Economist, a Pensilv\u00e2nia \u00e9 o mais prov\u00e1vel \u201cEstado da virada\u201d Foto: Eduardo Munoz\/REUTERS<\/figcaption><\/figure>\n<\/div>\n<p>Pouco mais de 6 milh\u00f5es de pessoas vivem na cidade e nos arredores, mas nem todos residem na Pensilv\u00e2nia: a regi\u00e3o metropolitana se estende at\u00e9 New Jersey e Delaware. A central da campanha de Biden fica na cidade. A colega de chapa dele,\u00a0<a href=\"https:\/\/www.estadao.com.br\/infograficos\/internacional,quem-sao-mike-pence-e-kamala-harris,1131840\"><strong>Kamala Harris<\/strong><\/a>, comandou ali uma carreata na v\u00e9spera da elei\u00e7\u00e3o, dois dias ap\u00f3s um giro de Donald Trump por quatro cidades da Pensilv\u00e2nia. As campanhas t\u00eam objetivos opostos. Os democratas precisam incentivar o comparecimento \u00e0s urnas na Filad\u00e9lfia e em Pittsburgh, do outro lado do Estado, para compensar sua prov\u00e1vel derrota na zona rural e nas cidades menores da Pensilv\u00e2nia. Republicanos precisam fazer o contr\u00e1rio.<\/p>\n<p><a href=\"http:\/\/www.colorado.com.br\/nosdacolorado\/wp-content\/uploads\/2020\/11\/pensilvania.jpg\" rel=\"prettyPhoto[gallery-oNJQ]\"><img loading=\"lazy\" decoding=\"async\" class=\"aligncenter size-full wp-image-8301\" src=\"http:\/\/www.colorado.com.br\/nosdacolorado\/wp-content\/uploads\/2020\/11\/pensilvania.jpg\" alt=\"\" width=\"723\" height=\"496\" srcset=\"https:\/\/www.colorado.com.br\/nosdacolorado\/wp-content\/uploads\/2020\/11\/pensilvania.jpg 723w, https:\/\/www.colorado.com.br\/nosdacolorado\/wp-content\/uploads\/2020\/11\/pensilvania-300x206.jpg 300w\" sizes=\"auto, (max-width: 723px) 100vw, 723px\" \/><\/a>Segundo previs\u00e3o da Economist, a Pensilv\u00e2nia \u00e9 o mais prov\u00e1vel \u201cEstado da virada\u201d \u2013 a origem mais prov\u00e1vel do 270.\u00ba voto no col\u00e9gio eleitoral que determinar\u00e1 o vencedor da elei\u00e7\u00e3o. A Filad\u00e9lfia \u00e9 sua cidade mais populosa. Em 2016, Hillary Clinton teve 82,4% dos votos ali, perdendo por pouco o Estado para Trump. Barack Obama teve resultado melhor, tanto no porcentual do eleitorado quanto no n\u00famero de votos contabilizados, mais importante.<\/p>\n<\/div>\n<\/div>\n<\/div>\n<\/aside>\n","protected":false},"excerpt":{"rendered":"<p>Elei\u00e7\u00e3o do presidente passa pela decis\u00e3o das urnas \u2013 e dos tribunais Reda\u00e7\u00e3o, O Estado de S.Paulo Mais de um ano de campanha, 160 milh\u00f5es de votos em 50 Estados&#8230;<\/p>\n","protected":false},"author":2,"featured_media":8300,"comment_status":"open","ping_status":"open","sticky":false,"template":"","format":"standard","meta":{"footnotes":""},"categories":[1],"tags":[],"class_list":{"0":"post-8296","1":"post","2":"type-post","3":"status-publish","4":"format-standard","5":"has-post-thumbnail","7":"category-sem-categoria"},"_links":{"self":[{"href":"https:\/\/www.colorado.com.br\/nosdacolorado\/wp-json\/wp\/v2\/posts\/8296","targetHints":{"allow":["GET"]}}],"collection":[{"href":"https:\/\/www.colorado.com.br\/nosdacolorado\/wp-json\/wp\/v2\/posts"}],"about":[{"href":"https:\/\/www.colorado.com.br\/nosdacolorado\/wp-json\/wp\/v2\/types\/post"}],"author":[{"embeddable":true,"href":"https:\/\/www.colorado.com.br\/nosdacolorado\/wp-json\/wp\/v2\/users\/2"}],"replies":[{"embeddable":true,"href":"https:\/\/www.colorado.com.br\/nosdacolorado\/wp-json\/wp\/v2\/comments?post=8296"}],"version-history":[{"count":1,"href":"https:\/\/www.colorado.com.br\/nosdacolorado\/wp-json\/wp\/v2\/posts\/8296\/revisions"}],"predecessor-version":[{"id":8302,"href":"https:\/\/www.colorado.com.br\/nosdacolorado\/wp-json\/wp\/v2\/posts\/8296\/revisions\/8302"}],"wp:featuredmedia":[{"embeddable":true,"href":"https:\/\/www.colorado.com.br\/nosdacolorado\/wp-json\/wp\/v2\/media\/8300"}],"wp:attachment":[{"href":"https:\/\/www.colorado.com.br\/nosdacolorado\/wp-json\/wp\/v2\/media?parent=8296"}],"wp:term":[{"taxonomy":"category","embeddable":true,"href":"https:\/\/www.colorado.com.br\/nosdacolorado\/wp-json\/wp\/v2\/categories?post=8296"},{"taxonomy":"post_tag","embeddable":true,"href":"https:\/\/www.colorado.com.br\/nosdacolorado\/wp-json\/wp\/v2\/tags?post=8296"}],"curies":[{"name":"wp","href":"https:\/\/api.w.org\/{rel}","templated":true}]}}