{"id":8738,"date":"2020-11-27T08:25:44","date_gmt":"2020-11-27T10:25:44","guid":{"rendered":"http:\/\/www.colorado.com.br\/nosdacolorado\/?p=8738"},"modified":"2020-11-27T08:45:43","modified_gmt":"2020-11-27T10:45:43","slug":"todo-dia-e-dia-de-trabalho-seguro","status":"publish","type":"post","link":"https:\/\/www.colorado.com.br\/nosdacolorado\/todo-dia-e-dia-de-trabalho-seguro\/","title":{"rendered":"Todo dia \u00e9 dia de Trabalho Seguro"},"content":{"rendered":"<h2>E a 27 de Novembro \u00e9 o Dia do(a) Engenheiro(a) de Seguran\u00e7a<\/h2>\n<p>O trabalho seguro \u00e9 um dos pilares das empresas do Grupo Colorado. Investimos recursos em equipamentos, treinamentos, adequa\u00e7\u00f5es de ambientes para um dia a dia muito produtivo e seguro. \u00c9 fundamental que cada colaborador esteja sensibilizado para a cultura da seguran\u00e7a\u00a0 e que pratique atitudes seguras tamb\u00e9m nos momentos junto \u00e0 sua fam\u00edlia, amigos&#8230;<\/p>\n<p>A 27 de novembro, comemoramos\u00a0 o Dia do Engenheiro de Seguran\u00e7a. Para homenagear nossos Engenheiros de Seguran\u00e7a do Trabalho, Valeria Lellis Jorge, Wagner Ferro e Andr\u00e9 Barcelos Fernandes, fomos ouvir esses profissionais que s\u00e3o lideran\u00e7as de suas equipes!<\/p>\n\n\t\t<style type=\"text\/css\">\n\t\t\t#gallery-1 {\n\t\t\t\tmargin: auto;\n\t\t\t}\n\t\t\t#gallery-1 .gallery-item {\n\t\t\t\tfloat: left;\n\t\t\t\tmargin-top: 10px;\n\t\t\t\ttext-align: center;\n\t\t\t\twidth: 33%;\n\t\t\t}\n\t\t\t#gallery-1 img {\n\t\t\t\tborder: 2px solid #cfcfcf;\n\t\t\t}\n\t\t\t#gallery-1 .gallery-caption {\n\t\t\t\tmargin-left: 0;\n\t\t\t}\n\t\t\t\/* see gallery_shortcode() in wp-includes\/media.php *\/\n\t\t<\/style>\n\t\t<div data-carousel-extra='{\"blog_id\":1,\"permalink\":\"https:\\\/\\\/www.colorado.com.br\\\/nosdacolorado\\\/todo-dia-e-dia-de-trabalho-seguro\\\/\"}' id='gallery-1' class='gallery galleryid-8738 gallery-columns-3 gallery-size-full'><dl class='gallery-item'>\n\t\t\t<dt class='gallery-icon landscape'>\n\t\t\t\t<a href='https:\/\/www.colorado.com.br\/nosdacolorado\/wp-content\/uploads\/2020\/11\/DSC02347.jpg'><img loading=\"lazy\" decoding=\"async\" data-attachment-id=\"8743\" data-orig-file=\"https:\/\/www.colorado.com.br\/nosdacolorado\/wp-content\/uploads\/2020\/11\/DSC02347.jpg\" data-orig-size=\"4912,3264\" data-comments-opened=\"1\" data-image-meta=\"{&quot;aperture&quot;:&quot;4&quot;,&quot;credit&quot;:&quot;&quot;,&quot;camera&quot;:&quot;SLT-A57&quot;,&quot;caption&quot;:&quot;&quot;,&quot;created_timestamp&quot;:&quot;1606385454&quot;,&quot;copyright&quot;:&quot;&quot;,&quot;focal_length&quot;:&quot;18&quot;,&quot;iso&quot;:&quot;100&quot;,&quot;shutter_speed&quot;:&quot;0.00625&quot;,&quot;title&quot;:&quot;&quot;,&quot;orientation&quot;:&quot;1&quot;,&quot;keywords&quot;:&quot;Array&quot;}\" data-image-title=\"DSC02347\" data-image-description=\"\" data-medium-file=\"https:\/\/www.colorado.com.br\/nosdacolorado\/wp-content\/uploads\/2020\/11\/DSC02347-300x199.jpg\" data-large-file=\"https:\/\/www.colorado.com.br\/nosdacolorado\/wp-content\/uploads\/2020\/11\/DSC02347-1024x680.jpg\" width=\"4912\" height=\"3264\" src=\"https:\/\/www.colorado.com.br\/nosdacolorado\/wp-content\/uploads\/2020\/11\/DSC02347.jpg\" class=\"attachment-full size-full\" alt=\"\" aria-describedby=\"gallery-1-8743\" srcset=\"https:\/\/www.colorado.com.br\/nosdacolorado\/wp-content\/uploads\/2020\/11\/DSC02347.jpg 4912w, https:\/\/www.colorado.com.br\/nosdacolorado\/wp-content\/uploads\/2020\/11\/DSC02347-300x199.jpg 300w, https:\/\/www.colorado.com.br\/nosdacolorado\/wp-content\/uploads\/2020\/11\/DSC02347-768x510.jpg 768w, https:\/\/www.colorado.com.br\/nosdacolorado\/wp-content\/uploads\/2020\/11\/DSC02347-1024x680.jpg 1024w\" sizes=\"auto, (max-width: 4912px) 100vw, 4912px\" \/><\/a>\n\t\t\t<\/dt>\n\t\t\t\t<dd class='wp-caption-text gallery-caption' id='gallery-1-8743'>\n\t\t\t\tVal\u00e9ria Jorge\n\t\t\t\t<\/dd><\/dl><dl class='gallery-item'>\n\t\t\t<dt class='gallery-icon landscape'>\n\t\t\t\t<a href='https:\/\/www.colorado.com.br\/nosdacolorado\/wp-content\/uploads\/2020\/11\/ANDRE03.jpg'><img loading=\"lazy\" decoding=\"async\" data-attachment-id=\"8744\" data-orig-file=\"https:\/\/www.colorado.com.br\/nosdacolorado\/wp-content\/uploads\/2020\/11\/ANDRE03.jpg\" data-orig-size=\"3072,2014\" data-comments-opened=\"1\" data-image-meta=\"{&quot;aperture&quot;:&quot;1.9&quot;,&quot;credit&quot;:&quot;&quot;,&quot;camera&quot;:&quot;SM-A105M&quot;,&quot;caption&quot;:&quot;&quot;,&quot;created_timestamp&quot;:&quot;1606380141&quot;,&quot;copyright&quot;:&quot;&quot;,&quot;focal_length&quot;:&quot;3.6&quot;,&quot;iso&quot;:&quot;40&quot;,&quot;shutter_speed&quot;:&quot;0.00070821529745042&quot;,&quot;title&quot;:&quot;&quot;,&quot;orientation&quot;:&quot;1&quot;,&quot;keywords&quot;:&quot;Array&quot;}\" data-image-title=\"ANDRE03\" data-image-description=\"\" data-medium-file=\"https:\/\/www.colorado.com.br\/nosdacolorado\/wp-content\/uploads\/2020\/11\/ANDRE03-300x197.jpg\" data-large-file=\"https:\/\/www.colorado.com.br\/nosdacolorado\/wp-content\/uploads\/2020\/11\/ANDRE03-1024x671.jpg\" width=\"3072\" height=\"2014\" src=\"https:\/\/www.colorado.com.br\/nosdacolorado\/wp-content\/uploads\/2020\/11\/ANDRE03.jpg\" class=\"attachment-full size-full\" alt=\"\" aria-describedby=\"gallery-1-8744\" srcset=\"https:\/\/www.colorado.com.br\/nosdacolorado\/wp-content\/uploads\/2020\/11\/ANDRE03.jpg 3072w, https:\/\/www.colorado.com.br\/nosdacolorado\/wp-content\/uploads\/2020\/11\/ANDRE03-300x197.jpg 300w, https:\/\/www.colorado.com.br\/nosdacolorado\/wp-content\/uploads\/2020\/11\/ANDRE03-768x504.jpg 768w, https:\/\/www.colorado.com.br\/nosdacolorado\/wp-content\/uploads\/2020\/11\/ANDRE03-1024x671.jpg 1024w\" sizes=\"auto, (max-width: 3072px) 100vw, 3072px\" \/><\/a>\n\t\t\t<\/dt>\n\t\t\t\t<dd class='wp-caption-text gallery-caption' id='gallery-1-8744'>\n\t\t\t\tAndr\u00e9 Barcelos\n\t\t\t\t<\/dd><\/dl><dl class='gallery-item'>\n\t\t\t<dt class='gallery-icon landscape'>\n\t\t\t\t<a href='https:\/\/www.colorado.com.br\/nosdacolorado\/wp-content\/uploads\/2020\/11\/WAGNER-2.jpg'><img loading=\"lazy\" decoding=\"async\" data-attachment-id=\"8741\" data-orig-file=\"https:\/\/www.colorado.com.br\/nosdacolorado\/wp-content\/uploads\/2020\/11\/WAGNER-2.jpg\" data-orig-size=\"4912,3264\" data-comments-opened=\"1\" data-image-meta=\"{&quot;aperture&quot;:&quot;4&quot;,&quot;credit&quot;:&quot;&quot;,&quot;camera&quot;:&quot;SLT-A57&quot;,&quot;caption&quot;:&quot;&quot;,&quot;created_timestamp&quot;:&quot;1606385306&quot;,&quot;copyright&quot;:&quot;&quot;,&quot;focal_length&quot;:&quot;20&quot;,&quot;iso&quot;:&quot;100&quot;,&quot;shutter_speed&quot;:&quot;0.00625&quot;,&quot;title&quot;:&quot;&quot;,&quot;orientation&quot;:&quot;1&quot;,&quot;keywords&quot;:&quot;Array&quot;}\" data-image-title=\"WAGNER (2)\" data-image-description=\"\" data-medium-file=\"https:\/\/www.colorado.com.br\/nosdacolorado\/wp-content\/uploads\/2020\/11\/WAGNER-2-300x199.jpg\" data-large-file=\"https:\/\/www.colorado.com.br\/nosdacolorado\/wp-content\/uploads\/2020\/11\/WAGNER-2-1024x680.jpg\" width=\"4912\" height=\"3264\" src=\"https:\/\/www.colorado.com.br\/nosdacolorado\/wp-content\/uploads\/2020\/11\/WAGNER-2.jpg\" class=\"attachment-full size-full\" alt=\"\" aria-describedby=\"gallery-1-8741\" srcset=\"https:\/\/www.colorado.com.br\/nosdacolorado\/wp-content\/uploads\/2020\/11\/WAGNER-2.jpg 4912w, https:\/\/www.colorado.com.br\/nosdacolorado\/wp-content\/uploads\/2020\/11\/WAGNER-2-300x199.jpg 300w, https:\/\/www.colorado.com.br\/nosdacolorado\/wp-content\/uploads\/2020\/11\/WAGNER-2-768x510.jpg 768w, https:\/\/www.colorado.com.br\/nosdacolorado\/wp-content\/uploads\/2020\/11\/WAGNER-2-1024x680.jpg 1024w\" sizes=\"auto, (max-width: 4912px) 100vw, 4912px\" \/><\/a>\n\t\t\t<\/dt>\n\t\t\t\t<dd class='wp-caption-text gallery-caption' id='gallery-1-8741'>\n\t\t\t\tWagner Ferro\n\t\t\t\t<\/dd><\/dl><br style=\"clear: both\" \/>\n\t\t<\/div>\n\n\n\t\t<style type=\"text\/css\">\n\t\t\t#gallery-2 {\n\t\t\t\tmargin: auto;\n\t\t\t}\n\t\t\t#gallery-2 .gallery-item {\n\t\t\t\tfloat: left;\n\t\t\t\tmargin-top: 10px;\n\t\t\t\ttext-align: center;\n\t\t\t\twidth: 50%;\n\t\t\t}\n\t\t\t#gallery-2 img {\n\t\t\t\tborder: 2px solid #cfcfcf;\n\t\t\t}\n\t\t\t#gallery-2 .gallery-caption {\n\t\t\t\tmargin-left: 0;\n\t\t\t}\n\t\t\t\/* see gallery_shortcode() in wp-includes\/media.php *\/\n\t\t<\/style>\n\t\t<div data-carousel-extra='{\"blog_id\":1,\"permalink\":\"https:\\\/\\\/www.colorado.com.br\\\/nosdacolorado\\\/todo-dia-e-dia-de-trabalho-seguro\\\/\"}' id='gallery-2' class='gallery galleryid-8738 gallery-columns-2 gallery-size-full'><dl class='gallery-item'>\n\t\t\t<dt class='gallery-icon landscape'>\n\t\t\t\t<a href='https:\/\/www.colorado.com.br\/nosdacolorado\/wp-content\/uploads\/2020\/11\/EQUIPE2.jpg'><img loading=\"lazy\" decoding=\"async\" data-attachment-id=\"8751\" data-orig-file=\"https:\/\/www.colorado.com.br\/nosdacolorado\/wp-content\/uploads\/2020\/11\/EQUIPE2.jpg\" data-orig-size=\"4912,3264\" data-comments-opened=\"1\" data-image-meta=\"{&quot;aperture&quot;:&quot;4.5&quot;,&quot;credit&quot;:&quot;&quot;,&quot;camera&quot;:&quot;SLT-A57&quot;,&quot;caption&quot;:&quot;&quot;,&quot;created_timestamp&quot;:&quot;1606385195&quot;,&quot;copyright&quot;:&quot;&quot;,&quot;focal_length&quot;:&quot;18&quot;,&quot;iso&quot;:&quot;100&quot;,&quot;shutter_speed&quot;:&quot;0.0125&quot;,&quot;title&quot;:&quot;&quot;,&quot;orientation&quot;:&quot;1&quot;,&quot;keywords&quot;:&quot;Array&quot;}\" data-image-title=\"EQUIPE2\" data-image-description=\"\" data-medium-file=\"https:\/\/www.colorado.com.br\/nosdacolorado\/wp-content\/uploads\/2020\/11\/EQUIPE2-300x199.jpg\" data-large-file=\"https:\/\/www.colorado.com.br\/nosdacolorado\/wp-content\/uploads\/2020\/11\/EQUIPE2-1024x680.jpg\" width=\"4912\" height=\"3264\" src=\"https:\/\/www.colorado.com.br\/nosdacolorado\/wp-content\/uploads\/2020\/11\/EQUIPE2.jpg\" class=\"attachment-full size-full\" alt=\"\" aria-describedby=\"gallery-2-8751\" srcset=\"https:\/\/www.colorado.com.br\/nosdacolorado\/wp-content\/uploads\/2020\/11\/EQUIPE2.jpg 4912w, https:\/\/www.colorado.com.br\/nosdacolorado\/wp-content\/uploads\/2020\/11\/EQUIPE2-300x199.jpg 300w, https:\/\/www.colorado.com.br\/nosdacolorado\/wp-content\/uploads\/2020\/11\/EQUIPE2-768x510.jpg 768w, https:\/\/www.colorado.com.br\/nosdacolorado\/wp-content\/uploads\/2020\/11\/EQUIPE2-1024x680.jpg 1024w\" sizes=\"auto, (max-width: 4912px) 100vw, 4912px\" \/><\/a>\n\t\t\t<\/dt>\n\t\t\t\t<dd class='wp-caption-text gallery-caption' id='gallery-2-8751'>\n\t\t\t\tParte da equipe de Seguran\u00e7a da Usina Colorado\n\t\t\t\t<\/dd><\/dl><dl class='gallery-item'>\n\t\t\t<dt class='gallery-icon landscape'>\n\t\t\t\t<a href='https:\/\/www.colorado.com.br\/nosdacolorado\/wp-content\/uploads\/2020\/11\/EQUIPEcem.jpg'><img loading=\"lazy\" decoding=\"async\" data-attachment-id=\"8752\" data-orig-file=\"https:\/\/www.colorado.com.br\/nosdacolorado\/wp-content\/uploads\/2020\/11\/EQUIPEcem.jpg\" data-orig-size=\"4912,3264\" data-comments-opened=\"1\" data-image-meta=\"{&quot;aperture&quot;:&quot;4.5&quot;,&quot;credit&quot;:&quot;&quot;,&quot;camera&quot;:&quot;SLT-A57&quot;,&quot;caption&quot;:&quot;&quot;,&quot;created_timestamp&quot;:&quot;1606385195&quot;,&quot;copyright&quot;:&quot;&quot;,&quot;focal_length&quot;:&quot;18&quot;,&quot;iso&quot;:&quot;100&quot;,&quot;shutter_speed&quot;:&quot;0.0125&quot;,&quot;title&quot;:&quot;&quot;,&quot;orientation&quot;:&quot;1&quot;,&quot;keywords&quot;:&quot;Array&quot;}\" data-image-title=\"EQUIPEcem\" data-image-description=\"\" data-medium-file=\"https:\/\/www.colorado.com.br\/nosdacolorado\/wp-content\/uploads\/2020\/11\/EQUIPEcem-300x199.jpg\" data-large-file=\"https:\/\/www.colorado.com.br\/nosdacolorado\/wp-content\/uploads\/2020\/11\/EQUIPEcem-1024x680.jpg\" width=\"4912\" height=\"3264\" src=\"https:\/\/www.colorado.com.br\/nosdacolorado\/wp-content\/uploads\/2020\/11\/EQUIPEcem.jpg\" class=\"attachment-full size-full\" alt=\"\" aria-describedby=\"gallery-2-8752\" srcset=\"https:\/\/www.colorado.com.br\/nosdacolorado\/wp-content\/uploads\/2020\/11\/EQUIPEcem.jpg 4912w, https:\/\/www.colorado.com.br\/nosdacolorado\/wp-content\/uploads\/2020\/11\/EQUIPEcem-300x199.jpg 300w, https:\/\/www.colorado.com.br\/nosdacolorado\/wp-content\/uploads\/2020\/11\/EQUIPEcem-768x510.jpg 768w, https:\/\/www.colorado.com.br\/nosdacolorado\/wp-content\/uploads\/2020\/11\/EQUIPEcem-1024x680.jpg 1024w\" sizes=\"auto, (max-width: 4912px) 100vw, 4912px\" \/><\/a>\n\t\t\t<\/dt>\n\t\t\t\t<dd class='wp-caption-text gallery-caption' id='gallery-2-8752'>\n\t\t\t\tParte da equipe de Seguran\u00e7a da Central Energ\u00e9tica Morrinhos\n\t\t\t\t<\/dd><\/dl><br style=\"clear: both\" \/>\n\t\t<\/div>\n\n<h2>Voc\u00ea sabia?<\/h2>\n<p>O Departamento de Seguran\u00e7a do Trabalho do Grupo Colorado conta com tr\u00eas engenheiros, quatorze t\u00e9cnicos de seguran\u00e7a, 2 colaboradores de servi\u00e7os gerais e 1 motorista.<\/p>\n<p>A Seguran\u00e7a tem papel fundamental na miss\u00e3o do Grupo Colorado, pois para garantir a produtividade, efici\u00eancia e a qualidade de produtos e servi\u00e7os \u00e9 necess\u00e1rio garantir um ambiente seguro, preservando a integridade f\u00edsica do colaborador. Esse \u00e9 o objetivo do Departamento de Seguran\u00e7a do Trabalho.<strong>\u00a0<\/strong><\/p>\n<h2>As principais \u00a0atribui\u00e7\u00f5es do Departamento de Seguran\u00e7a do Trabalho:<\/h2>\n<p>1. An\u00e1lise das condi\u00e7\u00f5es de seguran\u00e7a nos locais de trabalho, instala\u00e7\u00f5es e equipamentos;<\/p>\n<p>2.\u00a0Planejamento, desenvolvimento e implanta\u00e7\u00e3o de medidas relacionadas a controle de riscos;<\/p>\n<p>3.\u00a0Vistoria, an\u00e1lise e emiss\u00e3o de parecer e laudos t\u00e9cnicos, bem como elabora\u00e7\u00e3o de procedimentos de seguran\u00e7a para cada atividade, levando em considera\u00e7\u00e3o riscos f\u00edsicos, qu\u00edmicos, biol\u00f3gicos, ergon\u00f4micos e de acidentes;<\/p>\n<p>4.\u00a0Especifica\u00e7\u00e3o, controle e fiscaliza\u00e7\u00e3o de sistemas e equipamentos de prote\u00e7\u00e3o coletiva e individual;<\/p>\n<p>5.\u00a0An\u00e1lise de acidentes e falhas, investigando causas e propondo medidas preventivas e corretivas;<\/p>\n<p>6.\u00a0Realiza\u00e7\u00e3o de treinamentos voltados \u00e0 seguran\u00e7a do trabalho;<\/p>\n<p>7.\u00a0Orienta\u00e7\u00e3o e fiscaliza\u00e7\u00e3o de prestadores de servi\u00e7os no \u00e2mbito da seguran\u00e7a;<\/p>\n<p>8.\u00a0Prepara\u00e7\u00e3o e acompanhamento de per\u00edcias trabalhistas e previdenci\u00e1rias;<\/p>\n<p>9.\u00a0Acompanhamento de visitas dos \u00f3rg\u00e3os fiscalizadores e levantamento da documenta\u00e7\u00e3o exigida, emiss\u00e3o de perfil e laudo para fins previdenci\u00e1rios do colaborador;<\/p>\n<p>10.\u00a0Desenvolvimento e homologa\u00e7\u00e3o de novos Equipamentos de Prote\u00e7\u00e3o Individual;<\/p>\n<p>11.\u00a0Gest\u00e3o de or\u00e7amento.<\/p>\n<h2>ENTREVISTA: Val\u00e9ria Lellis Jorge, supervisora de seguran\u00e7a do trabalho do Grupo Colorado<\/h2>\n<p><img loading=\"lazy\" decoding=\"async\" class=\"aligncenter wp-image-8739 size-full\" src=\"http:\/\/www.colorado.com.br\/nosdacolorado\/wp-content\/uploads\/2020\/11\/VALERIA-1.jpg\" alt=\"\" width=\"4912\" height=\"3264\" srcset=\"https:\/\/www.colorado.com.br\/nosdacolorado\/wp-content\/uploads\/2020\/11\/VALERIA-1.jpg 4912w, https:\/\/www.colorado.com.br\/nosdacolorado\/wp-content\/uploads\/2020\/11\/VALERIA-1-300x199.jpg 300w, https:\/\/www.colorado.com.br\/nosdacolorado\/wp-content\/uploads\/2020\/11\/VALERIA-1-768x510.jpg 768w, https:\/\/www.colorado.com.br\/nosdacolorado\/wp-content\/uploads\/2020\/11\/VALERIA-1-1024x680.jpg 1024w\" sizes=\"auto, (max-width: 4912px) 100vw, 4912px\" \/><\/p>\n<blockquote>\n<h3>\u201cO meu maior desafio profissional foi assumir a \u00e1rea de Seguran\u00e7a do Trabalho do Grupo Colorado\u201d<\/h3>\n<\/blockquote>\n<p>A Engenheira de Seguran\u00e7a, Val\u00e9ria Lellis Jorge \u00e9 supervisora de seguran\u00e7a do trabalho do Grupo Colorado. Ela atua no Grupo h\u00e1 31 anos e \u00e9 a respons\u00e1vel pela implanta\u00e7\u00e3o da cultura de seguran\u00e7a em nossas empresas.<\/p>\n<p>Nascida em Ribeir\u00e3o Preto, Val\u00e9ria formou-se em Engenharia de Alimentos em 1988 pela Unifeb e em 1999 fez p\u00f3s gradua\u00e7\u00e3o em Engenharia de Seguran\u00e7a do Trabalho.<\/p>\n<p>Antes de trabalhar como Engenheira de Seguran\u00e7a, Val\u00e9ria atuou em outras \u00e1reas da Usina Colorado. Fui encarregada do Laborat\u00f3rio de Sacarose por 7 anos, depois pelo Laborat\u00f3rio de Entomologia por mais 3 anos.<\/p>\n<blockquote><p>\u201cOptei por atuar no setor de seguran\u00e7a por influ\u00eancia de uma pessoa que veio ministrar um treinamento sobre lideran\u00e7a h\u00e1 21 anos, ela me alertou sobre as possibilidades, campos de atua\u00e7\u00e3o que seriam vi\u00e1veis no futuro.\u201d, afirma.<\/p><\/blockquote>\n<p>Val\u00e9ria conta que o seu departamento \u00e9 totalmente interdependente, pois atua junto a todas as \u00e1reas da empresa\u00a0 e tem a miss\u00e3o de obter o comprometimento de todos na gest\u00e3o da seguran\u00e7a\u00a0 para garantir uma atua\u00e7\u00e3o eficiente.<\/p>\n<blockquote><p>\u201cO di\u00e1logo com as \u00e1reas n\u00e3o \u00e9 um trabalho f\u00e1cil, pois no Brasil atendemos a muitas Normas Regulamentadoras \u2013 as NRs, e isto exige um trabalho de conscientiza\u00e7\u00e3o e educa\u00e7\u00e3o cont\u00ednua para minimizar as resist\u00eancias \u00e0s regras, neste sentido \u00e9 sempre melhor prevenir do que remediar.<\/p>\n<p>\u201cMostramos que a atua\u00e7\u00e3o e orienta\u00e7\u00e3o do setor de Seguran\u00e7a \u00e9 important\u00edssima, pois zela pela qualidade de vida e mant\u00e9m um\u00a0<a href=\"https:\/\/beecorp.com.br\/blog\/razoes-para-investir-em-um-bom-ambiente-de-trabalho\/\">ambiente de trabalho<\/a> seguro, o que influencia diretamente na produtividade e at\u00e9 na redu\u00e7\u00e3o dos custos. As a\u00e7\u00f5es preventivas minimizam gastos maiores que poderiam ocorrer com indeniza\u00e7\u00f5es, multas de \u00f3rg\u00e3os fiscalizadores, danos ao patrim\u00f4nio, afastamentos constantes de colaboradores, entre outros, al\u00e9m de influenciar positivamente na credibilidade e reputa\u00e7\u00e3o da empresa perante a sociedade.\u201d, afirma Val\u00e9ria.<\/p><\/blockquote>\n<p><strong>N\u00f3s da Colorado: Depois de uma ocorr\u00eancia, como \u00e9 a reflex\u00e3o para supera\u00e7\u00e3o do problema e para evitar que outros acidentes aconte\u00e7am?<\/strong><\/p>\n<p><strong>Val\u00e9ria Lellis Jorge: <\/strong>Depois de qualquer ocorr\u00eancia h\u00e1 uma minuciosa investiga\u00e7\u00e3o para identifica\u00e7\u00e3o do agente causador, ap\u00f3s a an\u00e1lise, caso seja ato inseguro \u00e9 realizado uma nova orienta\u00e7\u00e3o ao colaborador e a equipe na qual ele est\u00e1 inserido baseado no procedimento de seguran\u00e7a para realiza\u00e7\u00e3o da atividade. Em caso de condi\u00e7\u00e3o insegura \u00e9 realizada uma recomenda\u00e7\u00e3o de seguran\u00e7a para que se corrija o problema e elimine o risco.<\/p>\n<p><strong>N\u00f3s da Colorado: Como \u00e9 o processo para motivar o colaborador para o trabalho seguro?<\/strong><\/p>\n<p><strong>Val\u00e9ria Lellis Jorge: <\/strong>\u00c9 um trabalho di\u00e1rio, com muita orienta\u00e7\u00e3o e paci\u00eancia. Trabalho com um passo a passo detalhado e usando algumas ferramentas como: DDS \u2013 Di\u00e1logos Di\u00e1rios de Seguran\u00e7a, integra\u00e7\u00e3o de seguran\u00e7a, instru\u00e7\u00e3o de trabalho e anualmente realizamos a Sipat \u2013 Semana Interna de Preven\u00e7\u00e3o de Acidentes do Trabalho.<strong>\u00a0<\/strong><\/p>\n<p><strong>N\u00f3s da Colorado: Acredita que o colaborador que tem uma postura de seguran\u00e7a na empresa tamb\u00e9m leva essa postura para o seu dia a dia, em casa?<\/strong><\/p>\n<p><strong>Val\u00e9ria Lellis Jorge: <\/strong>Acredito que de alguma forma sim, pois uma vez adquirido um comportamento, este se torna um h\u00e1bito e o h\u00e1bito adquirido, um modo de vida.<\/p>\n<p><strong>N\u00f3s da Colorado: Quais s\u00e3o os maiores desafios para uma gest\u00e3o de seguran\u00e7a na empresa?<\/strong><\/p>\n<p><strong>Val\u00e9ria Lellis Jorge: <\/strong>A capacita\u00e7\u00e3o dos gestores para a conscientiza\u00e7\u00e3o e gest\u00e3o da sua equipe, pois os gestores s\u00e3o agentes importantes para a dissemina\u00e7\u00e3o do trabalho seguro. E como sabemos, comportamentos s\u00e3o moldados principalmente pelo conhecimento, pela aplica\u00e7\u00e3o e pelos exemplos, ent\u00e3o, para que todos tenham uma vis\u00e3o da import\u00e2ncia do trabalho seguro, \u00e9 imprescind\u00edvel a atua\u00e7\u00e3o respons\u00e1vel de cada um.<\/p>\n<p><strong>N\u00f3s da Colorado: A Pandemia de Coronav\u00edrus trouxe novos componentes para a \u00e1rea da seguran\u00e7a?<\/strong><\/p>\n<p><strong>Val\u00e9ria Lellis Jorge: <\/strong>Com a pandemia, tivemos que nos adaptar. Al\u00e9m, da atua\u00e7\u00e3o respons\u00e1vel, seguindo todas as recomenda\u00e7\u00f5es de preven\u00e7\u00e3o, conseguimos manter o bom andamento de nossas atividades e atuamos juntamente com o departamento de Medicina do Trabalho no monitoramento e controle de casos dentro da empresa.<\/p>\n<p><strong>N\u00f3s da Colorado: E, profissionalmente, qual foi o seu maior desafio em toda a sua vida de trabalho?<\/strong><\/p>\n<p><strong>Val\u00e9ria Lellis Jorge: <\/strong>O meu maior desafio foi assumir o departamento de seguran\u00e7a da empresa, l\u00e1 em 1999. Um mundo machista, era o panorama da situa\u00e7\u00e3o das mulheres no mercado de trabalho e, em uma agroind\u00fastria,\u00a0empresa em que o quadro \u00e9 a maioria absoluta de homens,\u00a0onde deveria supervisionar\u00a0uma equipe totalmente masculina \u00e0 \u00e9poca em um departamento que exige uma postura mais r\u00edgida\u00a0e firme. Isto foi realmente desafiador: enfrentei muita resist\u00eancia e muitos obst\u00e1culos, mas valeu a pena. Consegui conquistar o respeito e a confian\u00e7a das pessoas. Hoje, ainda n\u00e3o chegamos no ideal, mas houve uma grande evolu\u00e7\u00e3o. Tenho orgulho de ter sobrevivido e conquistado meu espa\u00e7o.<\/p>\n<p><strong>N\u00f3s da Colorado: Como se atualiza?<\/strong><\/p>\n<p><strong>Val\u00e9ria Lellis Jorge: <\/strong>Estou sempre atenta as mudan\u00e7as e atualiza\u00e7\u00f5es das NRs que regem o nosso trabalho, participo de grupos de estudos e leio bastante.<\/p>\n<p><strong>N\u00f3s da Colorado: Qual \u00e9 o seu maior sonho?<\/strong><\/p>\n<p><strong>Val\u00e9ria Lellis Jorge: <\/strong>Meu maior sonho \u00e9 poder me aposentar sem ter que abrir m\u00e3o das regalias que o que eu ganho com o meu trabalho me proporciona.<\/p>\n<p><strong>N\u00f3s da Colorado: Ao que se dedica nos momentos de lazer?<\/strong><\/p>\n<p><strong>Val\u00e9ria Lellis Jorge: <\/strong>Gosto muito de estar junto da fam\u00edlia, dos amigos, viajar&#8230;<\/p>\n<p><strong>N\u00f3s de Casa: Se pudesse dar um conselho para as pessoas, o que diria?<\/strong><\/p>\n<p><strong>Val\u00e9ria Lellis Jorge: <\/strong>Valorize as pessoas que te valorizam. Tente n\u00e3o se deixar abalar por pessoas ou situa\u00e7\u00f5es negativas que n\u00e3o te acrescenta aprendizado. E seja grato sempre, gratid\u00e3o \u00e9 uma virtude que est\u00e1 muito escassa no mundo.<\/p>\n<p>&nbsp;<\/p>\n<h2><strong>ENTREVISTA: Andr\u00e9 Barcelos Fernandes<\/strong><strong>,<\/strong> Engenheiro de Seguran\u00e7a da Central Energ\u00e9tica Morrinhos<\/h2>\n<p><img loading=\"lazy\" decoding=\"async\" class=\"aligncenter wp-image-8744 size-full\" src=\"http:\/\/www.colorado.com.br\/nosdacolorado\/wp-content\/uploads\/2020\/11\/ANDRE03.jpg\" alt=\"\" width=\"3072\" height=\"2014\" srcset=\"https:\/\/www.colorado.com.br\/nosdacolorado\/wp-content\/uploads\/2020\/11\/ANDRE03.jpg 3072w, https:\/\/www.colorado.com.br\/nosdacolorado\/wp-content\/uploads\/2020\/11\/ANDRE03-300x197.jpg 300w, https:\/\/www.colorado.com.br\/nosdacolorado\/wp-content\/uploads\/2020\/11\/ANDRE03-768x504.jpg 768w, https:\/\/www.colorado.com.br\/nosdacolorado\/wp-content\/uploads\/2020\/11\/ANDRE03-1024x671.jpg 1024w\" sizes=\"auto, (max-width: 3072px) 100vw, 3072px\" \/><\/p>\n<blockquote>\n<h2>\u201cQuem faz a nossa seguran\u00e7a somos n\u00f3s mesmos.\u201d<\/h2>\n<\/blockquote>\n<p>Nascido no munic\u00edpio goiano de Goiatuba, Andr\u00e9 \u00e9 Engenheiro de Seguran\u00e7a da Central Energ\u00e9tica Morrinhos, desde fevereiro de 2011. Ele conta que a op\u00e7\u00e3o pela Engenharia de Seguran\u00e7a surgiu a partir do perfil prevencionista que sempre teve.<\/p>\n<p>\u201cO\u00a0Departamento de sa\u00fade e seguran\u00e7a do trabalho \u00e9 um setor de trabalho sempre em busca de resultados. Visa a prote\u00e7\u00e3o \u00e0 vida dos colaboradores e terceiros,\u00a0<a href=\"https:\/\/conect.online\/blog\/seguranca-do-trabalho-o-guia-definitivo-para-evitar-acidentes-na-empresa\/\">prevenindo acidentes<\/a>, riscos e doen\u00e7as relacionada ao trabalho.\u201d, salienta.<\/p>\n<p>Como Valeria, Andr\u00e9 salienta que a Seguran\u00e7a atua\u00a0 alinhada com as demais \u00e1reas da empresa e que, para isso, s\u00e3o realizadas reuni\u00f5es frequentes.<\/p>\n<p>A \u00e1rea vem avan\u00e7ando dia a dia para tornar o ambiente de trabalho ainda mais seguro e exemplifica entre esses avan\u00e7os na CEM, o projeto de combate inc\u00eandio conscientizando todos os colaboradores da planta quanto a evacua\u00e7\u00e3o da \u00e1rea com seguran\u00e7a, treinamentos de capacita\u00e7\u00f5es e recapacita\u00e7\u00e3o para os demais colaboradores em exposi\u00e7\u00e3o a risco grave e iminente.\u00a0 Acompanhe a entrevista.<\/p>\n<blockquote><p>\u201cA Pandemia de Coronav\u00edrus trouxe novos desafios para Departamento de Seguran\u00e7a e os demais setores.\u201d, afirma o Engenheiro de Seguran\u00e7a<\/p><\/blockquote>\n<p><strong>N\u00f3s da Colorado: Depois de uma ocorr\u00eancia, como \u00e9 a reflex\u00e3o para supera\u00e7\u00e3o do problema e para evitar que outros acidentes aconte\u00e7am?<\/strong><\/p>\n<p><strong>Andr\u00e9 Barcelos Fernandes<\/strong><strong>:<\/strong> Realizamos a mitiga\u00e7\u00e3o para levantar os fatos ocorridos, reparar o erro para que outras pessoas n\u00e3o venham a \u00a0sofrer intercorr\u00eancia no mesmo sentido.<\/p>\n<p><strong>N\u00f3s da Colorado: Como \u00e9 o processo para motivar o colaborador para o trabalho seguro?<\/strong><\/p>\n<p><strong>Andr\u00e9 Barcelos Fernandes<\/strong><strong>:<\/strong> N\u00f3s adotamos treinamentos de conscientiza\u00e7\u00e3o e uma boa conversa.<\/p>\n<p><strong>N\u00f3s da Colorado: Acredita que o colaborador que tem uma postura de seguran\u00e7a na empresa tamb\u00e9m leva essa postura para o seu dia a dia, em casa?<\/strong><\/p>\n<p><strong>Andr\u00e9 Barcelos Fernandes<\/strong><strong>:<\/strong> Positivo<\/p>\n<p><strong>N\u00f3s da Colorado: Quais s\u00e3o os maiores desafios para uma gest\u00e3o de seguran\u00e7a na empresa?<\/strong><\/p>\n<p><strong>Andr\u00e9 Barcelos Fernandes<\/strong><strong>:<\/strong> Conscientizar os colaboradores que a seguran\u00e7a est\u00e1 em primeiro lugar.<\/p>\n<p><strong>N\u00f3s da Colorado: A Pandemia de Coronav\u00edrus trouxe novos componentes para a \u00e1rea da seguran\u00e7a? <\/strong><\/p>\n<p><strong>Andr\u00e9 Barcelos Fernandes<\/strong><strong>:<\/strong> Sim, a quest\u00e3o comportamental do Coronav\u00edrus trouxe novos desafios para Departamento de Seguran\u00e7a e os demais setores.<\/p>\n<p><strong>N\u00f3s da Colorado: E, profissionalmente, qual foi o seu maior desafio em toda a sua vida de trabalho? <\/strong><\/p>\n<p><strong>Andr\u00e9 Barcelos Fernandes<\/strong><strong>:<\/strong> Encarar obst\u00e1culos de forma positiva e construtiva.<\/p>\n<p><strong>N\u00f3s da Colorado: Como se atualiza?<\/strong><\/p>\n<p><strong>Andr\u00e9 Barcelos Fernandes<\/strong><strong>:<\/strong> Palestras virtuais e literatura atual.<\/p>\n<p><strong>N\u00f3s da Colorado: Qual \u00e9 o seu maior sonho?<\/strong><\/p>\n<p><strong>Andr\u00e9 Barcelos Fernandes<\/strong><strong>:<\/strong> Ter vida para ver o mundo com mais igualdade.<\/p>\n<p><strong>N\u00f3s da Colorado: Ao que se dedica nos momentos de lazer?<\/strong><\/p>\n<p><strong>Andr\u00e9 Barcelos Fernandes<\/strong><strong>:<\/strong> Ao lado da fam\u00edlia.<\/p>\n<p><strong>N\u00f3s da Colorado: Se pudesse dar um conselho para as pessoas, o que diria?<\/strong><\/p>\n<p><strong>Andr\u00e9 Barcelos Fernandes<\/strong><strong>:<\/strong> Quem faz a nossa seguran\u00e7a somos n\u00f3s mesmos.<\/p>\n<p>&nbsp;<\/p>\n<h2>ENTREVISTA: Wagner Roberto Ferro, engenheiro de seguran\u00e7a do trabalho do Grupo Colorado<\/h2>\n<p><img loading=\"lazy\" decoding=\"async\" class=\"aligncenter wp-image-8748 size-full\" src=\"http:\/\/www.colorado.com.br\/nosdacolorado\/wp-content\/uploads\/2020\/11\/DSC02316.jpg\" alt=\"\" width=\"4912\" height=\"3264\" \/><\/p>\n<blockquote>\n<h3>\u201cA Engenharia de Seguran\u00e7a traz a oportunidade de mudar as condi\u00e7\u00f5es, melhorando os ambientes de trabalho nas empresas\u201d<\/h3>\n<\/blockquote>\n<p><strong>\u00a0<\/strong>O Engenheiro de Seguran\u00e7a, Wagner Ferro, sonha com o dia em que a Seguran\u00e7a do Trabalho se torne prioridade da maioria das empresas brasileiras. Nascido em Guariba, Wagner ingressou no Grupo Colorado inicialmente como prestador de servi\u00e7os, no ano de 1998. Dez anos depois foi admitido como colaborador da empresa.<\/p>\n<p>Engenheiro, Wagner \u00e9 p\u00f3s-graduado em Engenharia de Seguran\u00e7a do Trabalho em 1981, pela Fundacentro (Funda\u00e7\u00e3o Jorge Duprat Figueiredo), atrav\u00e9s da Faculdade de Engenharia de Araraquara. \u201cMas toda minha experi\u00eancia pr\u00e1tica nesta \u00e1rea, ocorreu em 1988 no Centro Tecnol\u00f3gico da Copersucar, em Piracicaba, hoje denominado\u00a0 CTC \u2013 Centro de Tecnologia Canavieira. Foi l\u00e1 que realmente comecei a trabalhar como Engenheiro de Seguran\u00e7a do Trabalho.\u201d, conta.<\/p>\n<p><strong>N\u00f3s da Colorado: Por que optou por atuar no setor de seguran\u00e7a?<\/strong><\/p>\n<p><strong>Wagner Roberto Ferro:<\/strong> No in\u00edcio foi para ganhar experi\u00eancia numa nova profiss\u00e3o e depois, por paix\u00e3o pela experi\u00eancia adquirida, uma vez que descobri que teria a oportunidade de mudar as condi\u00e7\u00f5es de trabalho de muitas empresas, melhorando os ambientes de trabalho das mesmas, dando melhores condi\u00e7\u00f5es de trabalho para muitas Pessoas.<\/p>\n<p><strong>N\u00f3s da Colorado: Acredita que o colaborador que tem uma postura de seguran\u00e7a na empresa tamb\u00e9m leva essa postura para o seu dia a dia, em casa?<\/strong><\/p>\n<p><strong>Wagner Roberto Ferro:<\/strong> Atualmente sim, mas foi uma longa jornada para chegarmos a esta posi\u00e7\u00e3o. Na d\u00e9cada de 1990 e no in\u00edcio da d\u00e9cada de 2000, quando do in\u00edcio de minha jornada nesta \u00e1rea de trabalho, a frase seguran\u00e7a no trabalho era muito mal interpretada e muitos trabalhadores n\u00e3o queriam e ou n\u00e3o souberam assimilar o seu real valor. Acho que com a persist\u00eancia de muitos Engenheiros de Seguran\u00e7a e com a mudan\u00e7a dos padr\u00f5es da vida profissional das Pessoas, isto se alterou para melhor e para o que vivemos atualmente.<\/p>\n<p><strong>N\u00f3s da Colorado: E, profissionalmente, qual foi o seu maior desafio em sua vida de trabalho?<\/strong><\/p>\n<p><strong>Wagner Roberto Ferro:<\/strong> Foi o de persistir e quebrar paradigmas em v\u00e1rias Empresas em que atuei, pois vivi a fase da \u201cSeguran\u00e7a do Trabalho\u201d de pouca aceita\u00e7\u00e3o para o que \u00e9 hoje. Acho que a minha persist\u00eancia em v\u00e1rias empresas foi o meu maior desafio para vencer estas batalhas.<strong>\u00a0<\/strong><\/p>\n<p><strong>N\u00f3s da Colorado: Como se atualiza?<\/strong><\/p>\n<p><strong>Wagner Roberto Ferro:<\/strong> A \u00e1rea de Seguran\u00e7a do Trabalho passa, anualmente, por muitas mudan\u00e7as. A minha principal forma de atualiza\u00e7\u00e3o nesse assunto, \u00e9 a leitura constante de tudo que diga respeito a Seguran\u00e7a do Trabalho e, sempre que poss\u00edvel, atrav\u00e9s da realiza\u00e7\u00e3o de cursos de aperfei\u00e7oamento e participa\u00e7\u00e3o em palestras e feiras que ocorrem periodicamente.<\/p>\n<p><strong>N\u00f3s da Colorado: Ao que se dedica nos momentos de lazer?<\/strong><\/p>\n<p><strong>Wagner Roberto Ferro:<\/strong> Estar com a minha fam\u00edlia, vivendo e realizando o m\u00e1ximo de eventos sociais e de lazer com eles. \u00a0Tamb\u00e9m adoro viajar e, se poss\u00edvel, para conhecer novos lugares.<\/p>\n<p><strong>Qual \u00e9 o seu maior sonho?<\/strong><\/p>\n<p>Com rela\u00e7\u00e3o a minha vida pessoal, este j\u00e1 se realizou gra\u00e7as a Deus, que foi de dar uma Forma\u00e7\u00e3o Profissional para os meus filhos.<\/p>\n<p><strong>N\u00f3s da Colorado: Se pudesse dar um conselho para as pessoas, o que diria?<\/strong><\/p>\n<p><strong>Wagner Roberto Ferro:<\/strong> Que as pessoas mantenham a sua \u00edndole baseadas nas Leis Divinas, e n\u00e3o somente nas Leis dos Homens e que fa\u00e7am aos outros tudo aquilo que voc\u00ea gostaria que fizessem para voc\u00ea.<\/p>\n<p>&nbsp;<\/p>\n<p>&nbsp;<\/p>\n","protected":false},"excerpt":{"rendered":"<p>E a 27 de Novembro \u00e9 o Dia do(a) Engenheiro(a) de Seguran\u00e7a O trabalho seguro \u00e9 um dos pilares das empresas do Grupo Colorado. Investimos recursos em equipamentos, treinamentos, adequa\u00e7\u00f5es&#8230;<\/p>\n","protected":false},"author":2,"featured_media":8747,"comment_status":"open","ping_status":"open","sticky":false,"template":"","format":"standard","meta":{"footnotes":""},"categories":[11],"tags":[],"class_list":{"0":"post-8738","1":"post","2":"type-post","3":"status-publish","4":"format-standard","5":"has-post-thumbnail","7":"category-acontece-na-colorado"},"_links":{"self":[{"href":"https:\/\/www.colorado.com.br\/nosdacolorado\/wp-json\/wp\/v2\/posts\/8738","targetHints":{"allow":["GET"]}}],"collection":[{"href":"https:\/\/www.colorado.com.br\/nosdacolorado\/wp-json\/wp\/v2\/posts"}],"about":[{"href":"https:\/\/www.colorado.com.br\/nosdacolorado\/wp-json\/wp\/v2\/types\/post"}],"author":[{"embeddable":true,"href":"https:\/\/www.colorado.com.br\/nosdacolorado\/wp-json\/wp\/v2\/users\/2"}],"replies":[{"embeddable":true,"href":"https:\/\/www.colorado.com.br\/nosdacolorado\/wp-json\/wp\/v2\/comments?post=8738"}],"version-history":[{"count":3,"href":"https:\/\/www.colorado.com.br\/nosdacolorado\/wp-json\/wp\/v2\/posts\/8738\/revisions"}],"predecessor-version":[{"id":8755,"href":"https:\/\/www.colorado.com.br\/nosdacolorado\/wp-json\/wp\/v2\/posts\/8738\/revisions\/8755"}],"wp:featuredmedia":[{"embeddable":true,"href":"https:\/\/www.colorado.com.br\/nosdacolorado\/wp-json\/wp\/v2\/media\/8747"}],"wp:attachment":[{"href":"https:\/\/www.colorado.com.br\/nosdacolorado\/wp-json\/wp\/v2\/media?parent=8738"}],"wp:term":[{"taxonomy":"category","embeddable":true,"href":"https:\/\/www.colorado.com.br\/nosdacolorado\/wp-json\/wp\/v2\/categories?post=8738"},{"taxonomy":"post_tag","embeddable":true,"href":"https:\/\/www.colorado.com.br\/nosdacolorado\/wp-json\/wp\/v2\/tags?post=8738"}],"curies":[{"name":"wp","href":"https:\/\/api.w.org\/{rel}","templated":true}]}}