{"id":9067,"date":"2021-01-04T12:47:58","date_gmt":"2021-01-04T14:47:58","guid":{"rendered":"http:\/\/www.colorado.com.br\/nosdacolorado\/?p=9067"},"modified":"2021-01-04T12:47:58","modified_gmt":"2021-01-04T14:47:58","slug":"saiba-quais-vacinas-sao-obrigatorias-no-brasil","status":"publish","type":"post","link":"https:\/\/www.colorado.com.br\/nosdacolorado\/saiba-quais-vacinas-sao-obrigatorias-no-brasil\/","title":{"rendered":"Saiba quais vacinas s\u00e3o obrigat\u00f3rias no Brasil"},"content":{"rendered":"<div class=\"row\">\n<section class=\"col-xs-12\">\n<div class=\"row\">\n<section class=\"col-xs-12 col-sm-offset-1 col-sm-11\">\n<article class=\"n--noticia__header \">\n<h2 class=\"n--noticia__subtitle\">Todas as vacinas do Plano Nacional de Vacina\u00e7\u00e3o devem ser aplicadas em crian\u00e7as e adolescentes, segundo o Estatuto da Crian\u00e7a e do Adolescente<\/h2>\n<\/article>\n<\/section>\n<\/div>\n<\/section>\n<\/div>\n<aside class=\"col-sm-1 col-xs-none fixed-position-share\">\n<div class=\"module__share js-fixed-noticia-cover\">\n<div class=\"n--noticia__state-title\">Diego Kerber, O Estado de S.Paulo<\/div>\n<div><\/div>\n<div>\n<p>Com a perspectiva da chegada da vacina contra o\u00a0<a href=\"https:\/\/tudo-sobre.estadao.com.br\/coronavirus\" target=\"_self\" rel=\"noopener noreferrer\"><strong>novo coronav\u00edrus<\/strong><\/a>\u00a0entre o fim de 2020 e come\u00e7o de 2021, o tema da obrigatoriedade da aplica\u00e7\u00e3o do imunizante voltou a ser mencionado. Uma mulher chegou a abordar o presidente\u00a0<a href=\"https:\/\/tudo-sobre.estadao.com.br\/jair-bolsonaro\" target=\"_self\" rel=\"noopener noreferrer\"><strong>Jair Bolsonaro<\/strong><\/a>\u00a0pedindo que ele pro\u00edba a vacina contra\u00a0<strong>covid-19<\/strong>\u00a0por consider\u00e1-la \u201cperigosa\u201d. Bolsonaro respondeu na ocasi\u00e3o que\u00a0<a href=\"https:\/\/saude.estadao.com.br\/noticias\/geral,governo-diz-que-ninguem-e-obrigado-a-tomar-vacina-mas-lei-autoriza-aplicacao-compulsoria,70003421839\" target=\"_self\" rel=\"noopener noreferrer\"><strong>\u201cningu\u00e9m pode obrigar ningu\u00e9m a tomar vacina\u201d<\/strong><\/a>, fala que foi replicada nas redes sociais pela Secretaria de Comunica\u00e7\u00e3o da Presid\u00eancia (Secom).<\/p>\n<p>Apesar da fala do presidente, h\u00e1 vacinas que s\u00e3o, sim, consideradas\u00a0<strong>obrigat\u00f3rias<\/strong>, como \u00e9 o caso dos imunizantes indicados no\u00a0<strong>Plano Nacional de Vacina\u00e7\u00e3o<\/strong>\u00a0(PNI). Essas vacinas s\u00e3o obrigat\u00f3rias para crian\u00e7as e adolescentes, de acordo com o\u00a0<a href=\"https:\/\/tudo-sobre.estadao.com.br\/estatuto-da-crianca-e-do-adolescente\" target=\"_self\" rel=\"noopener noreferrer\"><strong>Estatuto da Crian\u00e7a e do Adolescente<\/strong><\/a>\u00a0(<strong>ECA<\/strong>). Os pais que se recusarem a levar os filhos para se imunizarem\u00a0<a href=\"https:\/\/saude.estadao.com.br\/noticias\/geral,quais-as-sancoes-para-os-pais-que-se-negam-a-vacinar-os-filhos-veja-perguntas-e-respostas,70003157254\" target=\"_self\" rel=\"noopener noreferrer\">podem sofrer san\u00e7\u00f5es<\/a>.<\/p>\n<\/div>\n<div class=\"line-leia\">\n<p>As\u00a0<a href=\"https:\/\/ciencia.estadao.com.br\/blogs\/herton-escobar\/entenda-o-que-sao-e-como-funcionam-as-vacinas\/\" target=\"_self\" rel=\"noopener noreferrer\">vacinas funcionam como simula\u00e7\u00f5es de doen\u00e7as<\/a>. Depois de aplicadas, elas\u00a0<a href=\"https:\/\/saude.estadao.com.br\/noticias\/geral,entenda-como-funciona-o-processo-de-desenvolvimento-de-uma-vacina,70003263247\" target=\"_self\" rel=\"noopener noreferrer\">estimulam uma resposta do sistema imunol\u00f3gico do organismo<\/a>, que produz\u00a0<strong>anticorpos\u00a0<\/strong>e guarda as informa\u00e7\u00f5es sobre aquele agente infeccioso, como um v\u00edrus ou uma bact\u00e9ria. Assim, quando o corpo entrar em contato com o microorganismo na natureza, ele poder\u00e1 responder ao invasor mais rapidamente e, assim, evitar que a pessoa fique doente. Isso \u00e9 chamado de\u00a0<strong>imunidade<\/strong>.<\/p>\n<div class=\"limite-continuar-lendo\"><\/div>\n<div class=\"mm_conteudo blog-multimidia foto loaded\" data-config=\"{&quot;tipo&quot;:&quot;FOTO&quot;,&quot;id&quot;:&quot;1117906&quot;,&quot;provider&quot;:&quot;AGILE&quot;}\">\n<figure class=\"n--noticia__image modulo-noticia\"><img decoding=\"async\" src=\"https:\/\/img.estadao.com.br\/resources\/jpg\/3\/8\/1543339850983.jpg\" alt=\"Vacina\" \/><figcaption>As vacinas estimulam uma resposta do sistema imunol\u00f3gico do organismo, que produz anticorpos para combater agentes infecciosos. Foto: Gabriela Bil\u00f3\/Estad\u00e3o<\/figcaption><\/figure>\n<\/div>\n<p>A maioria das\u00a0<strong>vacinas obrigat\u00f3rias\u00a0<\/strong>no Brasil devem ser tomadas ainda durante a inf\u00e2ncia. Segundo o calend\u00e1rio de vacina\u00e7\u00e3o infantil brasileiro, que foi estabelecido pelo PNI, a\u00a0<strong>imuniza\u00e7\u00e3o\u00a0<\/strong>j\u00e1 come\u00e7a logo ap\u00f3s o nascimento.<\/p>\n<p>Veja abaixo quais s\u00e3o as vacinas obrigat\u00f3rias:<\/p>\n<h3 class=\"intertitulo\">BCG<\/h3>\n<p>A vacina BCG (Bacilo Calmette-Guerin) \u00e9 aplicada ainda na maternidade. Ela atua para prevenir formas graves de\u00a0<a href=\"https:\/\/tudo-sobre.estadao.com.br\/tuberculose\" target=\"_self\" rel=\"noopener noreferrer\"><strong>tuberculose<\/strong><\/a>.<\/p>\n<h3 class=\"intertitulo\">Hepatite B<\/h3>\n<p>Essa dose \u00e9 aplicada ao nascer e, como o nome j\u00e1 diz, ajuda a prevenir a hepatite B. A depender da situa\u00e7\u00e3o vacinal, \u00e9 poss\u00edvel que seja necess\u00e1rio tomar\u00a0<strong>tr\u00eas doses\u00a0<\/strong>dessa vacina em qualquer momento da vida.<\/p>\n<h3 class=\"intertitulo\">Penta<\/h3>\n<p>A vacina pentavalente previne cinco tipos de doen\u00e7a:\u00a0<strong>difteria, t\u00e9tano, coqueluche, hepatite B<\/strong>\u00a0e todas as infec\u00e7\u00f5es causadas pelo\u00a0<strong><em>Haemophilus influenzae B<\/em><\/strong>. A vacina \u00e9 aplicada em\u00a0<strong>tr\u00eas doses<\/strong>: a primeira aos dois meses, a segunda aos quatro meses e a terceira aos seis meses.<\/p>\n<h3 class=\"intertitulo\">Vacina Poliomielite 1, 2 e 3 (inativada)\/VIP<\/h3>\n<p>Esse imunizante atua na preven\u00e7\u00e3o da\u00a0<strong>poliomielite<\/strong>, doen\u00e7a que j\u00e1 foi considerada quase erradicada no Brasil, mas voltou a ter casos. Na sua forma mais grave, pode causar\u00a0<strong>paralisia permanente<\/strong>. A vacina \u00e9 aplicada tamb\u00e9m em tr\u00eas doses: a primeira aos dois meses, a segunda aos quatro meses, e a terceira aos seis meses de idade.<\/p>\n<h3 class=\"intertitulo\">Pneumoc\u00f3cica 10 Valente (conjugada)<\/h3>\n<p>Essa vacina atua para prevenir diversas doen\u00e7as, como a\u00a0<strong>pneumonia<\/strong>, a\u00a0<strong>otite<\/strong>, a\u00a0<strong>meningite\u00a0<\/strong>e outras infec\u00e7\u00f5es causadas pelo\u00a0<strong><em>Pneumococo<\/em><\/strong>. S\u00e3o aplicadas\u00a0<strong>tr\u00eas doses<\/strong>: a primeira aos dois meses, a segunda aos quatro meses e a terceira aos doze\u00a0meses.<\/p>\n<h3 class=\"intertitulo\">Rotav\u00edrus humano<\/h3>\n<p>O rotav\u00edrus humano \u00e9 um dos principais causadores de\u00a0<strong>doen\u00e7as diarreicas agudas<\/strong>\u00a0e\u00a0<strong>diarreias graves<\/strong>\u00a0em crian\u00e7as\u00a0at\u00e9 cinco anos de idade. Essa vacina ajuda a prevenir justamente essas doen\u00e7as. S\u00e3o aplicadas duas doses: a primeira aos dois meses e a segunda aos quatro meses.<\/p>\n<h3 class=\"intertitulo\">Meningoc\u00f3cica C (conjugada)<\/h3>\n<p>Essa vacina atua na preven\u00e7\u00e3o de doen\u00e7as invasivas causadas pela bact\u00e9ria\u00a0<em><strong>Neisseria meningitidis<\/strong><\/em>\u00a0do sorogrupo C, ou seja,\u00a0<strong>meningite bacteriana<\/strong>. A vacina \u00e9 aplicada em\u00a0<strong>duas doses<\/strong>, aos tr\u00eas meses e aos cinco meses, e tamb\u00e9m precisa de\u00a0<strong>refor\u00e7os<\/strong>, aplicados aos 12 meses e em adolescentes entre 11 e 14 anos.<\/p>\n<h3 class=\"intertitulo\">Febre amarela<\/h3>\n<p>Essa vacina, como o pr\u00f3prio nome j\u00e1 diz, previne o desenvolvimento da\u00a0<a href=\"https:\/\/saude.estadao.com.br\/noticias\/geral,febre-amarela-saiba-mais-com-perguntas-e-respostas-sobre-a-doenca,70002717499\" target=\"_self\" rel=\"noopener noreferrer\"><strong>febre amarela<\/strong><\/a>. \u00c9 necess\u00e1ria apenas uma dose aos nove meses de vida. A depender a situa\u00e7\u00e3o vacinal, uma pessoa ainda pode tomar a vacina at\u00e9 o fim da vida.<\/p>\n<h3 class=\"intertitulo\">Tr\u00edplice viral<\/h3>\n<p>A vacina tr\u00edplice viral evita tr\u00eas doen\u00e7as:\u00a0<strong>sarampo, caxumba e rub\u00e9ola<\/strong>. A dose \u00e9 aplicada aos 12 meses de vida. A depender da situa\u00e7\u00e3o vacinal, ainda \u00e9 poss\u00edvel tomar duas doses da tr\u00edplice viral entre os 10 e os 29 anos ou apenas uma dose entre os 30 e os 49 anos.<\/p>\n<h3 class=\"intertitulo\">DTP<\/h3>\n<p>A vacina DTP ajuda a prevenir \u00a0<strong>difteria, t\u00e9tano e coqueluche<\/strong>. O primeiro refor\u00e7o \u00e9 aplicado aos 15 meses de idade e o segundo, aos quatro anos.<\/p>\n<h3 class=\"intertitulo\">Hepatite A<\/h3>\n<p>Como o pr\u00f3prio nome j\u00e1 diz, essa vacina previne a hepatite A. \u00c9 aplicada apenas\u00a0<strong>uma dose\u00a0<\/strong>aos 15 meses de idade.<\/p>\n<h3 class=\"intertitulo\">Tetra viral<\/h3>\n<p>A tetra viral substitui a segunda dose da tr\u00edplice viral, se o calend\u00e1rio de vacina\u00e7\u00e3o for seguido \u00e0 risca, e previne contra\u00a0<strong>sarampo, rub\u00e9ola, caxumba e varicela\/catapora<\/strong>. Tamb\u00e9m \u00e9 aplicada dose \u00fanica aos 15 meses.<\/p>\n<h3 class=\"intertitulo\">Vacina Poliomielite 1 e 3 (atenuada)\/VOP<\/h3>\n<p>As vacinas poliomielite 1 e 3 ainda precisam ser\u00a0<strong>refor\u00e7adas duas vezes<\/strong>\u00a0com o v\u00edrus atenuado. O primeiro refor\u00e7o \u00e9 aplicado aos 15 meses e o segundo, aos quatro anos de idade.<\/p>\n<h3 class=\"intertitulo\">Varicela atenuada<\/h3>\n<p>A vacina para\u00a0<strong>catapora\/varicela<\/strong>\u00a0tamb\u00e9m precisa ser tomada, j\u00e1 que a tetra viral atua como a primeira dose para a doen\u00e7a. A vacina contra varicela precisa ser aplicada em dose \u00fanica aos quatro anos.<\/p>\n<h3 class=\"intertitulo\">HPV<\/h3>\n<p>Essa vacina previne o\u00a0<strong>Papiloma V\u00edrus Humano<\/strong>, v\u00edrus que causa alguns tipos de\u00a0<strong>c\u00e2ncer\u00a0<\/strong>e\u00a0<strong>verrugas genitais<\/strong>. Devem ser aplicadas\u00a0<strong>duas doses<\/strong>\u00a0dessa vacina entre os 9 e os 14 anos nas meninas e entre os 11 e 14 anos nos meninos. As doses s\u00e3o aplicadas com seis meses de intervalo entre elas.<\/p>\n<h3 class=\"intertitulo\">Dupla Adulto (dT)<\/h3>\n<p>A vacina dupla adulto precisa ser refor\u00e7ada\u00a0<strong>a cada 10 anos<\/strong>\u00a0desde a adolesc\u00eancia at\u00e9 o fim da vida e tamb\u00e9m previne\u00a0<strong>difteria<\/strong>\u00a0e\u00a0<strong>t\u00e9tano<\/strong>.<\/p>\n<h3 class=\"intertitulo\">Pneumoc\u00f3cica 23 Valente<\/h3>\n<p>A vacina pneumoc\u00f3cica 23 valente \u00e9 indicada para\u00a0<strong>popula\u00e7\u00e3o ind\u00edgena e outros grupos-alvos espec\u00edfico<\/strong>s e precisa ser aplicada a depender da situa\u00e7\u00e3o vacinal em uma dose a partir dos 10 anos. Ela previne\u00a0<strong>pneumonia<\/strong>,\u00a0<strong>otite<\/strong>,\u00a0<strong>meningite\u00a0<\/strong>e outras infec\u00e7\u00f5es causadas pelo\u00a0<strong><em>Pneumococo<\/em><\/strong>.<\/p>\n<h3 class=\"intertitulo\">Influenza<\/h3>\n<p>A influenza, ou\u00a0<strong>gripe<\/strong>, por mais que seja comum, continua causando riscos \u00e0 sa\u00fade. Por isso, todo ano, ocorre a\u00a0<strong>Campanha Nacional de Vacina\u00e7\u00e3o da Gripe<\/strong>. Crian\u00e7as entre 6 meses e 6 anos de idade, assim como idosos e gestantes, precisam tomar a dose anual.<\/p>\n<\/div>\n<\/div>\n<\/aside>\n","protected":false},"excerpt":{"rendered":"<p>Todas as vacinas do Plano Nacional de Vacina\u00e7\u00e3o devem ser aplicadas em crian\u00e7as e adolescentes, segundo o Estatuto da Crian\u00e7a e do Adolescente Diego Kerber, O Estado de S.Paulo Com&#8230;<\/p>\n","protected":false},"author":2,"featured_media":9069,"comment_status":"open","ping_status":"open","sticky":false,"template":"","format":"standard","meta":{"footnotes":""},"categories":[11],"tags":[],"class_list":{"0":"post-9067","1":"post","2":"type-post","3":"status-publish","4":"format-standard","5":"has-post-thumbnail","7":"category-acontece-na-colorado"},"_links":{"self":[{"href":"https:\/\/www.colorado.com.br\/nosdacolorado\/wp-json\/wp\/v2\/posts\/9067","targetHints":{"allow":["GET"]}}],"collection":[{"href":"https:\/\/www.colorado.com.br\/nosdacolorado\/wp-json\/wp\/v2\/posts"}],"about":[{"href":"https:\/\/www.colorado.com.br\/nosdacolorado\/wp-json\/wp\/v2\/types\/post"}],"author":[{"embeddable":true,"href":"https:\/\/www.colorado.com.br\/nosdacolorado\/wp-json\/wp\/v2\/users\/2"}],"replies":[{"embeddable":true,"href":"https:\/\/www.colorado.com.br\/nosdacolorado\/wp-json\/wp\/v2\/comments?post=9067"}],"version-history":[{"count":1,"href":"https:\/\/www.colorado.com.br\/nosdacolorado\/wp-json\/wp\/v2\/posts\/9067\/revisions"}],"predecessor-version":[{"id":9070,"href":"https:\/\/www.colorado.com.br\/nosdacolorado\/wp-json\/wp\/v2\/posts\/9067\/revisions\/9070"}],"wp:featuredmedia":[{"embeddable":true,"href":"https:\/\/www.colorado.com.br\/nosdacolorado\/wp-json\/wp\/v2\/media\/9069"}],"wp:attachment":[{"href":"https:\/\/www.colorado.com.br\/nosdacolorado\/wp-json\/wp\/v2\/media?parent=9067"}],"wp:term":[{"taxonomy":"category","embeddable":true,"href":"https:\/\/www.colorado.com.br\/nosdacolorado\/wp-json\/wp\/v2\/categories?post=9067"},{"taxonomy":"post_tag","embeddable":true,"href":"https:\/\/www.colorado.com.br\/nosdacolorado\/wp-json\/wp\/v2\/tags?post=9067"}],"curies":[{"name":"wp","href":"https:\/\/api.w.org\/{rel}","templated":true}]}}