{"id":973,"date":"2019-10-16T14:38:37","date_gmt":"2019-10-16T17:38:37","guid":{"rendered":"http:\/\/www.colorado.com.br\/nosdacolorado\/?p=973"},"modified":"2019-10-16T15:05:21","modified_gmt":"2019-10-16T18:05:21","slug":"hoje-foi-dia-de-prevencao-na-usina-colorado","status":"publish","type":"post","link":"https:\/\/www.colorado.com.br\/nosdacolorado\/hoje-foi-dia-de-prevencao-na-usina-colorado\/","title":{"rendered":"Hoje foi dia de preven\u00e7\u00e3o na Usina Colorado"},"content":{"rendered":"<div>A parceria entre Usina Colorado e Hospital de Amor de Barretos possibilitou aos colaboradores a realiza\u00e7\u00e3o de exames gratuitos de preven\u00e7\u00e3o ao c\u00e2ncer. Estiveram na empresa duas unidades m\u00f3veis, a de Preven\u00e7\u00e3o do C\u00e2ncer Bucal que ficou estacionada em frente ao restaurante e a de Preven\u00e7\u00e3o do C\u00e2ncer de Mama e Colo do \u00datero que ficou estacionada em frente ao ambulat\u00f3rio m\u00e9dico.<\/div>\n<div><\/div>\n<div>Quem pode participar:<\/div>\n<div><\/div>\n<div><strong>Boca\u00a0 <\/strong><\/div>\n<div>\n<div>\n<div>Crit\u00e9rios de Inclus\u00e3o:<\/div>\n<div>\n<ul>\n<li>Homens e mulheres acima de 40 anos fumantes e\/ou etilistas;<\/li>\n<li>Homens e mulheres ex fumantes e\/ou etilistas a pelo menos 20 anos;<\/li>\n<li>Homens e mulheres com qualquer idade com les\u00f5es suspeitas h\u00e1 mais de 15 dias;<\/li>\n<\/ul>\n<\/div>\n<\/div>\n<div><\/div>\n<div><strong>Colo de \u00fatero<\/strong><\/div>\n<div>\n<div>Crit\u00e9rios de Inclus\u00e3o:<\/div>\n<div>\n<ul>\n<li>Mulheres de 25 a 64 anos de idade, que j\u00e1 iniciaram a vida sexual;<\/li>\n<li>Realizar o exame anualmente.<\/li>\n<\/ul>\n<div>Crit\u00e9rios de Exclus\u00e3o:<\/div>\n<ul>\n<li>Gravidez;<\/li>\n<li>Menstrua\u00e7\u00e3o (2 dias);<\/li>\n<li>Ducha vaginal;<\/li>\n<li>Pomada ginecol\u00f3gica (2 dias);<\/li>\n<li>Rela\u00e7\u00e3o sexual (2 dias);<\/li>\n<li><span style=\"color: #000000; font-family: calibri;\">J\u00e1 faz acompanhamento no Hospital do Amor\u00a0 ou tenha diagn\u00f3stico de C\u00e2ncer.<\/span><\/li>\n<\/ul>\n<div><\/div>\n<div><strong>Mama<\/strong><\/div>\n<div>\n<div>Crit\u00e9rios de Inclus\u00e3o:<\/div>\n<div>\n<ul>\n<li>Mulheres de 40 a 69 anos de idade;<\/li>\n<li>40 aos 49 anos realizar o exame anualmente;<\/li>\n<li>50 aos 69 anos a cada 2 anos.<\/li>\n<\/ul>\n<p>Crit\u00e9rios de Exclus\u00e3o:<\/p>\n<ul>\n<li>Mulheres fora da faixa et\u00e1ria;<\/li>\n<li>Gravidez;<\/li>\n<li><span style=\"color: #000000; font-family: calibri;\">Faz acompanhamento no Hospital do Amor ou\u00a0 tenha diagn\u00f3stico de C\u00e2ncer .<\/span><\/li>\n<\/ul>\n<h2>Sobre o Hospital de Amor<\/h2>\n<p>Excel\u00eancia em oncologia, o Hospital de Amor (atual nome do Hospital de C\u00e2ncer de Barretos) registra 6.000 atendimentos\/dia, 100% gratuitos. Acolhe pacientes de todo o Brasil, com profissionalismo e humaniza\u00e7\u00e3o, o grande diferencial da institui\u00e7\u00e3o. Em 2000, foi escolhido pelo Minist\u00e9rio da Sa\u00fade como o melhor hospital p\u00fablico do pa\u00eds. Em 2011, tornou-se \u201cinstitui\u00e7\u00e3o irm\u00e3\u201d do MD Anderson Cancer Center (EUA), o maior centro de tratamento e pesquisa de c\u00e2ncer do mundo, e ainda recebeu um pr\u00eamio da AVON como \u201cCampe\u00e3o Mundial em Avan\u00e7o na \u00c1rea M\u00e9dica no Combate ao C\u00e2ncer de Mama\u201d. Em 2012 assinou acordo com o Saint Jude Children\u00b4s Research Hospital e tornou-se \u201cinstitui\u00e7\u00e3o g\u00eamea\u201d.<br \/>\nEm 2018, o hospital assumiu o topo do ranking da Scimago Institutions Rankings (SIR), entre todos os centros de sa\u00fade do Brasil e da Am\u00e9rica Latina. O levantamento \u00e9 uma ferramenta de reconhecimento internacional, que avalia a qualidade de institui\u00e7\u00f5es (p\u00fablicas ou privadas) em todo o mundo, considerando os crit\u00e9rios: pesquisa, inova\u00e7\u00e3o e impacto social. A institui\u00e7\u00e3o tamb\u00e9m foi o grande destaque da 4\u00aa Edi\u00e7\u00e3o do Pr\u00eamio \u201cMelhores Hospitais\u201d, projeto realizado pela Secretaria do Estado de Sa\u00fade de S\u00e3o Paulo, realizado em dezembro de 2014. O hospital ganhou em tr\u00eas categorias: melhor hospital, interna\u00e7\u00e3o e ambulat\u00f3rio. O principal objetivo da premia\u00e7\u00e3o \u00e9 monitorar a qualidade de atendimento e a satisfa\u00e7\u00e3o do usu\u00e1rio, reconhecer os bons prestadores, identificar poss\u00edveis irregularidades e ampliar a capacidade de gest\u00e3o eficiente da sa\u00fade p\u00fablica. Na categoria \u201cInterna\u00e7\u00e3o\u201d, o Hospital de Amor liderou o ranking interior, com mais de 97% de aprova\u00e7\u00e3o. A institui\u00e7\u00e3o tamb\u00e9m teve um alto \u00edndice no quesito \u201cAmbulat\u00f3rio\u201d &#8211; 96,5% dos usu\u00e1rios disseram estar satisfeitos com o trabalho realizado.<\/p>\n<p>O HA possui diversas unidades espalhadas pelo pa\u00eds, estando elas localizadas em: Barretos (SP), Jales (SP), Fernand\u00f3polis (SP), Campinas (SP), Porto Velho (RO), Campo Grande (MS), Nova Andradina (MS), Ji-Paran\u00e1 (RO), Lagarto (SE), Juazeiro (BA) e Rio Branco (AC). Al\u00e9m disso, h\u00e1 projetos em andamento nas cidades de Amap\u00e1 (AP) e Palmas (TO). A institui\u00e7\u00e3o fechou o ano de 2018 com 948.842 atendimentos realizados a 192.215 pacientes vindos de 2.167 munic\u00edpios de todos os estados do pa\u00eds &#8211; um recorde de cobertura. Foram realizados 23.732 interna\u00e7\u00f5es, 102.258 quimioterapias, 7 mil refei\u00e7\u00f5es servidas\/dia e d\u00e9ficit operacional de mais R$ 24,5 milh\u00f5es\/m\u00eas. A entidade re\u00fane 380 m\u00e9dicos e mais de 3.800 funcion\u00e1rios.<\/p>\n<p>&nbsp;<\/p>\n\n\t\t<style type=\"text\/css\">\n\t\t\t#gallery-1 {\n\t\t\t\tmargin: auto;\n\t\t\t}\n\t\t\t#gallery-1 .gallery-item {\n\t\t\t\tfloat: left;\n\t\t\t\tmargin-top: 10px;\n\t\t\t\ttext-align: center;\n\t\t\t\twidth: 33%;\n\t\t\t}\n\t\t\t#gallery-1 img {\n\t\t\t\tborder: 2px solid #cfcfcf;\n\t\t\t}\n\t\t\t#gallery-1 .gallery-caption {\n\t\t\t\tmargin-left: 0;\n\t\t\t}\n\t\t\t\/* see gallery_shortcode() in wp-includes\/media.php *\/\n\t\t<\/style>\n\t\t<div data-carousel-extra='{\"blog_id\":1,\"permalink\":\"https:\\\/\\\/www.colorado.com.br\\\/nosdacolorado\\\/hoje-foi-dia-de-prevencao-na-usina-colorado\\\/\"}' id='gallery-1' class='gallery galleryid-973 gallery-columns-3 gallery-size-full'><dl class='gallery-item'>\n\t\t\t<dt class='gallery-icon landscape'>\n\t\t\t\t<a href='https:\/\/www.colorado.com.br\/nosdacolorado\/hoje-foi-dia-de-prevencao-na-usina-colorado\/dsc05758\/'><img loading=\"lazy\" decoding=\"async\" data-attachment-id=\"984\" data-orig-file=\"https:\/\/www.colorado.com.br\/nosdacolorado\/wp-content\/uploads\/2019\/10\/DSC05758.jpg\" data-orig-size=\"1108,736\" data-comments-opened=\"1\" data-image-meta=\"{&quot;aperture&quot;:&quot;0&quot;,&quot;credit&quot;:&quot;&quot;,&quot;camera&quot;:&quot;&quot;,&quot;caption&quot;:&quot;&quot;,&quot;created_timestamp&quot;:&quot;0&quot;,&quot;copyright&quot;:&quot;&quot;,&quot;focal_length&quot;:&quot;0&quot;,&quot;iso&quot;:&quot;0&quot;,&quot;shutter_speed&quot;:&quot;0&quot;,&quot;title&quot;:&quot;&quot;,&quot;orientation&quot;:&quot;0&quot;,&quot;keywords&quot;:&quot;Array&quot;}\" data-image-title=\"DSC05758\" data-image-description=\"\" data-medium-file=\"https:\/\/www.colorado.com.br\/nosdacolorado\/wp-content\/uploads\/2019\/10\/DSC05758-300x199.jpg\" data-large-file=\"https:\/\/www.colorado.com.br\/nosdacolorado\/wp-content\/uploads\/2019\/10\/DSC05758-1024x680.jpg\" width=\"1108\" height=\"736\" src=\"https:\/\/www.colorado.com.br\/nosdacolorado\/wp-content\/uploads\/2019\/10\/DSC05758.jpg\" class=\"attachment-full size-full\" alt=\"\" srcset=\"https:\/\/www.colorado.com.br\/nosdacolorado\/wp-content\/uploads\/2019\/10\/DSC05758.jpg 1108w, https:\/\/www.colorado.com.br\/nosdacolorado\/wp-content\/uploads\/2019\/10\/DSC05758-300x199.jpg 300w, https:\/\/www.colorado.com.br\/nosdacolorado\/wp-content\/uploads\/2019\/10\/DSC05758-768x510.jpg 768w, https:\/\/www.colorado.com.br\/nosdacolorado\/wp-content\/uploads\/2019\/10\/DSC05758-1024x680.jpg 1024w\" sizes=\"auto, (max-width: 1108px) 100vw, 1108px\" \/><\/a>\n\t\t\t<\/dt><\/dl><dl class='gallery-item'>\n\t\t\t<dt class='gallery-icon landscape'>\n\t\t\t\t<a href='https:\/\/www.colorado.com.br\/nosdacolorado\/hoje-foi-dia-de-prevencao-na-usina-colorado\/dsc05752\/'><img loading=\"lazy\" decoding=\"async\" data-attachment-id=\"983\" data-orig-file=\"https:\/\/www.colorado.com.br\/nosdacolorado\/wp-content\/uploads\/2019\/10\/DSC05752.jpg\" data-orig-size=\"1108,736\" data-comments-opened=\"1\" data-image-meta=\"{&quot;aperture&quot;:&quot;0&quot;,&quot;credit&quot;:&quot;&quot;,&quot;camera&quot;:&quot;&quot;,&quot;caption&quot;:&quot;&quot;,&quot;created_timestamp&quot;:&quot;0&quot;,&quot;copyright&quot;:&quot;&quot;,&quot;focal_length&quot;:&quot;0&quot;,&quot;iso&quot;:&quot;0&quot;,&quot;shutter_speed&quot;:&quot;0&quot;,&quot;title&quot;:&quot;&quot;,&quot;orientation&quot;:&quot;0&quot;,&quot;keywords&quot;:&quot;Array&quot;}\" data-image-title=\"DSC05752\" data-image-description=\"\" data-medium-file=\"https:\/\/www.colorado.com.br\/nosdacolorado\/wp-content\/uploads\/2019\/10\/DSC05752-300x199.jpg\" data-large-file=\"https:\/\/www.colorado.com.br\/nosdacolorado\/wp-content\/uploads\/2019\/10\/DSC05752-1024x680.jpg\" width=\"1108\" height=\"736\" src=\"https:\/\/www.colorado.com.br\/nosdacolorado\/wp-content\/uploads\/2019\/10\/DSC05752.jpg\" class=\"attachment-full size-full\" alt=\"\" srcset=\"https:\/\/www.colorado.com.br\/nosdacolorado\/wp-content\/uploads\/2019\/10\/DSC05752.jpg 1108w, https:\/\/www.colorado.com.br\/nosdacolorado\/wp-content\/uploads\/2019\/10\/DSC05752-300x199.jpg 300w, https:\/\/www.colorado.com.br\/nosdacolorado\/wp-content\/uploads\/2019\/10\/DSC05752-768x510.jpg 768w, https:\/\/www.colorado.com.br\/nosdacolorado\/wp-content\/uploads\/2019\/10\/DSC05752-1024x680.jpg 1024w\" sizes=\"auto, (max-width: 1108px) 100vw, 1108px\" \/><\/a>\n\t\t\t<\/dt><\/dl><dl class='gallery-item'>\n\t\t\t<dt class='gallery-icon landscape'>\n\t\t\t\t<a href='https:\/\/www.colorado.com.br\/nosdacolorado\/hoje-foi-dia-de-prevencao-na-usina-colorado\/dsc05743\/'><img loading=\"lazy\" decoding=\"async\" data-attachment-id=\"981\" data-orig-file=\"https:\/\/www.colorado.com.br\/nosdacolorado\/wp-content\/uploads\/2019\/10\/DSC05743.jpg\" data-orig-size=\"1108,736\" data-comments-opened=\"1\" data-image-meta=\"{&quot;aperture&quot;:&quot;0&quot;,&quot;credit&quot;:&quot;&quot;,&quot;camera&quot;:&quot;&quot;,&quot;caption&quot;:&quot;&quot;,&quot;created_timestamp&quot;:&quot;0&quot;,&quot;copyright&quot;:&quot;&quot;,&quot;focal_length&quot;:&quot;0&quot;,&quot;iso&quot;:&quot;0&quot;,&quot;shutter_speed&quot;:&quot;0&quot;,&quot;title&quot;:&quot;&quot;,&quot;orientation&quot;:&quot;0&quot;,&quot;keywords&quot;:&quot;Array&quot;}\" data-image-title=\"DSC05743\" data-image-description=\"\" data-medium-file=\"https:\/\/www.colorado.com.br\/nosdacolorado\/wp-content\/uploads\/2019\/10\/DSC05743-300x199.jpg\" data-large-file=\"https:\/\/www.colorado.com.br\/nosdacolorado\/wp-content\/uploads\/2019\/10\/DSC05743-1024x680.jpg\" width=\"1108\" height=\"736\" src=\"https:\/\/www.colorado.com.br\/nosdacolorado\/wp-content\/uploads\/2019\/10\/DSC05743.jpg\" class=\"attachment-full size-full\" alt=\"\" srcset=\"https:\/\/www.colorado.com.br\/nosdacolorado\/wp-content\/uploads\/2019\/10\/DSC05743.jpg 1108w, https:\/\/www.colorado.com.br\/nosdacolorado\/wp-content\/uploads\/2019\/10\/DSC05743-300x199.jpg 300w, https:\/\/www.colorado.com.br\/nosdacolorado\/wp-content\/uploads\/2019\/10\/DSC05743-768x510.jpg 768w, https:\/\/www.colorado.com.br\/nosdacolorado\/wp-content\/uploads\/2019\/10\/DSC05743-1024x680.jpg 1024w\" sizes=\"auto, (max-width: 1108px) 100vw, 1108px\" \/><\/a>\n\t\t\t<\/dt><\/dl><br style=\"clear: both\" \/><dl class='gallery-item'>\n\t\t\t<dt class='gallery-icon landscape'>\n\t\t\t\t<a href='https:\/\/www.colorado.com.br\/nosdacolorado\/hoje-foi-dia-de-prevencao-na-usina-colorado\/dsc05742\/'><img loading=\"lazy\" decoding=\"async\" data-attachment-id=\"980\" data-orig-file=\"https:\/\/www.colorado.com.br\/nosdacolorado\/wp-content\/uploads\/2019\/10\/DSC05742.jpg\" data-orig-size=\"1108,736\" data-comments-opened=\"1\" data-image-meta=\"{&quot;aperture&quot;:&quot;0&quot;,&quot;credit&quot;:&quot;&quot;,&quot;camera&quot;:&quot;&quot;,&quot;caption&quot;:&quot;&quot;,&quot;created_timestamp&quot;:&quot;0&quot;,&quot;copyright&quot;:&quot;&quot;,&quot;focal_length&quot;:&quot;0&quot;,&quot;iso&quot;:&quot;0&quot;,&quot;shutter_speed&quot;:&quot;0&quot;,&quot;title&quot;:&quot;&quot;,&quot;orientation&quot;:&quot;0&quot;,&quot;keywords&quot;:&quot;Array&quot;}\" data-image-title=\"DSC05742\" data-image-description=\"\" data-medium-file=\"https:\/\/www.colorado.com.br\/nosdacolorado\/wp-content\/uploads\/2019\/10\/DSC05742-300x199.jpg\" data-large-file=\"https:\/\/www.colorado.com.br\/nosdacolorado\/wp-content\/uploads\/2019\/10\/DSC05742-1024x680.jpg\" width=\"1108\" height=\"736\" src=\"https:\/\/www.colorado.com.br\/nosdacolorado\/wp-content\/uploads\/2019\/10\/DSC05742.jpg\" class=\"attachment-full size-full\" alt=\"\" srcset=\"https:\/\/www.colorado.com.br\/nosdacolorado\/wp-content\/uploads\/2019\/10\/DSC05742.jpg 1108w, https:\/\/www.colorado.com.br\/nosdacolorado\/wp-content\/uploads\/2019\/10\/DSC05742-300x199.jpg 300w, https:\/\/www.colorado.com.br\/nosdacolorado\/wp-content\/uploads\/2019\/10\/DSC05742-768x510.jpg 768w, https:\/\/www.colorado.com.br\/nosdacolorado\/wp-content\/uploads\/2019\/10\/DSC05742-1024x680.jpg 1024w\" sizes=\"auto, (max-width: 1108px) 100vw, 1108px\" \/><\/a>\n\t\t\t<\/dt><\/dl><dl class='gallery-item'>\n\t\t\t<dt class='gallery-icon landscape'>\n\t\t\t\t<a href='https:\/\/www.colorado.com.br\/nosdacolorado\/hoje-foi-dia-de-prevencao-na-usina-colorado\/dsc05719\/'><img loading=\"lazy\" decoding=\"async\" data-attachment-id=\"976\" data-orig-file=\"https:\/\/www.colorado.com.br\/nosdacolorado\/wp-content\/uploads\/2019\/10\/DSC05719.jpg\" data-orig-size=\"1108,736\" data-comments-opened=\"1\" data-image-meta=\"{&quot;aperture&quot;:&quot;0&quot;,&quot;credit&quot;:&quot;&quot;,&quot;camera&quot;:&quot;&quot;,&quot;caption&quot;:&quot;&quot;,&quot;created_timestamp&quot;:&quot;0&quot;,&quot;copyright&quot;:&quot;&quot;,&quot;focal_length&quot;:&quot;0&quot;,&quot;iso&quot;:&quot;0&quot;,&quot;shutter_speed&quot;:&quot;0&quot;,&quot;title&quot;:&quot;&quot;,&quot;orientation&quot;:&quot;0&quot;,&quot;keywords&quot;:&quot;Array&quot;}\" data-image-title=\"DSC05719\" data-image-description=\"\" data-medium-file=\"https:\/\/www.colorado.com.br\/nosdacolorado\/wp-content\/uploads\/2019\/10\/DSC05719-300x199.jpg\" data-large-file=\"https:\/\/www.colorado.com.br\/nosdacolorado\/wp-content\/uploads\/2019\/10\/DSC05719-1024x680.jpg\" width=\"1108\" height=\"736\" src=\"https:\/\/www.colorado.com.br\/nosdacolorado\/wp-content\/uploads\/2019\/10\/DSC05719.jpg\" class=\"attachment-full size-full\" alt=\"\" srcset=\"https:\/\/www.colorado.com.br\/nosdacolorado\/wp-content\/uploads\/2019\/10\/DSC05719.jpg 1108w, https:\/\/www.colorado.com.br\/nosdacolorado\/wp-content\/uploads\/2019\/10\/DSC05719-300x199.jpg 300w, https:\/\/www.colorado.com.br\/nosdacolorado\/wp-content\/uploads\/2019\/10\/DSC05719-768x510.jpg 768w, https:\/\/www.colorado.com.br\/nosdacolorado\/wp-content\/uploads\/2019\/10\/DSC05719-1024x680.jpg 1024w\" sizes=\"auto, (max-width: 1108px) 100vw, 1108px\" \/><\/a>\n\t\t\t<\/dt><\/dl><dl class='gallery-item'>\n\t\t\t<dt class='gallery-icon landscape'>\n\t\t\t\t<a href='https:\/\/www.colorado.com.br\/nosdacolorado\/hoje-foi-dia-de-prevencao-na-usina-colorado\/dsc05713\/'><img loading=\"lazy\" decoding=\"async\" data-attachment-id=\"974\" data-orig-file=\"https:\/\/www.colorado.com.br\/nosdacolorado\/wp-content\/uploads\/2019\/10\/DSC05713.jpg\" data-orig-size=\"1108,736\" data-comments-opened=\"1\" data-image-meta=\"{&quot;aperture&quot;:&quot;0&quot;,&quot;credit&quot;:&quot;&quot;,&quot;camera&quot;:&quot;&quot;,&quot;caption&quot;:&quot;&quot;,&quot;created_timestamp&quot;:&quot;0&quot;,&quot;copyright&quot;:&quot;&quot;,&quot;focal_length&quot;:&quot;0&quot;,&quot;iso&quot;:&quot;0&quot;,&quot;shutter_speed&quot;:&quot;0&quot;,&quot;title&quot;:&quot;&quot;,&quot;orientation&quot;:&quot;0&quot;,&quot;keywords&quot;:&quot;Array&quot;}\" data-image-title=\"DSC05713\" data-image-description=\"\" data-medium-file=\"https:\/\/www.colorado.com.br\/nosdacolorado\/wp-content\/uploads\/2019\/10\/DSC05713-300x199.jpg\" data-large-file=\"https:\/\/www.colorado.com.br\/nosdacolorado\/wp-content\/uploads\/2019\/10\/DSC05713-1024x680.jpg\" width=\"1108\" height=\"736\" src=\"https:\/\/www.colorado.com.br\/nosdacolorado\/wp-content\/uploads\/2019\/10\/DSC05713.jpg\" class=\"attachment-full size-full\" alt=\"\" srcset=\"https:\/\/www.colorado.com.br\/nosdacolorado\/wp-content\/uploads\/2019\/10\/DSC05713.jpg 1108w, https:\/\/www.colorado.com.br\/nosdacolorado\/wp-content\/uploads\/2019\/10\/DSC05713-300x199.jpg 300w, https:\/\/www.colorado.com.br\/nosdacolorado\/wp-content\/uploads\/2019\/10\/DSC05713-768x510.jpg 768w, https:\/\/www.colorado.com.br\/nosdacolorado\/wp-content\/uploads\/2019\/10\/DSC05713-1024x680.jpg 1024w\" sizes=\"auto, (max-width: 1108px) 100vw, 1108px\" \/><\/a>\n\t\t\t<\/dt><\/dl><br style=\"clear: both\" \/><dl class='gallery-item'>\n\t\t\t<dt class='gallery-icon landscape'>\n\t\t\t\t<a href='https:\/\/www.colorado.com.br\/nosdacolorado\/hoje-foi-dia-de-prevencao-na-usina-colorado\/dsc05739\/'><img loading=\"lazy\" decoding=\"async\" data-attachment-id=\"979\" data-orig-file=\"https:\/\/www.colorado.com.br\/nosdacolorado\/wp-content\/uploads\/2019\/10\/DSC05739.jpg\" data-orig-size=\"1108,736\" data-comments-opened=\"1\" data-image-meta=\"{&quot;aperture&quot;:&quot;0&quot;,&quot;credit&quot;:&quot;&quot;,&quot;camera&quot;:&quot;&quot;,&quot;caption&quot;:&quot;&quot;,&quot;created_timestamp&quot;:&quot;0&quot;,&quot;copyright&quot;:&quot;&quot;,&quot;focal_length&quot;:&quot;0&quot;,&quot;iso&quot;:&quot;0&quot;,&quot;shutter_speed&quot;:&quot;0&quot;,&quot;title&quot;:&quot;&quot;,&quot;orientation&quot;:&quot;0&quot;,&quot;keywords&quot;:&quot;Array&quot;}\" data-image-title=\"DSC05739\" data-image-description=\"\" data-medium-file=\"https:\/\/www.colorado.com.br\/nosdacolorado\/wp-content\/uploads\/2019\/10\/DSC05739-300x199.jpg\" data-large-file=\"https:\/\/www.colorado.com.br\/nosdacolorado\/wp-content\/uploads\/2019\/10\/DSC05739-1024x680.jpg\" width=\"1108\" height=\"736\" src=\"https:\/\/www.colorado.com.br\/nosdacolorado\/wp-content\/uploads\/2019\/10\/DSC05739.jpg\" class=\"attachment-full size-full\" alt=\"\" srcset=\"https:\/\/www.colorado.com.br\/nosdacolorado\/wp-content\/uploads\/2019\/10\/DSC05739.jpg 1108w, https:\/\/www.colorado.com.br\/nosdacolorado\/wp-content\/uploads\/2019\/10\/DSC05739-300x199.jpg 300w, https:\/\/www.colorado.com.br\/nosdacolorado\/wp-content\/uploads\/2019\/10\/DSC05739-768x510.jpg 768w, https:\/\/www.colorado.com.br\/nosdacolorado\/wp-content\/uploads\/2019\/10\/DSC05739-1024x680.jpg 1024w\" sizes=\"auto, (max-width: 1108px) 100vw, 1108px\" \/><\/a>\n\t\t\t<\/dt><\/dl><dl class='gallery-item'>\n\t\t\t<dt class='gallery-icon landscape'>\n\t\t\t\t<a href='https:\/\/www.colorado.com.br\/nosdacolorado\/hoje-foi-dia-de-prevencao-na-usina-colorado\/dsc05736\/'><img loading=\"lazy\" decoding=\"async\" data-attachment-id=\"978\" data-orig-file=\"https:\/\/www.colorado.com.br\/nosdacolorado\/wp-content\/uploads\/2019\/10\/DSC05736.jpg\" data-orig-size=\"1108,736\" data-comments-opened=\"1\" data-image-meta=\"{&quot;aperture&quot;:&quot;0&quot;,&quot;credit&quot;:&quot;&quot;,&quot;camera&quot;:&quot;&quot;,&quot;caption&quot;:&quot;&quot;,&quot;created_timestamp&quot;:&quot;0&quot;,&quot;copyright&quot;:&quot;&quot;,&quot;focal_length&quot;:&quot;0&quot;,&quot;iso&quot;:&quot;0&quot;,&quot;shutter_speed&quot;:&quot;0&quot;,&quot;title&quot;:&quot;&quot;,&quot;orientation&quot;:&quot;0&quot;,&quot;keywords&quot;:&quot;Array&quot;}\" data-image-title=\"DSC05736\" data-image-description=\"\" data-medium-file=\"https:\/\/www.colorado.com.br\/nosdacolorado\/wp-content\/uploads\/2019\/10\/DSC05736-300x199.jpg\" data-large-file=\"https:\/\/www.colorado.com.br\/nosdacolorado\/wp-content\/uploads\/2019\/10\/DSC05736-1024x680.jpg\" width=\"1108\" height=\"736\" src=\"https:\/\/www.colorado.com.br\/nosdacolorado\/wp-content\/uploads\/2019\/10\/DSC05736.jpg\" class=\"attachment-full size-full\" alt=\"\" srcset=\"https:\/\/www.colorado.com.br\/nosdacolorado\/wp-content\/uploads\/2019\/10\/DSC05736.jpg 1108w, https:\/\/www.colorado.com.br\/nosdacolorado\/wp-content\/uploads\/2019\/10\/DSC05736-300x199.jpg 300w, https:\/\/www.colorado.com.br\/nosdacolorado\/wp-content\/uploads\/2019\/10\/DSC05736-768x510.jpg 768w, https:\/\/www.colorado.com.br\/nosdacolorado\/wp-content\/uploads\/2019\/10\/DSC05736-1024x680.jpg 1024w\" sizes=\"auto, (max-width: 1108px) 100vw, 1108px\" \/><\/a>\n\t\t\t<\/dt><\/dl><dl class='gallery-item'>\n\t\t\t<dt class='gallery-icon landscape'>\n\t\t\t\t<a href='https:\/\/www.colorado.com.br\/nosdacolorado\/hoje-foi-dia-de-prevencao-na-usina-colorado\/dsc05720\/'><img loading=\"lazy\" decoding=\"async\" data-attachment-id=\"977\" data-orig-file=\"https:\/\/www.colorado.com.br\/nosdacolorado\/wp-content\/uploads\/2019\/10\/DSC05720.jpg\" data-orig-size=\"1108,736\" data-comments-opened=\"1\" data-image-meta=\"{&quot;aperture&quot;:&quot;0&quot;,&quot;credit&quot;:&quot;&quot;,&quot;camera&quot;:&quot;&quot;,&quot;caption&quot;:&quot;&quot;,&quot;created_timestamp&quot;:&quot;0&quot;,&quot;copyright&quot;:&quot;&quot;,&quot;focal_length&quot;:&quot;0&quot;,&quot;iso&quot;:&quot;0&quot;,&quot;shutter_speed&quot;:&quot;0&quot;,&quot;title&quot;:&quot;&quot;,&quot;orientation&quot;:&quot;0&quot;,&quot;keywords&quot;:&quot;Array&quot;}\" data-image-title=\"DSC05720\" data-image-description=\"\" data-medium-file=\"https:\/\/www.colorado.com.br\/nosdacolorado\/wp-content\/uploads\/2019\/10\/DSC05720-300x199.jpg\" data-large-file=\"https:\/\/www.colorado.com.br\/nosdacolorado\/wp-content\/uploads\/2019\/10\/DSC05720-1024x680.jpg\" width=\"1108\" height=\"736\" src=\"https:\/\/www.colorado.com.br\/nosdacolorado\/wp-content\/uploads\/2019\/10\/DSC05720.jpg\" class=\"attachment-full size-full\" alt=\"\" srcset=\"https:\/\/www.colorado.com.br\/nosdacolorado\/wp-content\/uploads\/2019\/10\/DSC05720.jpg 1108w, https:\/\/www.colorado.com.br\/nosdacolorado\/wp-content\/uploads\/2019\/10\/DSC05720-300x199.jpg 300w, https:\/\/www.colorado.com.br\/nosdacolorado\/wp-content\/uploads\/2019\/10\/DSC05720-768x510.jpg 768w, https:\/\/www.colorado.com.br\/nosdacolorado\/wp-content\/uploads\/2019\/10\/DSC05720-1024x680.jpg 1024w\" sizes=\"auto, (max-width: 1108px) 100vw, 1108px\" \/><\/a>\n\t\t\t<\/dt><\/dl><br style=\"clear: both\" \/><dl class='gallery-item'>\n\t\t\t<dt class='gallery-icon landscape'>\n\t\t\t\t<a href='https:\/\/www.colorado.com.br\/nosdacolorado\/hoje-foi-dia-de-prevencao-na-usina-colorado\/dsc05716\/'><img loading=\"lazy\" decoding=\"async\" data-attachment-id=\"975\" data-orig-file=\"https:\/\/www.colorado.com.br\/nosdacolorado\/wp-content\/uploads\/2019\/10\/DSC05716.jpg\" data-orig-size=\"1108,736\" data-comments-opened=\"1\" data-image-meta=\"{&quot;aperture&quot;:&quot;0&quot;,&quot;credit&quot;:&quot;&quot;,&quot;camera&quot;:&quot;&quot;,&quot;caption&quot;:&quot;&quot;,&quot;created_timestamp&quot;:&quot;0&quot;,&quot;copyright&quot;:&quot;&quot;,&quot;focal_length&quot;:&quot;0&quot;,&quot;iso&quot;:&quot;0&quot;,&quot;shutter_speed&quot;:&quot;0&quot;,&quot;title&quot;:&quot;&quot;,&quot;orientation&quot;:&quot;0&quot;,&quot;keywords&quot;:&quot;Array&quot;}\" data-image-title=\"DSC05716\" data-image-description=\"\" data-medium-file=\"https:\/\/www.colorado.com.br\/nosdacolorado\/wp-content\/uploads\/2019\/10\/DSC05716-300x199.jpg\" data-large-file=\"https:\/\/www.colorado.com.br\/nosdacolorado\/wp-content\/uploads\/2019\/10\/DSC05716-1024x680.jpg\" width=\"1108\" height=\"736\" src=\"https:\/\/www.colorado.com.br\/nosdacolorado\/wp-content\/uploads\/2019\/10\/DSC05716.jpg\" class=\"attachment-full size-full\" alt=\"\" srcset=\"https:\/\/www.colorado.com.br\/nosdacolorado\/wp-content\/uploads\/2019\/10\/DSC05716.jpg 1108w, https:\/\/www.colorado.com.br\/nosdacolorado\/wp-content\/uploads\/2019\/10\/DSC05716-300x199.jpg 300w, https:\/\/www.colorado.com.br\/nosdacolorado\/wp-content\/uploads\/2019\/10\/DSC05716-768x510.jpg 768w, https:\/\/www.colorado.com.br\/nosdacolorado\/wp-content\/uploads\/2019\/10\/DSC05716-1024x680.jpg 1024w\" sizes=\"auto, (max-width: 1108px) 100vw, 1108px\" \/><\/a>\n\t\t\t<\/dt><\/dl>\n\t\t\t<br style='clear: both' \/>\n\t\t<\/div>\n\n<\/div>\n<\/div>\n<\/div>\n<\/div>\n<\/div>\n","protected":false},"excerpt":{"rendered":"<p>A parceria entre Usina Colorado e Hospital de Amor de Barretos possibilitou aos colaboradores a realiza\u00e7\u00e3o de exames gratuitos de preven\u00e7\u00e3o ao c\u00e2ncer. Estiveram na empresa duas unidades m\u00f3veis, a&#8230;<\/p>\n","protected":false},"author":2,"featured_media":984,"comment_status":"open","ping_status":"open","sticky":false,"template":"","format":"standard","meta":{"footnotes":""},"categories":[11,9],"tags":[],"class_list":{"0":"post-973","1":"post","2":"type-post","3":"status-publish","4":"format-standard","5":"has-post-thumbnail","7":"category-acontece-na-colorado","8":"category-saude-e-seguranca"},"_links":{"self":[{"href":"https:\/\/www.colorado.com.br\/nosdacolorado\/wp-json\/wp\/v2\/posts\/973","targetHints":{"allow":["GET"]}}],"collection":[{"href":"https:\/\/www.colorado.com.br\/nosdacolorado\/wp-json\/wp\/v2\/posts"}],"about":[{"href":"https:\/\/www.colorado.com.br\/nosdacolorado\/wp-json\/wp\/v2\/types\/post"}],"author":[{"embeddable":true,"href":"https:\/\/www.colorado.com.br\/nosdacolorado\/wp-json\/wp\/v2\/users\/2"}],"replies":[{"embeddable":true,"href":"https:\/\/www.colorado.com.br\/nosdacolorado\/wp-json\/wp\/v2\/comments?post=973"}],"version-history":[{"count":3,"href":"https:\/\/www.colorado.com.br\/nosdacolorado\/wp-json\/wp\/v2\/posts\/973\/revisions"}],"predecessor-version":[{"id":988,"href":"https:\/\/www.colorado.com.br\/nosdacolorado\/wp-json\/wp\/v2\/posts\/973\/revisions\/988"}],"wp:featuredmedia":[{"embeddable":true,"href":"https:\/\/www.colorado.com.br\/nosdacolorado\/wp-json\/wp\/v2\/media\/984"}],"wp:attachment":[{"href":"https:\/\/www.colorado.com.br\/nosdacolorado\/wp-json\/wp\/v2\/media?parent=973"}],"wp:term":[{"taxonomy":"category","embeddable":true,"href":"https:\/\/www.colorado.com.br\/nosdacolorado\/wp-json\/wp\/v2\/categories?post=973"},{"taxonomy":"post_tag","embeddable":true,"href":"https:\/\/www.colorado.com.br\/nosdacolorado\/wp-json\/wp\/v2\/tags?post=973"}],"curies":[{"name":"wp","href":"https:\/\/api.w.org\/{rel}","templated":true}]}}